{"id":118270,"date":"2025-05-12T17:34:21","date_gmt":"2025-05-12T17:34:21","guid":{"rendered":"https:\/\/tvbrazilusa.com\/2025\/05\/12\/os-cortes-propostos-do-medicaid-podem-significar-demissoes-perda-economica-na-fl-diz-o-relatorio\/"},"modified":"2025-05-12T18:15:04","modified_gmt":"2025-05-12T18:15:04","slug":"os-cortes-propostos-do-medicaid-podem-significar-demissoes-perda-economica-na-fl-diz-o-relatorio","status":"publish","type":"post","link":"https:\/\/tvbrazilusa.com\/pt\/2025\/05\/12\/os-cortes-propostos-do-medicaid-podem-significar-demissoes-perda-economica-na-fl-diz-o-relatorio\/","title":{"rendered":"Os cortes propostos do Medicaid podem significar demiss\u00f5es, perda econ\u00f4mica na FL, diz o relat\u00f3rio"},"content":{"rendered":"<p> <script async src=\"https:\/\/pagead2.googlesyndication.com\/pagead\/js\/adsbygoogle.js?client=ca-pub-8864793242727901\"\r\n     crossorigin=\"anonymous\"><\/script><br \/>\n<\/p>\n<div>\n<p>FLORIDA-Os republicanos da C\u00e2mara revelaram a pe\u00e7a central de economia de custos da &#8220;grande e bonita conta&#8221; do presidente Donald Trump, que poderia ter um grande efeito na Florida&#8217;s <a href=\"https:\/\/ahca.myflorida.com\/medicaid\/medicaid-finance-and-analytics\/medicaid-data-analytics\/medicaid-eligibles-reports\" target=\"_blank\" rel=\"nofollow\">Mais de 5 milh\u00f5es de mensais<\/a> Destinat\u00e1rios do Medicaid.<\/p>\n<\/div>\n<div>\n<p>A legisla\u00e7\u00e3o revelada no domingo exige pelo menos US $ 880 bilh\u00f5es em cortes &#8211; em grande parte ao Medicaid para ajudar a cobrir o custo de US $ 4,5 trilh\u00f5es em incentivos fiscais. A proposta est\u00e1 abordando a maior luta pol\u00edtica pelos cuidados de sa\u00fade desde que os republicanos tentaram, mas n\u00e3o conseguiram revogar e substituir a Lei de Assist\u00eancia Acess\u00edvel durante o primeiro mandato de Trump em 2017.<\/p>\n<p>Na Fl\u00f3rida, isso pode resultar em 33.000 demiss\u00f5es e uma perda econ\u00f4mica de US $ 3 bilh\u00f5es para o produto interno bruto do estado, <a href=\"https:\/\/www.wusf.org\/health-news-florida\/2025-04-08\/medicaid-cuts-could-put-3-billion-hole-florida-economy-study\" target=\"_blank\" rel=\"nofollow\">Wusf relatou recentemente<\/a>. <\/p>\n<\/div>\n<div>\n<p>O ponto central da economia s\u00e3o as mudan\u00e7as no Medicaid, que fornecem servi\u00e7os de sa\u00fade quase gratuitos para mais de 70 milh\u00f5es de americanos, e a Lei de Assist\u00eancia Acess\u00edvel, que se expandiu nos 15 anos desde que foi aprovada pela primeira vez.<\/p>\n<p>Os republicanos insistem que novos requisitos de trabalho e elegibilidade s\u00e3o necess\u00e1rios para erradicar \u201cdesperd\u00edcio, fraude e abuso\u201d, mas os democratas alertam que milh\u00f5es de americanos perder\u00e3o sua cobertura de assist\u00eancia m\u00e9dica. O Escrit\u00f3rio de Or\u00e7amento do Congresso apartid\u00e1rio disse em uma estimativa preliminar que 8,6 milh\u00f5es de pessoas perderiam sua cobertura de assist\u00eancia m\u00e9dica em uma d\u00e9cada.<\/p>\n<\/div>\n<div>\n<p>Os republicanos est\u00e3o planejando audi\u00eancias 24 horas por dia em v\u00e1rias se\u00e7\u00f5es para cumprir o prazo do Memorial Day do Presidente Mike Johnson para aprovar a conta.<\/p>\n<p>&#8220;As economias como essas nos permitem usar esse projeto de lei para renovar os cortes de impostos de Trump e manter a promessa dos republicanos de fam\u00edlias de classe m\u00e9dia trabalhadora&#8221;, disse o deputado Brett Guthrie, da Kentucky, presidente do Partido Republicano do Comit\u00ea de Energia e Com\u00e9rcio, que lida com gastos com assist\u00eancia m\u00e9dica.<\/p>\n<\/div>\n<div>\n<p>Os democratas disseram que os cortes s\u00e3o &#8220;vergonhosos&#8221; e chegam essencialmente a outra tentativa de revogar o Obamacare.<\/p>\n<p>&#8220;Em termos inequ\u00edvocos, milh\u00f5es de americanos perder\u00e3o sua cobertura de sa\u00fade&#8221;, disse o deputado Frank Pallone, de Nova Jersey, o principal democrata do painel. &#8220;Os hospitais fechar\u00e3o, os idosos n\u00e3o poder\u00e3o acessar os cuidados de que precisam, e os pr\u00eamios aumentar\u00e3o para milh\u00f5es de pessoas se esse projeto for aprovado.&#8221;<\/p>\n<\/div>\n<div>\n<p>&#8220;Os idosos da FL do Central est\u00e3o furiosos &#8211; e assustados &#8211; enquanto o administrador de Trump amea\u00e7a seus cuidados com VA, Seguro Social e Medicare&#8221;, o congressista Maxwell Frost, democrata que representa o 10\u00ba Distrito do Congresso da Fl\u00f3rida, <a href=\"https:\/\/x.com\/RepMaxwellFrost\" target=\"_blank\" rel=\"nofollow\">Postado em x<\/a>anteriormente Twitter, na sexta -feira. <\/p>\n<p>Ele disse que prometeu durante uma prefeitura realizado naquele dia que &#8220;lutar\u00e1 como o inferno para proteger todos os benef\u00edcios que ganharam. Eles merecem melhor&#8221;.<\/p>\n<p>Rep. Vern Buchanan, um republicano que representa o 16\u00ba Distrito Congressional da Fl\u00f3rida, <a href=\"https:\/\/x.com\/VernBuchanan\" target=\"_blank\" rel=\"nofollow\">Postado em x<\/a> No domingo, ele se encontrou recentemente com l\u00edderes locais de sa\u00fade sobre o assunto. <\/p>\n<p>&#8220;Foi \u00f3timo se encontrar recentemente com Andy Guz, do Manatee Memorial Hospital e Kevin Dilallo, da Universal Health Services, para discutir a import\u00e2ncia de proteger o Medicaid&#8221;, postou Buchanan. &#8220;Todo d\u00f3lar desperdi\u00e7ado \u00e9 um d\u00f3lar n\u00e3o gasto ajudando uma crian\u00e7a, um s\u00eanior ou uma fam\u00edlia necessitada.&#8221;<\/p>\n<p>De acordo com <a href=\"https:\/\/www.kff.org\/medicaid\/issue-brief\/10-things-to-know-about-medicaid\/\" target=\"_blank\" rel=\"nofollow\">dados<\/a> De KFF, Medicaid e Chip (Programa de Seguro de Sa\u00fade Infantil), dos destinat\u00e1rios do Medicaid em todo o pa\u00eds:<\/p>\n<\/div>\n<div>\n<ul>\n<li>82 % s\u00e3o crian\u00e7as que vivem abaixo do n\u00edvel de pobreza; <\/li>\n<li>62 % s\u00e3o pessoas que vivem em casas de repouso; <\/li>\n<li>41 % s\u00e3o mulheres gr\u00e1vidas dando \u00e0 luz; <\/li>\n<li>39 % s\u00e3o crian\u00e7as; <\/li>\n<li>31 % s\u00e3o adultos n\u00e3o idosos com defici\u00eancia; <\/li>\n<li>19 % s\u00e3o os destinat\u00e1rios do Medicare. <\/li>\n<\/ul>\n<p>A pol\u00edtica \u00e0 frente \u00e9 incerta. Mais de uma d\u00fazia de republicanos da Casa disseram aos l\u00edderes de Johnson e Partido Republicano que eles n\u00e3o apoiar\u00e3o cortes nos programas da rede de seguran\u00e7a de sa\u00fade dos quais os moradores de volta para casa dependem. O pr\u00f3prio Trump se esquivou de uma repeti\u00e7\u00e3o de seu primeiro mandato, prometendo que n\u00e3o haver\u00e1 cortes no Medicaid.<\/p>\n<p>Medicaid \u00e9 um programa de rede de seguran\u00e7a valioso, de acordo com um recente <a href=\"https:\/\/www.kff.org\/health-costs\/poll-finding\/kff-health-tracking-poll-public-weighs-health-care-spending-and-other-priorities-for-incoming-administration\/\" target=\"_blank\" rel=\"nofollow\">Poll KFF<\/a> Isso mostrou 77 % dos americanos e 84 % dos destinat\u00e1rios do Medicaid o veem favoravelmente. Quase metade (46 %) e dois ter\u00e7os dos inscritos no Medicaid acreditam que o governo federal n\u00e3o gasta o suficiente no programa, de acordo com a pesquisa.<\/p>\n<p>Para ser eleg\u00edvel para o Medicaid, haveria novos &#8220;requisitos de envolvimento da comunidade&#8221; de pelo menos 80 horas por m\u00eas de trabalho, educa\u00e7\u00e3o ou servi\u00e7o para adultos saud\u00e1veis \u200b\u200bsem dependentes. As pessoas tamb\u00e9m teriam que verificar sua elegibilidade para estar no programa duas vezes por ano, e n\u00e3o apenas uma vez.<\/p>\n<p>\u00c9 prov\u00e1vel que isso leve a mais rotatividade no programa e a apresentar obst\u00e1culos para as pessoas permanecerem cobertas, especialmente se precisarem levar muito a um escrit\u00f3rio de benef\u00edcios locais para verificar sua renda pessoalmente. Mas os republicanos dizem que garantir\u00e1 que o programa seja administrado \u00e0queles que se qualificam para ele.<\/p>\n<p>Muitos estados expandiram suas listas do Medicaid gra\u00e7as aos incentivos federais, mas a legisla\u00e7\u00e3o reduzia um impulso de 5 % que foi implementado durante a pandemia Covid-19. O financiamento federal para os estados para imigrantes que n\u00e3o demonstraram prova de cidadania seriam proibidos.<\/p>\n<\/div>\n<div>\n<p>Haveria um congelamento no chamado imposto de provedor que alguns estados usam para ajudar a pagar por grandes partes de seus programas do Medicaid. O imposto extra geralmente leva a pagamentos mais altos do governo federal, que os cr\u00edticos dizem ser uma brecha que cria abusos no sistema.<\/p>\n<p><em>A Associated Press contribuiu com relat\u00f3rios.<\/em><\/p>\n<\/div>\n<p><br \/>\n<br \/><a href=\"http:\/\/patch.com\/florida\/southtampa\/cuts-changes-medicaid-proposed-new-bill-what-know-fl?utm_source=article-mostrecent&#038;utm_medium=rss&#038;utm_term=politics%20%26%20government&#038;utm_campaign=recirc&#038;utm_content=aol\">Source link <\/a><\/p>","protected":false},"excerpt":{"rendered":"<p>FLORIDA-Os republicanos da C\u00e2mara revelaram a pe\u00e7a central de economia de custos da &#8220;grande e bonita conta&#8221; do presidente Donald Trump, que poderia ter um grande efeito na Florida&#8217;s Mais&hellip;<\/p>","protected":false},"author":1,"featured_media":118271,"comment_status":"closed","ping_status":"open","sticky":false,"template":"","format":"standard","meta":{"content-type":"","footnotes":""},"categories":[1],"tags":[],"class_list":["post-118270","post","type-post","status-publish","format-standard","has-post-thumbnail","hentry","category-uncategorized"],"_links":{"self":[{"href":"https:\/\/tvbrazilusa.com\/pt\/wp-json\/wp\/v2\/posts\/118270","targetHints":{"allow":["GET"]}}],"collection":[{"href":"https:\/\/tvbrazilusa.com\/pt\/wp-json\/wp\/v2\/posts"}],"about":[{"href":"https:\/\/tvbrazilusa.com\/pt\/wp-json\/wp\/v2\/types\/post"}],"author":[{"embeddable":true,"href":"https:\/\/tvbrazilusa.com\/pt\/wp-json\/wp\/v2\/users\/1"}],"replies":[{"embeddable":true,"href":"https:\/\/tvbrazilusa.com\/pt\/wp-json\/wp\/v2\/comments?post=118270"}],"version-history":[{"count":1,"href":"https:\/\/tvbrazilusa.com\/pt\/wp-json\/wp\/v2\/posts\/118270\/revisions"}],"predecessor-version":[{"id":118272,"href":"https:\/\/tvbrazilusa.com\/pt\/wp-json\/wp\/v2\/posts\/118270\/revisions\/118272"}],"wp:featuredmedia":[{"embeddable":true,"href":"https:\/\/tvbrazilusa.com\/pt\/wp-json\/wp\/v2\/media\/118271"}],"wp:attachment":[{"href":"https:\/\/tvbrazilusa.com\/pt\/wp-json\/wp\/v2\/media?parent=118270"}],"wp:term":[{"taxonomy":"category","embeddable":true,"href":"https:\/\/tvbrazilusa.com\/pt\/wp-json\/wp\/v2\/categories?post=118270"},{"taxonomy":"post_tag","embeddable":true,"href":"https:\/\/tvbrazilusa.com\/pt\/wp-json\/wp\/v2\/tags?post=118270"}],"curies":[{"name":"wp","href":"https:\/\/api.w.org\/{rel}","templated":true}]}}