{"id":11829,"date":"2024-07-30T00:27:49","date_gmt":"2024-07-30T00:27:49","guid":{"rendered":"https:\/\/tvbrazilusa.com\/2024\/07\/30\/governador-da-carolina-do-norte-cooper-optou-por-nao-participar-da-selecao-de-harris-vp-em-parte-por-preocupacao-com-o-tenente-do-partido-republicano-fontes-da-ap-2\/"},"modified":"2024-07-30T00:40:26","modified_gmt":"2024-07-30T00:40:26","slug":"governador-da-carolina-do-norte-cooper-optou-por-nao-participar-da-selecao-de-harris-vp-em-parte-por-preocupacao-com-o-tenente-do-partido-republicano-fontes-da-ap-2","status":"publish","type":"post","link":"https:\/\/tvbrazilusa.com\/pt\/2024\/07\/30\/governador-da-carolina-do-norte-cooper-optou-por-nao-participar-da-selecao-de-harris-vp-em-parte-por-preocupacao-com-o-tenente-do-partido-republicano-fontes-da-ap-2\/","title":{"rendered":"Governador da Carolina do Norte, Cooper, optou por n\u00e3o participar da sele\u00e7\u00e3o de Harris VP, em parte por preocupa\u00e7\u00e3o com o tenente do Partido Republicano: fontes da AP"},"content":{"rendered":"<p> <script async src=\"https:\/\/pagead2.googlesyndication.com\/pagead\/js\/adsbygoogle.js?client=ca-pub-8864793242727901\"\r\n     crossorigin=\"anonymous\"><\/script><br \/>\n<\/p>\n<div id=\"\">\n<header class=\"m-article-header m-article-header--standard\">\n\t\t\t\t\t\t\t\t\t\t\t\t<span id=\"article-header-primary-term\"><br \/>\n\t\t\t\t\t\t\t\t<a class=\"a-term a-term--primary\" href=\"https:\/\/www.boston.com\/tag\/politics\/\"><\/p>\n<p>\t\t\t\t\t\t\t\tPol\u00edtica\t\t\t\t\t\t\t\t<\/a><br \/>\n\t\t\t\t\t\t\t<\/span><\/p>\n<h2 class=\"m-article-header__sub-headline\"\/>\n<figure class=\"a-photo m-article-header__photo\"><figcaption class=\"a-photo__caption\">\n<p>\tO governador da Carolina do Norte, Roy Cooper, discursa no Jantar da Unidade Democrata da Carolina do Norte em Raleigh, Carolina do Norte, s\u00e1bado, 20 de julho de 2024.<em> Foto AP\/Karl B DeBlaker<\/em>\t<\/figcaption><\/figure>\n<div class=\"m-article-header__meta\">\n<div class=\"m-article-header__byline\">\n<p class=\"m-article-header__author\">\n<p>\t\t\t\t\t\t\t\tPor ZEKE MILLER, Associated Press\t\t\t\t\t\t\t<\/p>\n<p>\t\t\t\t\t\t    \t\t\t\t\t\t\t<time class=\"m-article-header__date\"><\/p>\n<p>        \t\t\t\t\t\t\t29 de julho de 2024    \t\t\t\t\t\t\t<\/time><\/p><\/div>\n<\/p><\/div>\n<\/header>\n<p>WASHINGTON (AP) \u2014 O governador da Carolina do Norte, Roy Cooper, optou por n\u00e3o ser candidato na busca de companheiro de chapa da vice-presidente Kamala Harris, disseram duas pessoas familiarizadas com o assunto na segunda-feira, em parte por causa de preocupa\u00e7\u00f5es de que seu vice-governador republicano assumiria o controle quando viajasse para fora do estado, caso fosse selecionado.<\/p>\n<p>Cooper, 67, retirou-se antes de Harris come\u00e7ar formalmente a solicitar material de verifica\u00e7\u00e3o de potenciais vice-presidentes, disseram as pessoas. Elas falaram sob condi\u00e7\u00e3o de anonimato para discutir o delicado processo de busca. A busca de Harris est\u00e1 em andamento e suas equipes de advogados e assessores pol\u00edticos ainda est\u00e3o revisando informa\u00e7\u00f5es sobre uma lista cada vez menor de potenciais candidatos.<\/p>\n<p>Cooper, o ex-presidente da Democratic Governors Association, \u00e9 pr\u00f3ximo de Harris desde que ambos eram procuradores-gerais estaduais. Sua potencial sele\u00e7\u00e3o foi vista como um poss\u00edvel trunfo para transferir a Carolina do Norte \u2014 a \u00fanica oportunidade significativa dos democratas de expandir seu mapa de 2020 \u2014 para as m\u00e3os de Harris.<\/p>\n<p>De acordo com a constitui\u00e7\u00e3o estadual, o vice-governador da Carolina do Norte, Mark Robinson, que \u00e9 o indicado do Partido Republicano para substituir Cooper, cujo mandato \u00e9 limitado, torna-se governador interino e pode assumir os poderes do democrata quando ele viaja para fora do estado.<\/p>\n<p>Cooper, de acordo com uma das pessoas, expressou preocupa\u00e7\u00e3o sobre o que Robinson poderia fazer se ele deixasse o estado por muito tempo para viajar em campanha.<\/p>\n<p>Robinson \u00e9 um conservador social fervoroso, que certa vez chamou o aborto de \u201csacrif\u00edcio infantil\u201d. Em v\u00e1rios p\u00falpitos de igreja, Robinson afirmou que os homens s\u00e3o os l\u00edderes leg\u00edtimos na igreja e na sociedade. Certa vez, ele refletiu que os l\u00edderes do movimento original de controle de natalidade nos EUA eram \u201cbruxas, todas elas\u201d. Ele discutiu pessoas LGBTQ com palavras como \u201csujeira\u201d e \u201cvermes\u201d.<\/p>\n<p><em>O jornal New York Times<\/em> primeiro relatou que Cooper havia se retirado do processo, mas n\u00e3o detalhou o momento de sua decis\u00e3o ou sua justificativa. A campanha de Harris se recusou a comentar.<\/p>\n<p><em>O escritor da AP Gary Robertson em Raleigh, Carolina do Norte, contribuiu.<\/em><\/p>\n<\/p><\/div>\n<p><script>\n\t\tvar consent=\"grant\";\n\t\t\/* The above code is parsing the JSON data from the local storage and storing it in a variable. *\/\n\t\t\t\t\tconst onetrustStorageConsent = JSON.parse(localStorage.getItem( 'consent_one_trust_bdc' ) );\n\t\t\tif ( ( onetrustStorageConsent !== null ) ) {\n\t\t\t\t\/* Checking to see if the user has consented to the use of cookies.\n\t\t\t\t* If they have not, it is deleting the cookie.\n\t\t\t\t* This will comment for now, until further notice.\n\t\t\t\t*\/\n\t\t\t\t\/\/if ( onetrustStorageConsent.C0002 === false ) {\n\t\t\t\t\/\/\tdocument.cookie=\"_fbp=;expires=Thu, 01 Jan 2010 00:00:00 UTC; path=\/; domain=.boston.com\";\n\t\t\t\t\/\/}\n\t\t\t\t\/* Checking if the user has given consent for the cookie C0002.\n\t\t\t\t* If the user has given consent, the variable consent will be set to 'grant'.\n\t\t\t\t* If the user has not given consent,the variable consent will be set to 'revoke'.\n\t\t\t\t* Documentation https:\/\/developers.facebook.com\/docs\/meta-pixel\/implementation\/gdpr\n\t\t\t\t*\/\n\t\t\t\tif ( onetrustStorageConsent.C0002 !== true ) {\n\t\t\t\t\tconsent=\"revoke\";\n\t\t\t\t}\n\t\t\t}\n\t\t\t\t!function(f,b,e,v,n,t,s)\n\t\t{if(f.fbq)return;n=f.fbq=function(){n.callMethod?\n\t\tn.callMethod.apply(n,arguments):n.queue.push(arguments)};\n\t\tif(!f._fbq)f._fbq=n;n.push=n;n.loaded=!0;n.version='2.0';\n\t\tn.queue=[];t=b.createElement(e);t.async=!0;\n\t\tt.src=v;s=b.getElementsByTagName(e)[0];\n\t\ts.parentNode.insertBefore(t,s)}(window, document,'script',\n\t\t'https:\/\/connect.facebook.net\/en_US\/fbevents.js');\n\t\tfbq('consent', consent);\n\t\tfbq('init', '989222871864976');\n\t\tfbq('track', 'PageView');\n\t<\/script><script type=\"module\">\n\t\tvar consent=\"grant\";\n\t\t\/* The above code is parsing the JSON data from the local storage and storing it in a variable. *\/\n\t\t\tconst onetrustStorageConsent = JSON.parse(localStorage.getItem( 'consent_one_trust_bdc' ) );\n\t\t\t\/* Checking to see if the user has consented to the use of cookies.\n\t\t\t* If they have not, it is deleting the cookie.\n\t\t\t* This will comment for now, until further notice.\n\t\t\t*\/\n\t\t\t\/\/if ( onetrustStorageConsent.C0002 === false ) {\n\t\t\t\/\/\tdocument.cookie=\"_fbp=;expires=Thu, 01 Jan 2010 00:00:00 UTC; path=\/; domain=.boston.com\";\n\t\t\t\/\/}\n\t\t\t\/* Checking if the user has given consent for the cookie C0002.\n\t\t\t* If the user has given consent, the variable consent will be set to 'grant'.\n\t\t\t* If the user has not given consent,the variable consent will be set to 'revoke'.\n\t\t\t* Documentation https:\/\/developers.facebook.com\/docs\/meta-pixel\/implementation\/gdpr\n\t\t\t*\/\n\t\t\tif ( ( onetrustStorageConsent !== null ) && (onetrustStorageConsent.C0002 !== true ) ) {\n\t\t\t\tconsent=\"revoke\";\n\t\t\t}\n\t\t\t\t!function(f,b,e,v,n,t,s){if(f.fbq)return;n=f.fbq=function()\n\t\t{n.callMethod? n.callMethod.apply(n,arguments):n.queue.push(arguments)}\n\t\t;if(!f._fbq)f._fbq=n;\n\t\tn.push=n;n.loaded=!0;n.version='2.0';n.queue=[];t=b.createElement(e);t.async=!0;\n\t\tt.src=v;s=b.getElementsByTagName(e)[0];s.parentNode.insertBefore(t,s)}(window,\n\t\tdocument,'script','https:\/\/connect.facebook.net\/en_US\/fbevents.js');\n\t\tfbq('consent', consent);\n\t\tfbq('init', '813236348753005');\n\t\tfbq('track', \"PageView\");\n\t<\/script><br \/>\n<br \/><br \/>\n<br \/><a href=\"https:\/\/www.boston.com\/news\/politics\/2024\/07\/29\/nc-gov-cooper-opted-out-of-harris-vp-vetting-in-part-over-worry-about-gop-lieutenant-ap-sources\/\">Source link <\/a><\/p>","protected":false},"excerpt":{"rendered":"<p>Pol\u00edtica O governador da Carolina do Norte, Roy Cooper, discursa no Jantar da Unidade Democrata da Carolina do Norte em Raleigh, Carolina do Norte, s\u00e1bado, 20 de julho de 2024.&hellip;<\/p>","protected":false},"author":1,"featured_media":11830,"comment_status":"closed","ping_status":"open","sticky":false,"template":"","format":"standard","meta":{"content-type":"","footnotes":""},"categories":[1],"tags":[],"class_list":["post-11829","post","type-post","status-publish","format-standard","has-post-thumbnail","hentry","category-uncategorized"],"_links":{"self":[{"href":"https:\/\/tvbrazilusa.com\/pt\/wp-json\/wp\/v2\/posts\/11829","targetHints":{"allow":["GET"]}}],"collection":[{"href":"https:\/\/tvbrazilusa.com\/pt\/wp-json\/wp\/v2\/posts"}],"about":[{"href":"https:\/\/tvbrazilusa.com\/pt\/wp-json\/wp\/v2\/types\/post"}],"author":[{"embeddable":true,"href":"https:\/\/tvbrazilusa.com\/pt\/wp-json\/wp\/v2\/users\/1"}],"replies":[{"embeddable":true,"href":"https:\/\/tvbrazilusa.com\/pt\/wp-json\/wp\/v2\/comments?post=11829"}],"version-history":[{"count":1,"href":"https:\/\/tvbrazilusa.com\/pt\/wp-json\/wp\/v2\/posts\/11829\/revisions"}],"predecessor-version":[{"id":11831,"href":"https:\/\/tvbrazilusa.com\/pt\/wp-json\/wp\/v2\/posts\/11829\/revisions\/11831"}],"wp:featuredmedia":[{"embeddable":true,"href":"https:\/\/tvbrazilusa.com\/pt\/wp-json\/wp\/v2\/media\/11830"}],"wp:attachment":[{"href":"https:\/\/tvbrazilusa.com\/pt\/wp-json\/wp\/v2\/media?parent=11829"}],"wp:term":[{"taxonomy":"category","embeddable":true,"href":"https:\/\/tvbrazilusa.com\/pt\/wp-json\/wp\/v2\/categories?post=11829"},{"taxonomy":"post_tag","embeddable":true,"href":"https:\/\/tvbrazilusa.com\/pt\/wp-json\/wp\/v2\/tags?post=11829"}],"curies":[{"name":"wp","href":"https:\/\/api.w.org\/{rel}","templated":true}]}}