{"id":118309,"date":"2025-05-13T14:13:08","date_gmt":"2025-05-13T14:13:08","guid":{"rendered":"https:\/\/tvbrazilusa.com\/2025\/05\/13\/acusado-atirador-da-fsu-libertado-do-hospital-e-preso-jacksonville-hoje\/"},"modified":"2025-05-13T14:17:39","modified_gmt":"2025-05-13T14:17:39","slug":"acusado-atirador-da-fsu-libertado-do-hospital-e-preso-jacksonville-hoje","status":"publish","type":"post","link":"https:\/\/tvbrazilusa.com\/pt\/2025\/05\/13\/acusado-atirador-da-fsu-libertado-do-hospital-e-preso-jacksonville-hoje\/","title":{"rendered":"Acusado atirador da FSU libertado do hospital e preso | Jacksonville hoje"},"content":{"rendered":"<p> <script async src=\"https:\/\/pagead2.googlesyndication.com\/pagead\/js\/adsbygoogle.js?client=ca-pub-8864793242727901\"\r\n     crossorigin=\"anonymous\"><\/script><br \/>\n<\/p>\n<div>\n<p>Um homem acusado de atirar fatalmente duas pessoas e ferir outros seis durante um tiroteio no m\u00eas passado na Universidade Estadual da Fl\u00f3rida recebeu alta de um hospital de Tallahassee na segunda -feira e acusado de assassinato, disseram as autoridades.<\/p>\n<p>Phoenix Ikner, 20, foi registrado na instala\u00e7\u00e3o de deten\u00e7\u00e3o de Leon County por duas acusa\u00e7\u00f5es de assassinato em primeiro grau e sete acusa\u00e7\u00f5es de tentativa de assassinato em primeiro grau, o <a href=\"https:\/\/www.facebook.com\/photo?fbid=1120518610120231&#038;set=a.228096819362419\" rel=\"nofollow noopener\" target=\"_blank\">Gabinete do xerife do condado de Leon<\/a> disse em comunicado. Ele foi ent\u00e3o transferido para uma pris\u00e3o no vizinho Wakulla County, que \u00e9 um procedimento padr\u00e3o quando um preso est\u00e1 relacionado a um deputado do condado de Leon.<\/p>\n<p>Ikner, identificado como o <a href=\"https:\/\/apnews.com\/article\/phoenix-ikner-fsu-shooting-971835051a7f9b11e5cf4bc4ce018d8b\" rel=\"nofollow noopener\" target=\"_blank\">enteado do vice de um xerife<\/a>chegou no campus em 17 de abril e ficou perto de uma garagem antes de entrar e sair de pr\u00e9dios e espa\u00e7os verdes enquanto disparava uma pistola pouco antes da hora do almo\u00e7o, disse a pol\u00edcia.<\/p>\n<p>Em aproximadamente quatro minutos, os policiais confrontaram Ikner, um estudante de ci\u00eancias pol\u00edticas no estado da Fl\u00f3rida, e atirou e o feriu, disse a pol\u00edcia de Tallahassee.<\/p>\n<p>A pol\u00edcia acredita que Ikner usou uma antiga arma de servi\u00e7o que pertence \u00e0 sua madrasta, um veterano de 18 anos do Gabinete do Xerife do Condado de Leon, disseram autoridades. Nos \u00faltimos anos, ela trabalhou como oficial de recursos do ensino m\u00e9dio e foi a funcion\u00e1ria do m\u00eas do m\u00eas de um ano atr\u00e1s em mar\u00e7o. Ap\u00f3s o tiroteio, ela solicitou e recebeu licen\u00e7a pessoal e tamb\u00e9m transferiu de seu cargo na escola.<\/p>\n<p>As autoridades ainda n\u00e3o revelaram um motivo para o tiroteio.<\/p>\n<p>Os registros on -line da pris\u00e3o e do tribunal na segunda -feira n\u00e3o listaram um advogado para Ikner. V\u00e1rias tentativas de alcan\u00e7ar sua fam\u00edlia ap\u00f3s o tiroteio n\u00e3o foram respondidas.<\/p>\n<\/div>\n<p><br \/>\n<br \/><a href=\"https:\/\/jaxtoday.org\/2025\/05\/13\/accused-fsu-shooter-released-from-hospital-and-jailed\/\">Source link <\/a><\/p>","protected":false},"excerpt":{"rendered":"<p>Um homem acusado de atirar fatalmente duas pessoas e ferir outros seis durante um tiroteio no m\u00eas passado na Universidade Estadual da Fl\u00f3rida recebeu alta de um hospital de Tallahassee&hellip;<\/p>","protected":false},"author":1,"featured_media":118310,"comment_status":"closed","ping_status":"open","sticky":false,"template":"","format":"standard","meta":{"content-type":"","footnotes":""},"categories":[1],"tags":[],"class_list":["post-118309","post","type-post","status-publish","format-standard","has-post-thumbnail","hentry","category-uncategorized"],"_links":{"self":[{"href":"https:\/\/tvbrazilusa.com\/pt\/wp-json\/wp\/v2\/posts\/118309","targetHints":{"allow":["GET"]}}],"collection":[{"href":"https:\/\/tvbrazilusa.com\/pt\/wp-json\/wp\/v2\/posts"}],"about":[{"href":"https:\/\/tvbrazilusa.com\/pt\/wp-json\/wp\/v2\/types\/post"}],"author":[{"embeddable":true,"href":"https:\/\/tvbrazilusa.com\/pt\/wp-json\/wp\/v2\/users\/1"}],"replies":[{"embeddable":true,"href":"https:\/\/tvbrazilusa.com\/pt\/wp-json\/wp\/v2\/comments?post=118309"}],"version-history":[{"count":1,"href":"https:\/\/tvbrazilusa.com\/pt\/wp-json\/wp\/v2\/posts\/118309\/revisions"}],"predecessor-version":[{"id":118311,"href":"https:\/\/tvbrazilusa.com\/pt\/wp-json\/wp\/v2\/posts\/118309\/revisions\/118311"}],"wp:featuredmedia":[{"embeddable":true,"href":"https:\/\/tvbrazilusa.com\/pt\/wp-json\/wp\/v2\/media\/118310"}],"wp:attachment":[{"href":"https:\/\/tvbrazilusa.com\/pt\/wp-json\/wp\/v2\/media?parent=118309"}],"wp:term":[{"taxonomy":"category","embeddable":true,"href":"https:\/\/tvbrazilusa.com\/pt\/wp-json\/wp\/v2\/categories?post=118309"},{"taxonomy":"post_tag","embeddable":true,"href":"https:\/\/tvbrazilusa.com\/pt\/wp-json\/wp\/v2\/tags?post=118309"}],"curies":[{"name":"wp","href":"https:\/\/api.w.org\/{rel}","templated":true}]}}