{"id":118399,"date":"2025-05-14T20:49:33","date_gmt":"2025-05-14T20:49:33","guid":{"rendered":"https:\/\/tvbrazilusa.com\/2025\/05\/14\/novo-relatorio-diz-que-o-crime-esta-em-connecticut\/"},"modified":"2025-05-14T20:50:10","modified_gmt":"2025-05-14T20:50:10","slug":"novo-relatorio-diz-que-o-crime-esta-em-connecticut","status":"publish","type":"post","link":"https:\/\/tvbrazilusa.com\/pt\/2025\/05\/14\/novo-relatorio-diz-que-o-crime-esta-em-connecticut\/","title":{"rendered":"Novo relat\u00f3rio diz que o crime est\u00e1 em Connecticut"},"content":{"rendered":"<script async src=\"https:\/\/pagead2.googlesyndication.com\/pagead\/js\/adsbygoogle.js?client=ca-pub-8864793242727901\"\r\n     crossorigin=\"anonymous\"><\/script>\n<p>Connecticut (WTNH) &#8211; Um relat\u00f3rio recente do Departamento de Servi\u00e7os de Emerg\u00eancia e Prote\u00e7\u00e3o P\u00fablica disse que o crime est\u00e1 em Connecticut. <\/p>\n<p>Foram medidas tr\u00eas categorias de crime: crimes contra pessoas, crimes contra propriedades e crimes contra a sociedade.<\/p>\n<p>Mackenzie Maynard, do News 8, fala com o comiss\u00e1rio de Despp, Ronnell Higgins, ao vivo aos 5. <\/p>\n<p><br \/>\n<br \/><a href=\"https:\/\/www.wtnh.com\/news\/connecticut\/new-report-says-crime-is-down-in-connecticut\/\">Source link <\/a><\/p>","protected":false},"excerpt":{"rendered":"<p>Connecticut (WTNH) &#8211; Um relat\u00f3rio recente do Departamento de Servi\u00e7os de Emerg\u00eancia e Prote\u00e7\u00e3o P\u00fablica disse que o crime est\u00e1 em Connecticut. Foram medidas tr\u00eas categorias de crime: crimes contra&hellip;<\/p>","protected":false},"author":1,"featured_media":118400,"comment_status":"closed","ping_status":"open","sticky":false,"template":"","format":"standard","meta":{"content-type":"","footnotes":""},"categories":[1],"tags":[],"class_list":["post-118399","post","type-post","status-publish","format-standard","has-post-thumbnail","hentry","category-uncategorized"],"_links":{"self":[{"href":"https:\/\/tvbrazilusa.com\/pt\/wp-json\/wp\/v2\/posts\/118399","targetHints":{"allow":["GET"]}}],"collection":[{"href":"https:\/\/tvbrazilusa.com\/pt\/wp-json\/wp\/v2\/posts"}],"about":[{"href":"https:\/\/tvbrazilusa.com\/pt\/wp-json\/wp\/v2\/types\/post"}],"author":[{"embeddable":true,"href":"https:\/\/tvbrazilusa.com\/pt\/wp-json\/wp\/v2\/users\/1"}],"replies":[{"embeddable":true,"href":"https:\/\/tvbrazilusa.com\/pt\/wp-json\/wp\/v2\/comments?post=118399"}],"version-history":[{"count":1,"href":"https:\/\/tvbrazilusa.com\/pt\/wp-json\/wp\/v2\/posts\/118399\/revisions"}],"predecessor-version":[{"id":118401,"href":"https:\/\/tvbrazilusa.com\/pt\/wp-json\/wp\/v2\/posts\/118399\/revisions\/118401"}],"wp:featuredmedia":[{"embeddable":true,"href":"https:\/\/tvbrazilusa.com\/pt\/wp-json\/wp\/v2\/media\/118400"}],"wp:attachment":[{"href":"https:\/\/tvbrazilusa.com\/pt\/wp-json\/wp\/v2\/media?parent=118399"}],"wp:term":[{"taxonomy":"category","embeddable":true,"href":"https:\/\/tvbrazilusa.com\/pt\/wp-json\/wp\/v2\/categories?post=118399"},{"taxonomy":"post_tag","embeddable":true,"href":"https:\/\/tvbrazilusa.com\/pt\/wp-json\/wp\/v2\/tags?post=118399"}],"curies":[{"name":"wp","href":"https:\/\/api.w.org\/{rel}","templated":true}]}}