{"id":11840,"date":"2024-07-30T00:49:32","date_gmt":"2024-07-30T00:49:32","guid":{"rendered":"https:\/\/tvbrazilusa.com\/2024\/07\/30\/defensores-se-reunem-em-frente-a-state-house-para-denunciar-novos-limites-para-estadias-em-abrigos\/"},"modified":"2024-07-30T00:53:34","modified_gmt":"2024-07-30T00:53:34","slug":"defensores-se-reunem-em-frente-a-state-house-para-denunciar-novos-limites-para-estadias-em-abrigos","status":"publish","type":"post","link":"https:\/\/tvbrazilusa.com\/pt\/2024\/07\/30\/defensores-se-reunem-em-frente-a-state-house-para-denunciar-novos-limites-para-estadias-em-abrigos\/","title":{"rendered":"Defensores se re\u00fanem em frente \u00e0 State House para denunciar novos limites para estadias em abrigos"},"content":{"rendered":"<p> <script async src=\"https:\/\/pagead2.googlesyndication.com\/pagead\/js\/adsbygoogle.js?client=ca-pub-8864793242727901\"\r\n     crossorigin=\"anonymous\"><\/script><br \/>\n<\/p>\n<div id=\"\">\n<header class=\"m-article-header m-article-header--standard\">\n\t\t\t\t\t\t\t\t\t\t\t\t<span id=\"article-header-primary-term\"><br \/>\n\t\t\t\t\t\t\t\t<a class=\"a-term a-term--primary\" href=\"https:\/\/www.boston.com\/tag\/local-news\/\"><\/p>\n<p>\t\t\t\t\t\t\t\tNot\u00edcias locais\t\t\t\t\t\t\t\t<\/a><br \/>\n\t\t\t\t\t\t\t<\/span><\/p>\n<h2 class=\"m-article-header__sub-headline\">\u201cAs pessoas que forem expulsas ficar\u00e3o sem teto.\u201d<\/h2>\n<figure class=\"a-photo m-article-header__photo\"><figcaption class=\"a-photo__caption\">\n\t<em>  Pat Greenhouse \/ The Boston Globe<\/em>\t<\/figcaption><\/figure>\n<\/header>\n<p>Os defensores se reuniram em frente \u00e0 C\u00e2mara Estadual de Massachusetts na segunda-feira para protestar <a href=\"https:\/\/www.boston.com\/news\/local-news\/2024\/07\/23\/healey-announces-major-shelter-system-changes-caps-stays-at-overflow-sites-to-5-days\/\">mudan\u00e7as iminentes<\/a> ao sistema de abrigos de emerg\u00eancia do estado, que impor\u00e1 um limite de cinco dias para a perman\u00eancia das fam\u00edlias em abrigos lotados.<\/p>\n<div class=\"m-block t-amp__list-container m-article-list-container  m-article-list-container--frame-border a-border-frame  a-list-header__headline--red m-article-list--alternative--default  m-article-list--floated\">\n<ul class=\"t-amp__list a-list--no-style m-article-list m-article-list--recirculation m-article-list--has-images\">\n<li class=\"m-article-list__item m-article-list__item--featured\">\n\t\t\t\t<a class=\"m-article-list__link-wrapper\" href=\"https:\/\/www.boston.com\/news\/local-news\/2024\/07\/23\/healey-announces-major-shelter-system-changes-caps-stays-at-overflow-sites-to-5-days\/\" data-p1=\"article_recirc_inline_feature\"><br \/>\n\t\t\t\t<img fetchpriority=\"high\" decoding=\"async\" width=\"768\" height=\"432\" src=\"https:\/\/bdc2020.o0bc.com\/wp-content\/uploads\/2024\/07\/Massachusetts_Homeless_Migrants_66929-66a003b191438-768x432.jpg\" class=\"t-amp__list-image m-article-list__image m-article-list__image--full\" alt=\"\" aria-hidden=\"true\" srcset=\"https:\/\/bdc2020.o0bc.com\/wp-content\/uploads\/2024\/07\/Massachusetts_Homeless_Migrants_66929-66a003b191438-768x432.jpg?width=200 200w, https:\/\/bdc2020.o0bc.com\/wp-content\/uploads\/2024\/07\/Massachusetts_Homeless_Migrants_66929-66a003b191438-768x432.jpg?width=300 300w, https:\/\/bdc2020.o0bc.com\/wp-content\/uploads\/2024\/07\/Massachusetts_Homeless_Migrants_66929-66a003b191438-768x432.jpg?width=400 400w, https:\/\/bdc2020.o0bc.com\/wp-content\/uploads\/2024\/07\/Massachusetts_Homeless_Migrants_66929-66a003b191438-768x432.jpg?width=500 500w, https:\/\/bdc2020.o0bc.com\/wp-content\/uploads\/2024\/07\/Massachusetts_Homeless_Migrants_66929-66a003b191438-768x432.jpg?width=600 600w, https:\/\/bdc2020.o0bc.com\/wp-content\/uploads\/2024\/07\/Massachusetts_Homeless_Migrants_66929-66a003b191438-768x432.jpg?width=700 700w, https:\/\/bdc2020.o0bc.com\/wp-content\/uploads\/2024\/07\/Massachusetts_Homeless_Migrants_66929-66a003b191438-768x432.jpg?width=800 800w, https:\/\/bdc2020.o0bc.com\/wp-content\/uploads\/2024\/07\/Massachusetts_Homeless_Migrants_66929-66a003b191438-768x432.jpg?width=900 900w\" sizes=\"(max-width: 768px) 100vw, 768px\"\/>\t\t\t\t\t<\/p>\n<p><h4 class=\"m-article-list__headline t-amp__list-headline\">\n\t\t\t\t\t\t\t<span class=\"m-article-list__link a-link a-link--inline a-link--text-link a-link--text-link-dark\"><\/p>\n<p>\t\t\t\t\t\t\tHealey anuncia grandes mudan\u00e7as no sistema de abrigos e limita a perman\u00eancia em locais de transbordamento para 5 dias\t\t\t\t\t\t\t<\/span><br \/>\n\t\t\t\t\t\t<\/h4>\n<\/p>\n<p>\t\t\t\t<\/a>\n\t\t\t<\/li>\n<\/ul>\n<\/div>\n<p>A governadora Maura Healey anunciou as mudan\u00e7as, que entram em vigor na quarta-feira, semana passada. Sua administra\u00e7\u00e3o disse que algumas fam\u00edlias ter\u00e3o prioridade, j\u00e1 que o estado continua a lutar com uma <a href=\"https:\/\/www.boston.com\/news\/local-news\/2023\/08\/08\/healey-declares-state-of-emergency-in-response-to-surge-of-migrants-entering-mass\/\" target=\"_blank\" rel=\"noreferrer noopener\">sistema de abrigo severamente sobrecarregado<\/a> diante do aumento da migra\u00e7\u00e3o e da atual crise de acessibilidade \u00e0 moradia.<\/p>\n<p>As fam\u00edlias que ser\u00e3o priorizadas com os novos limites incluem aquelas que ficaram desabrigadas devido a despejos sem culpa ou &#8220;circunst\u00e2ncias repentinas ou incomuns em Massachusetts al\u00e9m de seu controle&#8221;, como inc\u00eandio ou inunda\u00e7\u00e3o, aquelas com pelo menos um veterano, aquelas com necessidades m\u00e9dicas ou rec\u00e9m-nascidos, ou aquelas em risco de viol\u00eancia dom\u00e9stica.<\/p>\n<p>Fam\u00edlias que n\u00e3o est\u00e3o recebendo prioridade s\u00f3 poder\u00e3o ficar nos abrigos de transbordamento, ou \u201cabrigos tempor\u00e1rios de descanso\u201d, por cinco dias a partir de 1\u00ba de agosto. Anteriormente, o estado estabeleceu um limite em maio de 30 dias para os locais de transbordamento. Healey disse que o estado \u201cn\u00e3o pode pagar\u201d o tamanho do sistema atual.<\/p>\n<p>Na segunda-feira, os defensores pediram que Healey revogasse as mudan\u00e7as, alertando que a revis\u00e3o da pol\u00edtica prejudicar\u00e1 crian\u00e7as e fam\u00edlias. <\/p>\n<p>O protesto foi organizado pela Coaliz\u00e3o de Massachusetts para os Sem-teto, com o objetivo de pedir ao governador e \u00e0 legislatura que \u201cdefendam o acesso a abrigo para crian\u00e7as e fam\u00edlias\u201d.<\/p>\n<p>Kelly Turley, membro da coaliz\u00e3o, disse durante o evento que teme que mais fam\u00edlias sejam for\u00e7adas a viver nas ruas e a sair do estado se n\u00e3o conseguirem encontrar abrigo acess\u00edvel. <em>O Globo de Boston<\/em> <a href=\"https:\/\/www.bostonglobe.com\/2024\/07\/29\/metro\/state-house-protest-against-governor-healeys-new-changes-states-emergency-shelter-system\/\">relat\u00f3rios<\/a>.<\/p>\n<figure class=\"wp-block-embed is-type-rich is-provider-twitter wp-block-embed-twitter\">\n<div class=\"wp-block-embed__wrapper\">\n<blockquote class=\"twitter-tweet\" data-width=\"500\" data-dnt=\"true\">\n<p lang=\"en\" dir=\"ltr\">Agradecemos \u00e0s fam\u00edlias, defensores, provedores, l\u00edderes comunit\u00e1rios, membros da comunidade religiosa, legisladores, etc. que estiveram ao nosso lado hoje, apelando <a href=\"https:\/\/twitter.com\/MassGovernor?ref_src=twsrc%5Etfw\">@Governador de Massa<\/a> para reverter o plano de restringir o acesso a abrigo familiar. Esta pol\u00edtica VAI prejudicar crian\u00e7as e fam\u00edlias. <a href=\"https:\/\/t.co\/YniIZRMout\">foto.twitter.com\/YniIZRMout<\/a><\/p>\n<p>\u2014 MACoalition\/Homeless (@MAHomeless) <a href=\"https:\/\/twitter.com\/MAHomeless\/status\/1818021597254476184?ref_src=twsrc%5Etfw\">29 de julho de 2024<\/a><\/p><\/blockquote>\n<\/div>\n<\/figure>\n<figure class=\"wp-block-embed is-type-rich is-provider-twitter wp-block-embed-twitter\">\n<div class=\"wp-block-embed__wrapper\">\n<blockquote class=\"twitter-tweet\" data-width=\"500\" data-dnt=\"true\">\n<p lang=\"en\" dir=\"ltr\">Esta manh\u00e3, a GBLS juntou-se <a href=\"https:\/\/twitter.com\/MassLawReform?ref_src=twsrc%5Etfw\">@ReformaLaudoMassificado<\/a>, <a href=\"https:\/\/twitter.com\/MAHomeless?ref_src=twsrc%5Etfw\">@MAHomeless<\/a>legisladores e membros da comunidade para protestar contra as mudan\u00e7as propostas no sistema de abrigos de Assist\u00eancia de Emerg\u00eancia que o tornariam menos acess\u00edvel e menos humano para os moradores de MA que mais precisam. Moradia \u00e9 um direito humano! <a href=\"https:\/\/twitter.com\/hashtag\/mapoli?src=hash&#038;ref_src=twsrc%5Etfw\">#mapoli<\/a> <a href=\"https:\/\/t.co\/1MUmTAlkjE\">foto.twitter.com\/1MUmTAlkjE<\/a><\/p>\n<p>\u2014 Servi\u00e7os Jur\u00eddicos da Grande Boston (@BostonLegalAid) <a href=\"https:\/\/twitter.com\/BostonLegalAid\/status\/1818006954687463728?ref_src=twsrc%5Etfw\">29 de julho de 2024<\/a><\/p><\/blockquote>\n<\/div>\n<\/figure>\n<p>\u201cO estado gastou US$ 11 milh\u00f5es em consultores para elaborar esses planos de concess\u00e3o de acesso a abrigos\u201d, disse Turley. \u201cAo mesmo tempo, estamos dizendo \u00e0s fam\u00edlias que n\u00e3o temos dinheiro para fornecer um lugar seguro para elas ficarem.\u201d<\/p>\n<p>Craig Andrade, reitor associado de pr\u00e1tica na Escola de Sa\u00fade P\u00fablica da Universidade de Boston, <a href=\"https:\/\/www.wgbh.org\/news\/local\/2024-07-29\/advocates-denounce-5-day-limit-on-overflow-shelter-stays\">disse GBH<\/a> a mudan\u00e7a na pol\u00edtica \u00e9 \u201cdesumana\u201d.<\/p>\n<p>\u201cEles n\u00e3o encontrar\u00e3o magicamente moradia s\u00f3 porque o estado imp\u00f5e novos limites\u201d, ele disse \u00e0 esta\u00e7\u00e3o. \u201cAs pessoas que forem expulsas ficar\u00e3o sem teto.\u201d<\/p>\n<p>Os provedores disseram ao GBH que j\u00e1 est\u00e3o vendo <a href=\"https:\/\/www.bostonglobe.com\/2024\/07\/29\/metro\/migrant-families-boston-shelter-system\/?p1=Article_Feed_ContentQuery_Test&#038;p1=Article_Feed_ContentQuery_Test\" target=\"_blank\" rel=\"noreferrer noopener\">fam\u00edlias dormindo sem abrigo<\/a> em parques ou fora de um abrigo familiar.<\/p>\n<div class=\"m-block m-generic-cta\t m-generic-cta--post-content\t m-generic-cta--dark\t m-generic-cta--homepage\t m-generic-cta--email-signup\t\t m-generic-cta-block-style--default \tt-amp__generic-cta\"><\/p>\n<div class=\"m-generic-cta__wrap\">\n<div class=\"m-generic-cta__content\">\n<h3 class=\"m-generic-cta__title\">Inscri\u00e7\u00e3o no boletim informativo<\/h3>\n<p class=\"m-generic-cta__subtitle\">Fique por dentro das \u00faltimas not\u00edcias do Boston.com<\/p>\n<\/p><\/div>\n<\/p><\/div>\n<\/div><\/div>\n<p><script async src=\"\/\/platform.twitter.com\/widgets.js\" charset=\"utf-8\"><\/script><script>\n\t\tvar consent=\"grant\";\n\t\t\/* The above code is parsing the JSON data from the local storage and storing it in a variable. *\/\n\t\t\t\t\tconst onetrustStorageConsent = JSON.parse(localStorage.getItem( 'consent_one_trust_bdc' ) );\n\t\t\tif ( ( onetrustStorageConsent !== null ) ) {\n\t\t\t\t\/* Checking to see if the user has consented to the use of cookies.\n\t\t\t\t* If they have not, it is deleting the cookie.\n\t\t\t\t* This will comment for now, until further notice.\n\t\t\t\t*\/\n\t\t\t\t\/\/if ( onetrustStorageConsent.C0002 === false ) {\n\t\t\t\t\/\/\tdocument.cookie=\"_fbp=;expires=Thu, 01 Jan 2010 00:00:00 UTC; path=\/; domain=.boston.com\";\n\t\t\t\t\/\/}\n\t\t\t\t\/* Checking if the user has given consent for the cookie C0002.\n\t\t\t\t* If the user has given consent, the variable consent will be set to 'grant'.\n\t\t\t\t* If the user has not given consent,the variable consent will be set to 'revoke'.\n\t\t\t\t* Documentation https:\/\/developers.facebook.com\/docs\/meta-pixel\/implementation\/gdpr\n\t\t\t\t*\/\n\t\t\t\tif ( onetrustStorageConsent.C0002 !== true ) {\n\t\t\t\t\tconsent=\"revoke\";\n\t\t\t\t}\n\t\t\t}\n\t\t\t\t!function(f,b,e,v,n,t,s)\n\t\t{if(f.fbq)return;n=f.fbq=function(){n.callMethod?\n\t\tn.callMethod.apply(n,arguments):n.queue.push(arguments)};\n\t\tif(!f._fbq)f._fbq=n;n.push=n;n.loaded=!0;n.version='2.0';\n\t\tn.queue=[];t=b.createElement(e);t.async=!0;\n\t\tt.src=v;s=b.getElementsByTagName(e)[0];\n\t\ts.parentNode.insertBefore(t,s)}(window, document,'script',\n\t\t'https:\/\/connect.facebook.net\/en_US\/fbevents.js');\n\t\tfbq('consent', consent);\n\t\tfbq('init', '989222871864976');\n\t\tfbq('track', 'PageView');\n\t<\/script><script type=\"module\">\n\t\tvar consent=\"grant\";\n\t\t\/* The above code is parsing the JSON data from the local storage and storing it in a variable. *\/\n\t\t\tconst onetrustStorageConsent = JSON.parse(localStorage.getItem( 'consent_one_trust_bdc' ) );\n\t\t\t\/* Checking to see if the user has consented to the use of cookies.\n\t\t\t* If they have not, it is deleting the cookie.\n\t\t\t* This will comment for now, until further notice.\n\t\t\t*\/\n\t\t\t\/\/if ( onetrustStorageConsent.C0002 === false ) {\n\t\t\t\/\/\tdocument.cookie=\"_fbp=;expires=Thu, 01 Jan 2010 00:00:00 UTC; path=\/; domain=.boston.com\";\n\t\t\t\/\/}\n\t\t\t\/* Checking if the user has given consent for the cookie C0002.\n\t\t\t* If the user has given consent, the variable consent will be set to 'grant'.\n\t\t\t* If the user has not given consent,the variable consent will be set to 'revoke'.\n\t\t\t* Documentation https:\/\/developers.facebook.com\/docs\/meta-pixel\/implementation\/gdpr\n\t\t\t*\/\n\t\t\tif ( ( onetrustStorageConsent !== null ) && (onetrustStorageConsent.C0002 !== true ) ) {\n\t\t\t\tconsent=\"revoke\";\n\t\t\t}\n\t\t\t\t!function(f,b,e,v,n,t,s){if(f.fbq)return;n=f.fbq=function()\n\t\t{n.callMethod? n.callMethod.apply(n,arguments):n.queue.push(arguments)}\n\t\t;if(!f._fbq)f._fbq=n;\n\t\tn.push=n;n.loaded=!0;n.version='2.0';n.queue=[];t=b.createElement(e);t.async=!0;\n\t\tt.src=v;s=b.getElementsByTagName(e)[0];s.parentNode.insertBefore(t,s)}(window,\n\t\tdocument,'script','https:\/\/connect.facebook.net\/en_US\/fbevents.js');\n\t\tfbq('consent', consent);\n\t\tfbq('init', '813236348753005');\n\t\tfbq('track', \"PageView\");\n\t<\/script><br \/>\n<br \/><br \/>\n<br \/><a href=\"https:\/\/www.boston.com\/news\/local-news\/2024\/07\/29\/advocates-rally-outside-state-house-to-decry-new-limits-on-shelter-stays\/\">Source link <\/a><\/p>","protected":false},"excerpt":{"rendered":"<p>Not\u00edcias locais \u201cAs pessoas que forem expulsas ficar\u00e3o sem teto.\u201d Pat Greenhouse \/ The Boston Globe Os defensores se reuniram em frente \u00e0 C\u00e2mara Estadual de Massachusetts na segunda-feira para&hellip;<\/p>","protected":false},"author":1,"featured_media":11841,"comment_status":"closed","ping_status":"open","sticky":false,"template":"","format":"standard","meta":{"content-type":"","footnotes":""},"categories":[1],"tags":[],"class_list":["post-11840","post","type-post","status-publish","format-standard","has-post-thumbnail","hentry","category-uncategorized"],"_links":{"self":[{"href":"https:\/\/tvbrazilusa.com\/pt\/wp-json\/wp\/v2\/posts\/11840","targetHints":{"allow":["GET"]}}],"collection":[{"href":"https:\/\/tvbrazilusa.com\/pt\/wp-json\/wp\/v2\/posts"}],"about":[{"href":"https:\/\/tvbrazilusa.com\/pt\/wp-json\/wp\/v2\/types\/post"}],"author":[{"embeddable":true,"href":"https:\/\/tvbrazilusa.com\/pt\/wp-json\/wp\/v2\/users\/1"}],"replies":[{"embeddable":true,"href":"https:\/\/tvbrazilusa.com\/pt\/wp-json\/wp\/v2\/comments?post=11840"}],"version-history":[{"count":1,"href":"https:\/\/tvbrazilusa.com\/pt\/wp-json\/wp\/v2\/posts\/11840\/revisions"}],"predecessor-version":[{"id":11842,"href":"https:\/\/tvbrazilusa.com\/pt\/wp-json\/wp\/v2\/posts\/11840\/revisions\/11842"}],"wp:featuredmedia":[{"embeddable":true,"href":"https:\/\/tvbrazilusa.com\/pt\/wp-json\/wp\/v2\/media\/11841"}],"wp:attachment":[{"href":"https:\/\/tvbrazilusa.com\/pt\/wp-json\/wp\/v2\/media?parent=11840"}],"wp:term":[{"taxonomy":"category","embeddable":true,"href":"https:\/\/tvbrazilusa.com\/pt\/wp-json\/wp\/v2\/categories?post=11840"},{"taxonomy":"post_tag","embeddable":true,"href":"https:\/\/tvbrazilusa.com\/pt\/wp-json\/wp\/v2\/tags?post=11840"}],"curies":[{"name":"wp","href":"https:\/\/api.w.org\/{rel}","templated":true}]}}