{"id":118416,"date":"2025-05-14T21:33:46","date_gmt":"2025-05-14T21:33:46","guid":{"rendered":"https:\/\/tvbrazilusa.com\/2025\/05\/14\/cortes-de-financiamento-federal-atingidos-a-medida-que-a-inseguranca-alimentar-aumenta-em-connecticut\/"},"modified":"2025-05-14T21:42:06","modified_gmt":"2025-05-14T21:42:06","slug":"cortes-de-financiamento-federal-atingidos-a-medida-que-a-inseguranca-alimentar-aumenta-em-connecticut","status":"publish","type":"post","link":"https:\/\/tvbrazilusa.com\/pt\/2025\/05\/14\/cortes-de-financiamento-federal-atingidos-a-medida-que-a-inseguranca-alimentar-aumenta-em-connecticut\/","title":{"rendered":"Cortes de financiamento federal atingidos \u00e0 medida que a inseguran\u00e7a alimentar aumenta em Connecticut"},"content":{"rendered":"<script async src=\"https:\/\/pagead2.googlesyndication.com\/pagead\/js\/adsbygoogle.js?client=ca-pub-8864793242727901\"\r\n     crossorigin=\"anonymous\"><\/script>\n<p>CONNECTICUT (WTNH) &#8211; Paul Cirillo e Tom Miller dizem que a fila para entrar na cozinha de sopa de St. Vincent de Paul \u00e0s vezes se estende pela porta e ao redor do pr\u00e9dio de Waterbury.<\/p>\n<p>&#8220;H\u00e1 novos rostos&#8221;, disse Cirillo. &#8220;H\u00e1 pessoas que n\u00e3o sei que tenho visto vindo aqui.&#8221;<\/p>\n<div class=\"nlp-ignore-block article-content rich-text\">\n<aside class=\"promo-link\">\n\t<a href=\"https:\/\/www.wtnh.com\/news\/connecticut\/usda-funding-cuts-have-harsh-impact-on-connecticut-food-pantries\/?ipid=promo-link-block1\" class=\"promo-link__link\" target=\"\"_blank\"\"><\/p>\n<p>\t\tOs cortes de financiamento do USDA t\u00eam um impacto duro nas despensas de alimentos de Connecticut\t<\/a><br \/>\n<\/aside>\n<\/div>\n<p>Novos rostos est\u00e3o agora fazendo alinhamento para obter ajuda; Muitas parte da popula\u00e7\u00e3o de renda limitada de ativos limitou e empregou (Alice). O programa serve pessoas que t\u00eam empregos, mas simplesmente n\u00e3o fazem o suficiente para alimentar adequadamente suas fam\u00edlias.<\/p>\n<p>&#8220;H\u00e1 mais de 516.000 pessoas que n\u00e3o sabem de onde vem a pr\u00f3xima refei\u00e7\u00e3o&#8221;, disse Jason Jakobowski, presidente e CEO da Connecticut Foodshare.<\/p>\n<p>O Connecticut Foodshare diz que os n\u00fameros s\u00e3o do mapa anual da Food America, o relat\u00f3rio da Gap Felhe, e eles est\u00e3o preocupantes.<\/p>\n<p>A inseguran\u00e7a alimentar aumentou 11% desde o ano passado e um aumento de 40% desde 2020, que estava no auge da pandemia.<\/p>\n<p>Um olhar mais atento mostra, 1 em cada 6 dos que s\u00e3o inseguros s\u00e3o crian\u00e7as e 1 em cada 12 s\u00e3o idosos. A quantidade de idosos que s\u00e3o inseguros alimentares aumentou 52% desde 2020.<\/p>\n<p>Jakobowski diz que a lacuna est\u00e1 crescendo. Noventa e oito milh\u00f5es de refei\u00e7\u00f5es s\u00e3o necess\u00e1rias e 44 milh\u00f5es de refei\u00e7\u00f5es s\u00e3o distribu\u00eddas pelo Connecticut Foodshare a cada ano.<\/p>\n<p>Quando as prateleiras est\u00e3o vazias no armaz\u00e9m, Jakobowski diz que \u00e9 tamb\u00e9m quando as prateleiras est\u00e3o vazias nas mais de 600 despensas de alimentos Connecticut Foodshare serve, e \u00e9 por isso que ele diz que agora \u00e9 a hora de agir.<\/p>\n<p>Ele diz que os cortes nos programas Snap e Medicaid podem significar linhas ainda mais longas em lugares como a cozinha de S\u00e3o Vicente de Paul, que serve cerca de 300 fam\u00edlias na \u00e1rea da Grande Waterbury.<\/p>\n<p><br \/>\n<br \/><a href=\"https:\/\/www.wtnh.com\/news\/connecticut\/federal-funding-cuts-hit-as-food-insecurity-rises-in-connecticut\/\">Source link <\/a><\/p>","protected":false},"excerpt":{"rendered":"<p>CONNECTICUT (WTNH) &#8211; Paul Cirillo e Tom Miller dizem que a fila para entrar na cozinha de sopa de St. Vincent de Paul \u00e0s vezes se estende pela porta e&hellip;<\/p>","protected":false},"author":1,"featured_media":118417,"comment_status":"closed","ping_status":"open","sticky":false,"template":"","format":"standard","meta":{"content-type":"","footnotes":""},"categories":[1],"tags":[],"class_list":["post-118416","post","type-post","status-publish","format-standard","has-post-thumbnail","hentry","category-uncategorized"],"_links":{"self":[{"href":"https:\/\/tvbrazilusa.com\/pt\/wp-json\/wp\/v2\/posts\/118416","targetHints":{"allow":["GET"]}}],"collection":[{"href":"https:\/\/tvbrazilusa.com\/pt\/wp-json\/wp\/v2\/posts"}],"about":[{"href":"https:\/\/tvbrazilusa.com\/pt\/wp-json\/wp\/v2\/types\/post"}],"author":[{"embeddable":true,"href":"https:\/\/tvbrazilusa.com\/pt\/wp-json\/wp\/v2\/users\/1"}],"replies":[{"embeddable":true,"href":"https:\/\/tvbrazilusa.com\/pt\/wp-json\/wp\/v2\/comments?post=118416"}],"version-history":[{"count":1,"href":"https:\/\/tvbrazilusa.com\/pt\/wp-json\/wp\/v2\/posts\/118416\/revisions"}],"predecessor-version":[{"id":118418,"href":"https:\/\/tvbrazilusa.com\/pt\/wp-json\/wp\/v2\/posts\/118416\/revisions\/118418"}],"wp:featuredmedia":[{"embeddable":true,"href":"https:\/\/tvbrazilusa.com\/pt\/wp-json\/wp\/v2\/media\/118417"}],"wp:attachment":[{"href":"https:\/\/tvbrazilusa.com\/pt\/wp-json\/wp\/v2\/media?parent=118416"}],"wp:term":[{"taxonomy":"category","embeddable":true,"href":"https:\/\/tvbrazilusa.com\/pt\/wp-json\/wp\/v2\/categories?post=118416"},{"taxonomy":"post_tag","embeddable":true,"href":"https:\/\/tvbrazilusa.com\/pt\/wp-json\/wp\/v2\/tags?post=118416"}],"curies":[{"name":"wp","href":"https:\/\/api.w.org\/{rel}","templated":true}]}}