{"id":118436,"date":"2025-05-15T03:06:08","date_gmt":"2025-05-15T03:06:08","guid":{"rendered":"https:\/\/tvbrazilusa.com\/2025\/05\/15\/as-incubadoras-de-creche-procuram-resolver-o-dilema-do-estado-de-cuidados-infantis\/"},"modified":"2025-05-15T03:16:24","modified_gmt":"2025-05-15T03:16:24","slug":"as-incubadoras-de-creche-procuram-resolver-o-dilema-do-estado-de-cuidados-infantis","status":"publish","type":"post","link":"https:\/\/tvbrazilusa.com\/pt\/2025\/05\/15\/as-incubadoras-de-creche-procuram-resolver-o-dilema-do-estado-de-cuidados-infantis\/","title":{"rendered":"As incubadoras de creche procuram resolver o dilema do estado de cuidados infantis"},"content":{"rendered":"<script async src=\"https:\/\/pagead2.googlesyndication.com\/pagead\/js\/adsbygoogle.js?client=ca-pub-8864793242727901\"\r\n     crossorigin=\"anonymous\"><\/script>\n<p>WATERBURY, Connecticut (WTNH) &#8211; Milhares de pessoas em todo o estado est\u00e3o se manifestando \u00e0 medida que a necessidade de cuidados infantis acess\u00edveis continua a crescer. Agora, a cidade de Waterbury est\u00e1 entrando para criar incubadoras de creche para ajudar a trazer al\u00edvio \u00e0s fam\u00edlias.<\/p>\n<p>Milhares de pais, filhos e educadores se uniram a cuidados infantis acess\u00edveis em Connecticut. De New London a New Haven, Nova Gr\u00e3 -Bretanha e Waterbury, eles apareceram em vigor com uma mensagem para os legisladores.<\/p>\n<div class=\"nlp-ignore-block article-content rich-text\">\n<aside class=\"promo-link\">\n\t<a href=\"https:\/\/www.wtnh.com\/news\/connecticut\/new-haven\/new-haven-cutting-positions-at-12-public-schools-for-2025-26-year\/?ipid=promo-link-block1\" class=\"promo-link__link\"><\/p>\n<p>\t\tPosi\u00e7\u00f5es de corte de New Haven em 12 escolas p\u00fablicas por 2025-26 anos\t<\/a><br \/>\n<\/aside>\n<\/div>\n<p>&#8220;\u00c9 t\u00e3o caro&#8221;, disse Cora d&#8217;Alessandro, m\u00e3e. &#8220;Meu marido e eu trabalhamos em per\u00edodo integral e estamos gastando cerca de 35% de nossa renda em cuidados infantis. \u00c9 mais do que nossa hipoteca&#8221;.<\/p>\n<p>O estado tem trabalhado nisso, em parceria com um setor privado para iniciar incubadoras de creches.<br \/>&#8220;Esta \u00e9 definitivamente uma das solu\u00e7\u00f5es, porque os grandes desafios da for\u00e7a de trabalho&#8221;, disse o escrit\u00f3rio do comiss\u00e1rio da primeira inf\u00e2ncia de Connecticut, Beth Bye. &#8220;E essa \u00e9 uma maneira de construir centros e aumentar a for\u00e7a de trabalho&#8221;.<\/p>\n<p>Aqui no Waterbury, na YMCA, est\u00e3o se formando 23 estudantes de l\u00edngua espanhola. Nos \u00faltimos seis meses, eles foram treinados em tudo, desde a RCP ao marketing e como estabelecer uma LLC. E agora o estado est\u00e1 sendo lan\u00e7ado, incubadoras em Connecticut.<\/p>\n<p>&#8220;Come\u00e7ou uma nova Gr\u00e3 -Bretanha agora em Waterbury e h\u00e1 apoio em Bridgeport&#8221;, disse Bye. &#8220;Portanto, este \u00e9 um novo conceito que aprovamos a legisla\u00e7\u00e3o h\u00e1 v\u00e1rios anos, para permitir algumas liberdades regulat\u00f3rias&#8221;.<\/p>\n<p>Maria Martinez tem sido uma m\u00e3e em casa, mas agora, depois de concluir o curso de 26 semanas, est\u00e1 empolgada em fornecer cuidados infantis para outras fam\u00edlias de l\u00edngua espanhola. Ela abrir\u00e1 uma creche nesta sala de aula na YMCA, onde pode assistir seis crian\u00e7as e crian\u00e7as pequenas e tr\u00eas alunos depois da escola. <\/p>\n<p>&#8220;Estou t\u00e3o feliz e animado&#8221;, disse Martinez.<\/p>\n<p>A id\u00e9ia da incubadora \u00e9 manter os alunos circulando, quando se formarem, podem vir aqui, iniciar um neg\u00f3cio e depois seguir em frente para a comunidade, e ent\u00e3o algu\u00e9m do mesmo programa de energia pode entrar e iniciar seus pr\u00f3prios neg\u00f3cios aqui novamente em Waterbury.<\/p>\n<p>&#8220;H\u00e1 uma enorme necessidade, \u00e9 t\u00e3o importante que h\u00e1 uma enorme necessidade que \u00e9 t\u00e3o importante e grande que estamos ajudando a comunidade hisp\u00e2nica, porque \u00e9 a\u00ed que \u00e9 a\u00ed que come\u00e7amos diretamente de nossas crian\u00e7as negras e marrons&#8221;, disse Sameerah Rosa, do Waterbury YMCA.<\/p>\n<p><br \/>\n<br \/><a href=\"https:\/\/www.wtnh.com\/news\/connecticut\/new-haven\/daycare-incubators-looks-to-solve-state-childcare-dilemma\/\">Source link <\/a><\/p>","protected":false},"excerpt":{"rendered":"<p>WATERBURY, Connecticut (WTNH) &#8211; Milhares de pessoas em todo o estado est\u00e3o se manifestando \u00e0 medida que a necessidade de cuidados infantis acess\u00edveis continua a crescer. Agora, a cidade de&hellip;<\/p>","protected":false},"author":1,"featured_media":118437,"comment_status":"closed","ping_status":"open","sticky":false,"template":"","format":"standard","meta":{"content-type":"","footnotes":""},"categories":[1],"tags":[],"class_list":["post-118436","post","type-post","status-publish","format-standard","has-post-thumbnail","hentry","category-uncategorized"],"_links":{"self":[{"href":"https:\/\/tvbrazilusa.com\/pt\/wp-json\/wp\/v2\/posts\/118436","targetHints":{"allow":["GET"]}}],"collection":[{"href":"https:\/\/tvbrazilusa.com\/pt\/wp-json\/wp\/v2\/posts"}],"about":[{"href":"https:\/\/tvbrazilusa.com\/pt\/wp-json\/wp\/v2\/types\/post"}],"author":[{"embeddable":true,"href":"https:\/\/tvbrazilusa.com\/pt\/wp-json\/wp\/v2\/users\/1"}],"replies":[{"embeddable":true,"href":"https:\/\/tvbrazilusa.com\/pt\/wp-json\/wp\/v2\/comments?post=118436"}],"version-history":[{"count":1,"href":"https:\/\/tvbrazilusa.com\/pt\/wp-json\/wp\/v2\/posts\/118436\/revisions"}],"predecessor-version":[{"id":118438,"href":"https:\/\/tvbrazilusa.com\/pt\/wp-json\/wp\/v2\/posts\/118436\/revisions\/118438"}],"wp:featuredmedia":[{"embeddable":true,"href":"https:\/\/tvbrazilusa.com\/pt\/wp-json\/wp\/v2\/media\/118437"}],"wp:attachment":[{"href":"https:\/\/tvbrazilusa.com\/pt\/wp-json\/wp\/v2\/media?parent=118436"}],"wp:term":[{"taxonomy":"category","embeddable":true,"href":"https:\/\/tvbrazilusa.com\/pt\/wp-json\/wp\/v2\/categories?post=118436"},{"taxonomy":"post_tag","embeddable":true,"href":"https:\/\/tvbrazilusa.com\/pt\/wp-json\/wp\/v2\/tags?post=118436"}],"curies":[{"name":"wp","href":"https:\/\/api.w.org\/{rel}","templated":true}]}}