{"id":118439,"date":"2025-05-15T10:30:41","date_gmt":"2025-05-15T10:30:41","guid":{"rendered":"https:\/\/tvbrazilusa.com\/2025\/05\/15\/mais-trabalhadores-domesticos-do-grupo-paraprofissionais-que-devem-apresentar-um-aviso-de-greve\/"},"modified":"2025-05-15T10:42:04","modified_gmt":"2025-05-15T10:42:04","slug":"mais-trabalhadores-domesticos-do-grupo-paraprofissionais-que-devem-apresentar-um-aviso-de-greve","status":"publish","type":"post","link":"https:\/\/tvbrazilusa.com\/pt\/2025\/05\/15\/mais-trabalhadores-domesticos-do-grupo-paraprofissionais-que-devem-apresentar-um-aviso-de-greve\/","title":{"rendered":"Mais trabalhadores dom\u00e9sticos do grupo, paraprofissionais que devem apresentar um aviso de greve"},"content":{"rendered":"<script async src=\"https:\/\/pagead2.googlesyndication.com\/pagead\/js\/adsbygoogle.js?client=ca-pub-8864793242727901\"\r\n     crossorigin=\"anonymous\"><\/script>\n<p>HARTFORD, Connecticut (WTNH) &#8211; Outra onda de trabalhadores dom\u00e9sticos e funcion\u00e1rios da comunidade em Connecticut est\u00e1 se preparando para entrar em greve na quinta -feira, pois permanecem sem contrato.<\/p>\n<p>Aproximadamente 1.700 trabalhadores dom\u00e9sticos do grupo, paraprofissionais e outros trabalhadores comunit\u00e1rios representados pela SEIU 1199 devem apresentar um aviso de sua greve planejada ao escrit\u00f3rio do governador Ned Lamont na quinta -feira.<\/p>\n<p>Se n\u00e3o houver resolu\u00e7\u00e3o, eles se juntar\u00e3o aos 6.000 trabalhadores do lar de idosos representados pela SEIU, que tamb\u00e9m planejam entrar em greve em 27 de maio. <\/p>\n<p>A greve do lar de idosos foi adiada por oito dias a pedido de Lamont, mas com os dois grupos, o cora\u00e7\u00e3o do assunto \u00e9 sal\u00e1rio. <\/p>\n<p>Os trabalhadores dom\u00e9sticos do grupo recebem uma m\u00e9dia de US $ 18 por hora. O sindicato diz que est\u00e1 vivendo na pobreza e n\u00e3o pode pagar necessidades b\u00e1sicas, como aluguel ou compras.<\/p>\n<p>Os trabalhadores dom\u00e9sticos do grupo e paraprofissionais realizar\u00e3o uma confer\u00eancia de imprensa \u00e0s 10h30 no pr\u00e9dio de escrit\u00f3rios legislativos antes de entregar o aviso de greve ao escrit\u00f3rio do governador.<\/p>\n<p><br \/>\n<br \/><a href=\"https:\/\/www.wtnh.com\/news\/connecticut\/more-group-home-workers-paraprofessionals-expected-to-deliver-notice-of-strike\/\">Source link <\/a><\/p>","protected":false},"excerpt":{"rendered":"<p>HARTFORD, Connecticut (WTNH) &#8211; Outra onda de trabalhadores dom\u00e9sticos e funcion\u00e1rios da comunidade em Connecticut est\u00e1 se preparando para entrar em greve na quinta -feira, pois permanecem sem contrato. Aproximadamente&hellip;<\/p>","protected":false},"author":1,"featured_media":118440,"comment_status":"closed","ping_status":"open","sticky":false,"template":"","format":"standard","meta":{"content-type":"","footnotes":""},"categories":[1],"tags":[],"class_list":["post-118439","post","type-post","status-publish","format-standard","has-post-thumbnail","hentry","category-uncategorized"],"_links":{"self":[{"href":"https:\/\/tvbrazilusa.com\/pt\/wp-json\/wp\/v2\/posts\/118439","targetHints":{"allow":["GET"]}}],"collection":[{"href":"https:\/\/tvbrazilusa.com\/pt\/wp-json\/wp\/v2\/posts"}],"about":[{"href":"https:\/\/tvbrazilusa.com\/pt\/wp-json\/wp\/v2\/types\/post"}],"author":[{"embeddable":true,"href":"https:\/\/tvbrazilusa.com\/pt\/wp-json\/wp\/v2\/users\/1"}],"replies":[{"embeddable":true,"href":"https:\/\/tvbrazilusa.com\/pt\/wp-json\/wp\/v2\/comments?post=118439"}],"version-history":[{"count":1,"href":"https:\/\/tvbrazilusa.com\/pt\/wp-json\/wp\/v2\/posts\/118439\/revisions"}],"predecessor-version":[{"id":118441,"href":"https:\/\/tvbrazilusa.com\/pt\/wp-json\/wp\/v2\/posts\/118439\/revisions\/118441"}],"wp:featuredmedia":[{"embeddable":true,"href":"https:\/\/tvbrazilusa.com\/pt\/wp-json\/wp\/v2\/media\/118440"}],"wp:attachment":[{"href":"https:\/\/tvbrazilusa.com\/pt\/wp-json\/wp\/v2\/media?parent=118439"}],"wp:term":[{"taxonomy":"category","embeddable":true,"href":"https:\/\/tvbrazilusa.com\/pt\/wp-json\/wp\/v2\/categories?post=118439"},{"taxonomy":"post_tag","embeddable":true,"href":"https:\/\/tvbrazilusa.com\/pt\/wp-json\/wp\/v2\/tags?post=118439"}],"curies":[{"name":"wp","href":"https:\/\/api.w.org\/{rel}","templated":true}]}}