{"id":118452,"date":"2025-05-15T16:13:59","date_gmt":"2025-05-15T16:13:59","guid":{"rendered":"https:\/\/tvbrazilusa.com\/2025\/05\/15\/downtown-jacksonville-harveys-pode-se-tornar-aldi-jacksonville-hoje\/"},"modified":"2025-05-15T16:15:42","modified_gmt":"2025-05-15T16:15:42","slug":"downtown-jacksonville-harveys-pode-se-tornar-aldi-jacksonville-hoje","status":"publish","type":"post","link":"https:\/\/tvbrazilusa.com\/pt\/2025\/05\/15\/downtown-jacksonville-harveys-pode-se-tornar-aldi-jacksonville-hoje\/","title":{"rendered":"Downtown Jacksonville Harveys pode se tornar Aldi | Jacksonville hoje"},"content":{"rendered":"<p> <script async src=\"https:\/\/pagead2.googlesyndication.com\/pagead\/js\/adsbygoogle.js?client=ca-pub-8864793242727901\"\r\n     crossorigin=\"anonymous\"><\/script><br \/>\n<\/p>\n<div>\n<p id=\"h795457-p1\">O Harveys Supermarket de Downtown Jacksonville \u00e9 agora uma das pelo menos nove convers\u00f5es em potenciais Aldi das antigas lojas do sudeste de mercearias no nordeste da Fl\u00f3rida.<\/p>\n<p id=\"h795457-p2\">A cidade de Jacksonville est\u00e1 analisando um pedido de licen\u00e7a para transformar parte dos Harveys na 777 N. Market St. para o formato menor e simplificado da Alemanha Aldi.<\/p>\n<p id=\"h795457-p2\">Em Santo Agostinho, um Winn-Dixie do Condado de St. Johns em 181 Blackford Way \u00e9 identificado para convers\u00e3o em um Aldi.<\/p>\n<p id=\"h795457-p3\"><em><a href=\"https:\/\/www.jaxdailyrecord.com\/news\/2025\/may\/14\/downtown-jacksonville-harveys-in-review-to-become-aldi\/\" rel=\"nofollow noopener\" target=\"_blank\">Leia o resto desta hist\u00f3ria<\/a> no <\/em>Jacksonville Daily Record<em>a <\/em>Jacksonville hoje<em> Parceiro de not\u00edcias.<\/em><\/p>\n<\/div>\n<p><br \/>\n<br \/><a href=\"https:\/\/jaxtoday.org\/2025\/05\/15\/downtown-jacksonville-harveys-could-become-aldi\/\">Source link <\/a><\/p>","protected":false},"excerpt":{"rendered":"<p>O Harveys Supermarket de Downtown Jacksonville \u00e9 agora uma das pelo menos nove convers\u00f5es em potenciais Aldi das antigas lojas do sudeste de mercearias no nordeste da Fl\u00f3rida. A cidade&hellip;<\/p>","protected":false},"author":1,"featured_media":118453,"comment_status":"closed","ping_status":"open","sticky":false,"template":"","format":"standard","meta":{"content-type":"","footnotes":""},"categories":[1],"tags":[],"class_list":["post-118452","post","type-post","status-publish","format-standard","has-post-thumbnail","hentry","category-uncategorized"],"_links":{"self":[{"href":"https:\/\/tvbrazilusa.com\/pt\/wp-json\/wp\/v2\/posts\/118452","targetHints":{"allow":["GET"]}}],"collection":[{"href":"https:\/\/tvbrazilusa.com\/pt\/wp-json\/wp\/v2\/posts"}],"about":[{"href":"https:\/\/tvbrazilusa.com\/pt\/wp-json\/wp\/v2\/types\/post"}],"author":[{"embeddable":true,"href":"https:\/\/tvbrazilusa.com\/pt\/wp-json\/wp\/v2\/users\/1"}],"replies":[{"embeddable":true,"href":"https:\/\/tvbrazilusa.com\/pt\/wp-json\/wp\/v2\/comments?post=118452"}],"version-history":[{"count":1,"href":"https:\/\/tvbrazilusa.com\/pt\/wp-json\/wp\/v2\/posts\/118452\/revisions"}],"predecessor-version":[{"id":118454,"href":"https:\/\/tvbrazilusa.com\/pt\/wp-json\/wp\/v2\/posts\/118452\/revisions\/118454"}],"wp:featuredmedia":[{"embeddable":true,"href":"https:\/\/tvbrazilusa.com\/pt\/wp-json\/wp\/v2\/media\/118453"}],"wp:attachment":[{"href":"https:\/\/tvbrazilusa.com\/pt\/wp-json\/wp\/v2\/media?parent=118452"}],"wp:term":[{"taxonomy":"category","embeddable":true,"href":"https:\/\/tvbrazilusa.com\/pt\/wp-json\/wp\/v2\/categories?post=118452"},{"taxonomy":"post_tag","embeddable":true,"href":"https:\/\/tvbrazilusa.com\/pt\/wp-json\/wp\/v2\/tags?post=118452"}],"curies":[{"name":"wp","href":"https:\/\/api.w.org\/{rel}","templated":true}]}}