{"id":118457,"date":"2025-05-15T17:28:21","date_gmt":"2025-05-15T17:28:21","guid":{"rendered":"https:\/\/tvbrazilusa.com\/2025\/05\/15\/a-terra-de-conservacao-de-st-johns-poderia-ser-desenvolvida-sob-a-proposta-de-troca-de-terras-jacksonville-hoje\/"},"modified":"2025-05-15T17:43:09","modified_gmt":"2025-05-15T17:43:09","slug":"a-terra-de-conservacao-de-st-johns-poderia-ser-desenvolvida-sob-a-proposta-de-troca-de-terras-jacksonville-hoje","status":"publish","type":"post","link":"https:\/\/tvbrazilusa.com\/pt\/2025\/05\/15\/a-terra-de-conservacao-de-st-johns-poderia-ser-desenvolvida-sob-a-proposta-de-troca-de-terras-jacksonville-hoje\/","title":{"rendered":"A terra de conserva\u00e7\u00e3o de St. Johns poderia ser desenvolvida sob a proposta de troca de terras | Jacksonville hoje"},"content":{"rendered":"<p> <script async src=\"https:\/\/pagead2.googlesyndication.com\/pagead\/js\/adsbygoogle.js?client=ca-pub-8864793242727901\"\r\n     crossorigin=\"anonymous\"><\/script><br \/>\n<\/p>\n<div>\n<p>Um comit\u00ea estadual na pr\u00f3xima semana deve discutir a troca de uma parcela de 600 acres de terras de conserva\u00e7\u00e3o na \u00e1rea de gerenciamento de vida selvagem do rio Guana, ao norte de Santo Agostinho, em troca de parcelas de terra n\u00e3o cont\u00edguas em todo o estado, a pedido de um desenvolvedor. <\/p>\n<p>Se o Conselho de Aquisi\u00e7\u00e3o e Restaura\u00e7\u00e3o do Departamento de Prote\u00e7\u00e3o Ambiental do Estado aprovar o com\u00e9rcio desses 600 acres por cinco vezes mais acres de terra de conserva\u00e7\u00e3o em outros lugares, o Gabinete do Governador ter\u00e1 que assinar a LLC da Upland LLC assumir a terra atualmente protegida.<\/p>\n<p>Aviso p\u00fablico da reuni\u00e3o de 21 de maio chocou ambientalistas locais como Chris Farrell. Ele trabalha como associado da Pol\u00edtica do Nordeste da Fl\u00f3rida para a National Audubon Society, a organiza\u00e7\u00e3o sem fins lucrativos de conserva\u00e7\u00e3o de p\u00e1ssaros. <\/p>\n<p>Ferrell diz que o desenvolvimento da \u00e1rea de gerenciamento da vida selvagem seria desastroso para os animais que o chamam de lar, bem como os que vivem em terras e cursos de \u00e1gua sens\u00edveis pr\u00f3ximos. <\/p>\n<p>&#8220;Esta terra, em particular, faz parte de pe\u00e7as de terras p\u00fablicas conectadas ao longo da costa que fornecem um pouco importante do habitat costeiro preservado aqui no nordeste da Fl\u00f3rida&#8221;, diz Ferrell. &#8220;E esse desenvolvimento cortaria uma enorme faixa no meio, separando terras de conserva\u00e7\u00e3o a leste e oeste, e criaria muitos problemas na administra\u00e7\u00e3o&#8221;.<\/p>\n<div class=\"wp-block-image\">\n<figure class=\"aligncenter size-full\"><figcaption class=\"wp-element-caption\">A \u00e1rea em verde \u00e9 uma terra de conserva\u00e7\u00e3o estatal. A \u00e1rea preta listrada \u00e9 a parcela de 600 acres que o estado pode doar em troca de bols\u00f5es de \u00e1rea de conserva\u00e7\u00e3o em torno da Fl\u00f3rida. | Departamento de Prote\u00e7\u00e3o Ambiental da Fl\u00f3rida<\/figcaption><\/figure>\n<\/div>\n<p>Algumas dessas terras de conserva\u00e7\u00e3o a oeste s\u00e3o a Reserva Nacional de Pesquisa Estuarina de Guana Tolomato Matanzas. A reserva \u00e9 composta por mais de 75.000 acres de terras de conserva\u00e7\u00e3o que v\u00e3o de Ponte Vedra a Palm Coast e \u00e9 onde os cientistas pesquisam tudo, desde a qualidade da \u00e1gua at\u00e9 as esp\u00e9cies nativas. <\/p>\n<p>Daleann Viger \u00e9 diretor executivo da Friends of GTM, a organiza\u00e7\u00e3o sem fins lucrativos que ap\u00f3ia a Reserva de Pesquisa. Ela diz que ela e seu conselho foram surpreendidos pelas not\u00edcias da troca de terras e se op\u00f5em fortemente a ela.<\/p>\n<p>&#8220;Esta proposta mina mais de tr\u00eas d\u00e9cadas de investimento, pesquisa e mordomia&#8221;, diz Viger. &#8220;As terras em quest\u00e3o n\u00e3o s\u00e3o excedentes &#8211; elas s\u00e3o parte integrante da sa\u00fade e fun\u00e7\u00e3o de um dos sistemas estuarinos mais ecologicamente significativos da Fl\u00f3rida&#8221;.<\/p>\n<p>&#8220;O desenvolvimento adjacente a essas terras protegidas fragmentaria habitats, aumentaria a polui\u00e7\u00e3o, amea\u00e7aria a biodiversidade e impediria a capacidade da reserva de gerenciar os ecossistemas&#8221;, diz ela. <\/p>\n<h3 class=\"wp-block-heading\">A proposta <\/h3>\n<p>Os 600 acres que o estado pode desistir fazem parte da \u00e1rea de gerenciamento da vida selvagem de Guana, perto da State Road A1A, no condado de St. Johns.<\/p>\n<p>As \u00e1reas de gerenciamento da vida selvagem s\u00e3o como parques estaduais com menos regulamentos. O estado ainda supervisiona a terra, mas s\u00e3o permitidos usos como a ca\u00e7a.<\/p>\n<p>Em troca dos 600 acres de terras p\u00fablicas, a candidata a Upland LLC est\u00e1 oferecendo 3.000 acres de terra em toda a Fl\u00f3rida. Isso inclui 220 acres em outros lugares no Condado de St. Johns, cerca de 1.400 acres nas florestas do condado de Lafayette e 250 acres adjacentes ao corredor de conserva\u00e7\u00e3o do Condado de Volusia.<\/p>\n<p>&#8220;Embora possa parecer atraente obter um n\u00famero maior de acres em alguns outros lugares, n\u00e3o \u00e9 realmente, considerando o valor dessa propriedade espec\u00edfica e o investimento que tivemos ao longo dos anos&#8221;, diz Ferrell. <\/p>\n<p>Quanto a quem est\u00e1 por tr\u00e1s da proposta? <\/p>\n<p>Para que o Estado julgue a terra na \u00e1rea de gerenciamento da vida selvagem que n\u00e3o precisa mais de conserva\u00e7\u00e3o, um candidato deve possuir terras adjacentes \u00e0 terra do estado. Apenas uma entidade faz: New Outpost LLC. <\/p>\n<p>Novo posto avan\u00e7ado comprou o pacote de uma subsidi\u00e1ria da Jacksonville&#8217;s Gate Petroleum, Ponte Vedra Corp., que estava no centro de <a href=\"https:\/\/folioweekly.com\/2019\/08\/27\/guana-land-grab\/\" rel=\"nofollow noopener\" target=\"_blank\">uma proposta de desenvolvimento controversa<\/a> para a propriedade h\u00e1 v\u00e1rios anos.<\/p>\n<p>O presidente do port\u00e3o John Peyton conta <em>Jacksonville hoje<\/em> Desde ent\u00e3o, eles venderam a terra e &#8220;absolutamente n\u00e3o est\u00e3o envolvidos&#8221; na troca de terras atualmente proposta. <\/p>\n<h3 class=\"wp-block-heading\"><strong>O que poderia ser desenvolvido?<\/strong><\/h3>\n<p>Muito pouca informa\u00e7\u00e3o est\u00e1 dispon\u00edvel sobre o que poderia ser constru\u00eddo na \u00e1rea de gerenciamento da vida selvagem de Guana. A papelada do candidato diz que &#8220;a maioria dos habitats de \u00e1reas \u00famidas ser\u00e1 evitada para garantir que eles estejam sob conserva\u00e7\u00e3o em perpetuidade&#8221;.<\/p>\n<p>Com t\u00e3o pouca informa\u00e7\u00e3o dispon\u00edvel publicamente e uma audi\u00eancia anunciada com apenas uma semana de aviso pr\u00e9vio, Ferrell, do Audubon, diz que se lembra do ano passado quando o Departamento de Prote\u00e7\u00e3o Ambiental, <a href=\"https:\/\/www.tampabay.com\/news\/environment\/2024\/12\/20\/florida-state-park-scandal-desantis-golf-nicklaus-charity-jonathan-dickinson\/\" rel=\"nofollow noopener\" target=\"_blank\">Sob a dire\u00e7\u00e3o do escrit\u00f3rio do governador Ron DeSantis<\/a>proposto para desenvolver campos de golfe e lojas <a href=\"https:\/\/jaxtoday.org\/2025\/05\/01\/lawmakers-vote-to-block-development-at-state-parks\/\">em parques estaduais<\/a>incluindo Anastasia State Park em Santo Agostinho. Essa proposta morreu em meio a clamor p\u00fablico alto. <\/p>\n<p>O Viger da GTM diz: &#8220;Perguntamos a todos aqueles que se preocupam com os lugares selvagens da Fl\u00f3rida para aumentar suas vozes. Este \u00e9 um momento cr\u00edtico para defender a ci\u00eancia, a transpar\u00eancia e o bem p\u00fablico&#8221;. <\/p>\n<hr class=\"wp-block-separator has-alpha-channel-opacity\"\/>\n<p><em>O Conselho de Aquisi\u00e7\u00e3o e Restaura\u00e7\u00e3o do estado se re\u00fane \u00e0s 9h da quarta -feira, 21 de maio, na sala de confer\u00eancias 137 do Marjory Stoneman Douglas Building, do Departamento de Prote\u00e7\u00e3o Ambiental, 3900 Commonwealth Blvd., Tallahassee. <\/em><\/p>\n<p><a href=\"https:\/\/floridadep.gov\/lands\/environmental-services\/content\/may-21-2025-acquisition-and-restoration-council-meeting\" rel=\"nofollow noopener\" target=\"_blank\"><em>Mais informa\u00e7\u00f5es sobre a reuni\u00e3o, incluindo uma inscri\u00e7\u00e3o para acesso digital.<\/em><\/a><\/p>\n<\/div>\n<p><br \/>\n<br \/><a href=\"https:\/\/jaxtoday.org\/2025\/05\/15\/st-johns-conservation-land-could-be-developed-under-proposed-land-swap\/\">Source link <\/a><\/p>","protected":false},"excerpt":{"rendered":"<p>Um comit\u00ea estadual na pr\u00f3xima semana deve discutir a troca de uma parcela de 600 acres de terras de conserva\u00e7\u00e3o na \u00e1rea de gerenciamento de vida selvagem do rio Guana,&hellip;<\/p>","protected":false},"author":1,"featured_media":118458,"comment_status":"closed","ping_status":"open","sticky":false,"template":"","format":"standard","meta":{"content-type":"","footnotes":""},"categories":[1],"tags":[],"class_list":["post-118457","post","type-post","status-publish","format-standard","has-post-thumbnail","hentry","category-uncategorized"],"_links":{"self":[{"href":"https:\/\/tvbrazilusa.com\/pt\/wp-json\/wp\/v2\/posts\/118457","targetHints":{"allow":["GET"]}}],"collection":[{"href":"https:\/\/tvbrazilusa.com\/pt\/wp-json\/wp\/v2\/posts"}],"about":[{"href":"https:\/\/tvbrazilusa.com\/pt\/wp-json\/wp\/v2\/types\/post"}],"author":[{"embeddable":true,"href":"https:\/\/tvbrazilusa.com\/pt\/wp-json\/wp\/v2\/users\/1"}],"replies":[{"embeddable":true,"href":"https:\/\/tvbrazilusa.com\/pt\/wp-json\/wp\/v2\/comments?post=118457"}],"version-history":[{"count":1,"href":"https:\/\/tvbrazilusa.com\/pt\/wp-json\/wp\/v2\/posts\/118457\/revisions"}],"predecessor-version":[{"id":118459,"href":"https:\/\/tvbrazilusa.com\/pt\/wp-json\/wp\/v2\/posts\/118457\/revisions\/118459"}],"wp:featuredmedia":[{"embeddable":true,"href":"https:\/\/tvbrazilusa.com\/pt\/wp-json\/wp\/v2\/media\/118458"}],"wp:attachment":[{"href":"https:\/\/tvbrazilusa.com\/pt\/wp-json\/wp\/v2\/media?parent=118457"}],"wp:term":[{"taxonomy":"category","embeddable":true,"href":"https:\/\/tvbrazilusa.com\/pt\/wp-json\/wp\/v2\/categories?post=118457"},{"taxonomy":"post_tag","embeddable":true,"href":"https:\/\/tvbrazilusa.com\/pt\/wp-json\/wp\/v2\/tags?post=118457"}],"curies":[{"name":"wp","href":"https:\/\/api.w.org\/{rel}","templated":true}]}}