{"id":118460,"date":"2025-05-15T18:17:28","date_gmt":"2025-05-15T18:17:28","guid":{"rendered":"https:\/\/tvbrazilusa.com\/2025\/05\/15\/o-chefe-dos-bombeiros-de-jacksonville-keith-powers-anuncia-a-aposentadoria-jacksonville-hoje\/"},"modified":"2025-05-15T18:19:28","modified_gmt":"2025-05-15T18:19:28","slug":"o-chefe-dos-bombeiros-de-jacksonville-keith-powers-anuncia-a-aposentadoria-jacksonville-hoje","status":"publish","type":"post","link":"https:\/\/tvbrazilusa.com\/pt\/2025\/05\/15\/o-chefe-dos-bombeiros-de-jacksonville-keith-powers-anuncia-a-aposentadoria-jacksonville-hoje\/","title":{"rendered":"O chefe dos bombeiros de Jacksonville, Keith Powers, anuncia a aposentadoria | Jacksonville hoje"},"content":{"rendered":"<p> <script async src=\"https:\/\/pagead2.googlesyndication.com\/pagead\/js\/adsbygoogle.js?client=ca-pub-8864793242727901\"\r\n     crossorigin=\"anonymous\"><\/script><br \/>\n<\/p>\n<div>\n<p>O chefe dos bombeiros de Jacksonville, Keith Powers, se aposentar\u00e1 em 30 de junho, e o processo para selecionar sua substitui\u00e7\u00e3o come\u00e7ou.<\/p>\n<p>Powers anunciou sua aposentadoria na quinta -feira, depois de 29 anos no Departamento de Inc\u00eandio e Resgate de Jacksonville, seis dos l\u00edderes.<\/p>\n<p>Em um comunicado \u00e0 imprensa, Powers disse que foi &#8220;a honra da minha vida em representar os homens e mulheres corajosos que colocam suas vidas em risco todos os dias e servem nossa comunidade, dentro e fora do servi\u00e7o&#8221;.<\/p>\n<p>A administra\u00e7\u00e3o da prefeita Donna Deegan e do Corpo de Bombeiros iniciou um plano de sucess\u00e3o e um programa de orienta\u00e7\u00e3o em 2023. O objetivo era identificar pessoas que pudessem liderar o departamento no futuro.<\/p>\n<p>Os poderes se aproximaram do governo no in\u00edcio deste ano para discutir a transi\u00e7\u00e3o para seu sucessor.<\/p>\n<p>Deegan disse que Powers serviu \u00e0 cidade com honra e distin\u00e7\u00e3o.<\/p>\n<p>&#8220;Al\u00e9m da rotina di\u00e1ria de manter nossos cidad\u00e3os em seguran\u00e7a, somos um l\u00edder estadual e nacional sob sua vigil\u00e2ncia&#8221;, disse Deegan no comunicado \u00e0 imprensa. &#8220;Desde o derrame m\u00f3vel e as unidades de cuidados intensivos at\u00e9 as equipes de acesso a estradas de emerg\u00eancia durante tempestades, at\u00e9 um programa de bolsas de estudo para atletas do ensino m\u00e9dio, esses primeiros para a JFRD s\u00e3o testemunhos da inova\u00e7\u00e3o que ocorreu durante seu tempo como chefe&#8221;.<\/p>\n<p>O processo para os candidatos enviarem solicita\u00e7\u00f5es ser\u00e1 anunciado nas pr\u00f3ximas semanas. O sucessor do Power come\u00e7ar\u00e1 a trabalhar em 1\u00ba de julho, disse a cidade.<\/p>\n<\/div>\n<p><br \/>\n<br \/><a href=\"https:\/\/jaxtoday.org\/2025\/05\/15\/jacksonville-fire-chief-keith-powers-announces-retirement\/\">Source link <\/a><\/p>","protected":false},"excerpt":{"rendered":"<p>O chefe dos bombeiros de Jacksonville, Keith Powers, se aposentar\u00e1 em 30 de junho, e o processo para selecionar sua substitui\u00e7\u00e3o come\u00e7ou. Powers anunciou sua aposentadoria na quinta -feira, depois&hellip;<\/p>","protected":false},"author":1,"featured_media":118461,"comment_status":"closed","ping_status":"open","sticky":false,"template":"","format":"standard","meta":{"content-type":"","footnotes":""},"categories":[1],"tags":[],"class_list":["post-118460","post","type-post","status-publish","format-standard","has-post-thumbnail","hentry","category-uncategorized"],"_links":{"self":[{"href":"https:\/\/tvbrazilusa.com\/pt\/wp-json\/wp\/v2\/posts\/118460","targetHints":{"allow":["GET"]}}],"collection":[{"href":"https:\/\/tvbrazilusa.com\/pt\/wp-json\/wp\/v2\/posts"}],"about":[{"href":"https:\/\/tvbrazilusa.com\/pt\/wp-json\/wp\/v2\/types\/post"}],"author":[{"embeddable":true,"href":"https:\/\/tvbrazilusa.com\/pt\/wp-json\/wp\/v2\/users\/1"}],"replies":[{"embeddable":true,"href":"https:\/\/tvbrazilusa.com\/pt\/wp-json\/wp\/v2\/comments?post=118460"}],"version-history":[{"count":1,"href":"https:\/\/tvbrazilusa.com\/pt\/wp-json\/wp\/v2\/posts\/118460\/revisions"}],"predecessor-version":[{"id":118462,"href":"https:\/\/tvbrazilusa.com\/pt\/wp-json\/wp\/v2\/posts\/118460\/revisions\/118462"}],"wp:featuredmedia":[{"embeddable":true,"href":"https:\/\/tvbrazilusa.com\/pt\/wp-json\/wp\/v2\/media\/118461"}],"wp:attachment":[{"href":"https:\/\/tvbrazilusa.com\/pt\/wp-json\/wp\/v2\/media?parent=118460"}],"wp:term":[{"taxonomy":"category","embeddable":true,"href":"https:\/\/tvbrazilusa.com\/pt\/wp-json\/wp\/v2\/categories?post=118460"},{"taxonomy":"post_tag","embeddable":true,"href":"https:\/\/tvbrazilusa.com\/pt\/wp-json\/wp\/v2\/tags?post=118460"}],"curies":[{"name":"wp","href":"https:\/\/api.w.org\/{rel}","templated":true}]}}