{"id":11848,"date":"2024-07-30T00:55:01","date_gmt":"2024-07-30T00:55:01","guid":{"rendered":"https:\/\/tvbrazilusa.com\/2024\/07\/30\/o-governador-da-carolina-do-norte-roy-cooper-se-retira-da-consideracao-de-harris-vp-wsvn-7news-noticias-de-miami-clima-esportes-fort-lauderdale\/"},"modified":"2024-07-30T01:09:57","modified_gmt":"2024-07-30T01:09:57","slug":"o-governador-da-carolina-do-norte-roy-cooper-se-retira-da-consideracao-de-harris-vp-wsvn-7news-noticias-de-miami-clima-esportes-fort-lauderdale","status":"publish","type":"post","link":"https:\/\/tvbrazilusa.com\/pt\/2024\/07\/30\/o-governador-da-carolina-do-norte-roy-cooper-se-retira-da-consideracao-de-harris-vp-wsvn-7news-noticias-de-miami-clima-esportes-fort-lauderdale\/","title":{"rendered":"O governador da Carolina do Norte, Roy Cooper, se retira da considera\u00e7\u00e3o de Harris VP &#8211; WSVN 7News | Not\u00edcias de Miami, Clima, Esportes | Fort Lauderdale"},"content":{"rendered":"<p> <script async src=\"https:\/\/pagead2.googlesyndication.com\/pagead\/js\/adsbygoogle.js?client=ca-pub-8864793242727901\"\r\n     crossorigin=\"anonymous\"><\/script><br \/>\n<\/p>\n<div itemprop=\"articleBody\">\n<p><strong>(CNN) \u2014 <\/strong>O governador da Carolina do Norte, Roy Cooper, deixou de ser considerado companheiro de chapa da vice-presidente Kamala Harris, de acordo com duas fontes familiarizadas com as discuss\u00f5es, em um sinal de que a busca acelerada entrou em uma nova fase.<\/p>\n<p>Uma decis\u00e3o pode sair dentro de uma semana, disseram duas pessoas familiarizadas com o assunto, com o objetivo de Harris de fazer um an\u00fancio antes de 7 de agosto. Ela pretende ter conversas privadas com os principais concorrentes, disseram fontes, mas n\u00e3o estava claro se essas discuss\u00f5es j\u00e1 come\u00e7aram.<\/p>\n<p>Cooper, cuja amizade com Harris remonta \u00e0 \u00e9poca em que serviram como procuradores-gerais de seus respectivos estados, tamb\u00e9m era o candidato mais velho em considera\u00e7\u00e3o. Sua idade, 67, foi vista por alguns democratas como estando em desacordo com o esfor\u00e7o de Harris por uma chapa vigorosa e mais jovem, disseram as fontes.<\/p>\n<p>Tamb\u00e9m houve preocupa\u00e7\u00e3o entre alguns democratas sobre a promo\u00e7\u00e3o de Mark Robinson, o vice-governador republicano do estado, que, segundo a constitui\u00e7\u00e3o estadual, desempenharia as fun\u00e7\u00f5es de governador quando este estivesse ausente do estado.<\/p>\n<p>Pesquisas e pesquisas extensivas est\u00e3o em andamento para outros concorrentes importantes, disseram fontes, incluindo o governador da Pensilv\u00e2nia, Josh Shapiro, e o senador do Arizona, Mark Kelly. O governador de Minnesota, Tim Walz, o governador do Kentucky, Andy Beshear, e o secret\u00e1rio de Transportes, Pete Buttigieg, tamb\u00e9m s\u00e3o vistos como poss\u00edveis companheiros de chapa.<\/p>\n<p>A CNN entrou em contato com um representante de Cooper. A campanha de Harris se recusou a comentar.<\/p>\n<p>Cooper, que era visto como um dos principais concorrentes para o papel, lidera um estado que \u00e9 um campo de batalha crucial em 2024. Ele foi eleito por uma margem estreita pela primeira vez em 2016 por pouco mais de 10.000 votos. Ele foi reeleito em 2020 e est\u00e1 fora de disputar o mandato pela terceira vez. Ele apoiou Harris no in\u00edcio deste m\u00eas, dizendo que ela &#8220;tem o que \u00e9 preciso para derrotar Donald Trump e liderar nosso pa\u00eds de forma ponderada e com integridade&#8221;.<\/p>\n<p>Ao longo de seu mandato como governador, Cooper entrou em conflito com legisladores na legislatura estadual, onde os republicanos t\u00eam uma maioria absoluta, sobre direitos ao aborto e direitos de voto, entre outras coisas.<\/p>\n<p>Cooper j\u00e1 havia descartado especula\u00e7\u00f5es de que ele poderia estar na lista de candidatos a vice-presidente caso o presidente Joe Biden se afastasse de sua campanha de reelei\u00e7\u00e3o e Harris se tornasse a indicada.<\/p>\n<p>\u201cN\u00e3o quero entrar nesse novo jogo pol\u00edtico favorito, porque \u00e9 muito importante para a Am\u00e9rica parar Donald Trump\u201d, disse Cooper \u00e0 CNN em julho. <\/p>\n<p>Depois que Biden anunciou que deixaria o cargo e apoiou Harris, uma onda de apoios de delega\u00e7\u00f5es estaduais fez dela a prov\u00e1vel candidata democrata.<\/p>\n<p>O painel de regras do Comit\u00ea Nacional Democrata adotou na semana passada as regras que o partido usar\u00e1 para escolher seu candidato presidencial, com a vota\u00e7\u00e3o para nomear oficialmente Harris provavelmente come\u00e7ando em 1\u00ba de agosto. O partido disse que sua meta \u00e9 nomear seus candidatos presidenciais e vice-presidenciais at\u00e9 7 de agosto.<\/p>\n<p><em>Esta hist\u00f3ria foi atualizada com reportagens adicionais.<\/em><\/p>\n<p><em>The-CNN-Wire\u2122 &#038; \u00a9 2024 Cable News Network, Inc., uma empresa Time Warner. Todos os direitos reservados.<\/em><\/p>\n<div class=\"wp-block-newsletter\">\n\t<strong class=\"wp-block-newsletter__title\">Inscreva-se em nossa Newsletter para receber as \u00faltimas not\u00edcias diretamente na sua caixa de entrada<\/strong><\/p>\n<\/div><\/div>\n<p><br \/>\n<br \/><a href=\"https:\/\/wsvn.com\/news\/politics\/north-carolina-gov-roy-cooper-removes-himself-from-harris-vp-consideration\/\">Source link <\/a><\/p>","protected":false},"excerpt":{"rendered":"<p>(CNN) \u2014 O governador da Carolina do Norte, Roy Cooper, deixou de ser considerado companheiro de chapa da vice-presidente Kamala Harris, de acordo com duas fontes familiarizadas com as discuss\u00f5es,&hellip;<\/p>","protected":false},"author":1,"featured_media":11849,"comment_status":"closed","ping_status":"open","sticky":false,"template":"","format":"standard","meta":{"content-type":"","footnotes":""},"categories":[1],"tags":[],"class_list":["post-11848","post","type-post","status-publish","format-standard","has-post-thumbnail","hentry","category-uncategorized"],"_links":{"self":[{"href":"https:\/\/tvbrazilusa.com\/pt\/wp-json\/wp\/v2\/posts\/11848","targetHints":{"allow":["GET"]}}],"collection":[{"href":"https:\/\/tvbrazilusa.com\/pt\/wp-json\/wp\/v2\/posts"}],"about":[{"href":"https:\/\/tvbrazilusa.com\/pt\/wp-json\/wp\/v2\/types\/post"}],"author":[{"embeddable":true,"href":"https:\/\/tvbrazilusa.com\/pt\/wp-json\/wp\/v2\/users\/1"}],"replies":[{"embeddable":true,"href":"https:\/\/tvbrazilusa.com\/pt\/wp-json\/wp\/v2\/comments?post=11848"}],"version-history":[{"count":1,"href":"https:\/\/tvbrazilusa.com\/pt\/wp-json\/wp\/v2\/posts\/11848\/revisions"}],"predecessor-version":[{"id":11850,"href":"https:\/\/tvbrazilusa.com\/pt\/wp-json\/wp\/v2\/posts\/11848\/revisions\/11850"}],"wp:featuredmedia":[{"embeddable":true,"href":"https:\/\/tvbrazilusa.com\/pt\/wp-json\/wp\/v2\/media\/11849"}],"wp:attachment":[{"href":"https:\/\/tvbrazilusa.com\/pt\/wp-json\/wp\/v2\/media?parent=11848"}],"wp:term":[{"taxonomy":"category","embeddable":true,"href":"https:\/\/tvbrazilusa.com\/pt\/wp-json\/wp\/v2\/categories?post=11848"},{"taxonomy":"post_tag","embeddable":true,"href":"https:\/\/tvbrazilusa.com\/pt\/wp-json\/wp\/v2\/tags?post=11848"}],"curies":[{"name":"wp","href":"https:\/\/api.w.org\/{rel}","templated":true}]}}