{"id":118499,"date":"2025-05-16T15:56:31","date_gmt":"2025-05-16T15:56:31","guid":{"rendered":"https:\/\/tvbrazilusa.com\/2025\/05\/16\/as-queixas-de-odores-desagradaveis-persistem-em-westside-jacksonville-hoje\/"},"modified":"2025-05-16T16:05:51","modified_gmt":"2025-05-16T16:05:51","slug":"as-queixas-de-odores-desagradaveis-persistem-em-westside-jacksonville-hoje","status":"publish","type":"post","link":"https:\/\/tvbrazilusa.com\/pt\/2025\/05\/16\/as-queixas-de-odores-desagradaveis-persistem-em-westside-jacksonville-hoje\/","title":{"rendered":"As queixas de odores desagrad\u00e1veis \u200b\u200bpersistem em Westside | Jacksonville hoje"},"content":{"rendered":"<p> <script async src=\"https:\/\/pagead2.googlesyndication.com\/pagead\/js\/adsbygoogle.js?client=ca-pub-8864793242727901\"\r\n     crossorigin=\"anonymous\"><\/script><br \/>\n<\/p>\n<div>\n<p>Os odores desagrad\u00e1veis \u200b\u200bainda s\u00e3o um problema para v\u00e1rios bairros perto de uma f\u00e1brica industrial de Jacksonville, no lado oeste da cidade. <\/p>\n<p>Os moradores dessa queixa compareceram a uma casa aberta na quinta-feira sobre a renova\u00e7\u00e3o da licen\u00e7a a\u00e9rea da International Flavors &#038; Fragrances Inc. na 2051 Lane Ave N. Muitos culparam a IFF por &#8220;desagrad\u00e1veis \u200b\u200bporra de aguarr\u00e1s&#8221;.<\/p>\n<p>Cindy Mathieson, de Murray Hill, vive a cerca de 8 km da f\u00e1brica. &#8220;Muitas vezes, de manh\u00e3 cedo, saio da porta da frente e sinto o cheiro produzido pela IFF&#8221;, disse ela. &#8220;\u00c0s vezes acordo no meio da noite e posso sentir o cheiro porque ele se infiltra em minha casa.&#8221;<\/p>\n<p>Mathieson disse que acorda com seios entupidos e dores de cabe\u00e7a.  <\/p>\n<p>O problema existe h\u00e1 anos, e centenas de moradores pr\u00f3ximos se queixaram da cidade e ao Departamento de Prote\u00e7\u00e3o Ambiental da Fl\u00f3rida.<\/p>\n<p>Mathieson acredita que o cheiro se dissipou quando a cidade conduziu <a href=\"https:\/\/jaxtoday.org\/2023\/08\/22\/jacksonville-reveals-results-of-odor-study\/\">um estudo de um ano<\/a> em 2022 e o odor foi monitorado. A Envirosuite, uma empresa de consultoria ambiental, instalou sensores para rastrear os odores em Murray Hill, Mixontown, Riverside, Lakeshore, Commonwealth e outros pontos.<\/p>\n<p>Mathieson disse <a href=\"https:\/\/www.jacksonville.gov\/getdoc\/438ad477-5867-4b32-b924-f4d55f2b6cdf\/urban-odor-study.aspx\" rel=\"nofollow noopener\" target=\"_blank\">os resultados desse estudo<\/a> eram um tanto &#8220;inconclusivos&#8221; e, como pararam de monitorar, o odor ainda est\u00e1 l\u00e1, embora n\u00e3o t\u00e3o consistente.    <\/p>\n<p>Mathieson disse quando fez reclama\u00e7\u00f5es \u00e0 cidade. Os investigadores da cidade acompanhar\u00e3o, mas ela disse que ningu\u00e9m do Departamento de Prote\u00e7\u00e3o Ambiental da Fl\u00f3rida nunca entrou em contato com ela.<\/p>\n<p>O Departamento de Prote\u00e7\u00e3o Ambiental n\u00e3o forneceu um porta -voz da m\u00eddia na reuni\u00e3o na quinta -feira.   <\/p>\n<figure class=\"wp-block-image size-large\"><figcaption class=\"wp-element-caption\">O morador de Murray Hill, Cindy Mathieson, preenche um cart\u00e3o de coment\u00e1rio na tabela do Departamento de Prote\u00e7\u00e3o Ambiental da Fl\u00f3rida (DEP) em uma casa aberta em 15 de maio de 2025 realizada no Florida State College em Jacksonville (FSCJ). Michelle Corum\/Jacksonville hoje.<\/figcaption><\/figure>\n<p>Mathieson chegou \u00e0 reuni\u00e3o para preencher um cart\u00e3o de coment\u00e1rio em uma tabela de informa\u00e7\u00f5es do Departamento de Prote\u00e7\u00e3o Ambiental. Ela quer que o departamento saiba que est\u00e1 lidando com a quest\u00e3o h\u00e1 mais de cinco anos.<\/p>\n<p>&#8220;Gostaria de ver o (departamento) crescer alguns dentes e morder um pouco mais o IFF&#8221;, disse Mathieson. &#8220;Aparentemente, a multa n\u00e3o \u00e9 suficiente. As multas precisam ser mais, mais severas e com mais frequ\u00eancia.&#8221;  <\/p>\n<p>O IFF divulgou esta declara\u00e7\u00e3o:<\/p>\n<p>\u201cO estado da Fl\u00f3rida possui alguns dos regulamentos de permiss\u00e3o de ar mais rigorosos do pa\u00eds, e as permiss\u00f5es do T\u00edtulo V garantem a conformidade com as leis ambientais estaduais e federais. O IFF permanece em total conformidade com nossa licen\u00e7a a\u00e9rea do T\u00edtulo V.<\/p>\n<p>\u201cAo longo de mais de 20 anos de opera\u00e7\u00e3o em nossas instala\u00e7\u00f5es de Jacksonville, utilizamos a melhor tecnologia da categoria e processos de monitoramento robustos para garantir que estamos impedindo os impactos da qualidade do ar e cumprindo todas as leis aplic\u00e1veis. Esperamos continuar trabalhando com o Departamento de Prote\u00e7\u00e3o Ambiental da Fl\u00f3rida durante todo o processo de renova\u00e7\u00e3o da licen\u00e7a.\u201d<\/p>\n<p>A licen\u00e7a autoriza a IFF a operar uma &#8220;instala\u00e7\u00e3o de processamento de torpentina de sulfato bruto&#8221;. Inclui tr\u00eas caldeiras a vapor, um sistema de coleta de vapor e tr\u00eas motores de emerg\u00eancia a diesel, diz o Departamento de Prote\u00e7\u00e3o Ambiental.<\/p>\n<p>A casa aberta foi realizada no Kent Campus do Florida State College, em Jacksonville. Coment\u00e1rios podem ser enviados ao Departamento de Prote\u00e7\u00e3o Ambiental em <a href=\"https:\/\/jaxtoday.org\/2025\/05\/16\/complaints-of-obnoxious-odors-persist-on-westside\/mailto:Kathryn.Craver@FloridaDEP.gov\">Kathryn.craver@floridadep.gov<\/a> at\u00e9 22 de maio.<strong> <\/strong><\/p>\n<\/div>\n<p><br \/>\n<br \/><a href=\"https:\/\/jaxtoday.org\/2025\/05\/16\/complaints-of-obnoxious-odors-persist-on-westside\/\">Source link <\/a><\/p>","protected":false},"excerpt":{"rendered":"<p>Os odores desagrad\u00e1veis \u200b\u200bainda s\u00e3o um problema para v\u00e1rios bairros perto de uma f\u00e1brica industrial de Jacksonville, no lado oeste da cidade. Os moradores dessa queixa compareceram a uma casa&hellip;<\/p>","protected":false},"author":1,"featured_media":118500,"comment_status":"closed","ping_status":"open","sticky":false,"template":"","format":"standard","meta":{"content-type":"","footnotes":""},"categories":[1],"tags":[],"class_list":["post-118499","post","type-post","status-publish","format-standard","has-post-thumbnail","hentry","category-uncategorized"],"_links":{"self":[{"href":"https:\/\/tvbrazilusa.com\/pt\/wp-json\/wp\/v2\/posts\/118499","targetHints":{"allow":["GET"]}}],"collection":[{"href":"https:\/\/tvbrazilusa.com\/pt\/wp-json\/wp\/v2\/posts"}],"about":[{"href":"https:\/\/tvbrazilusa.com\/pt\/wp-json\/wp\/v2\/types\/post"}],"author":[{"embeddable":true,"href":"https:\/\/tvbrazilusa.com\/pt\/wp-json\/wp\/v2\/users\/1"}],"replies":[{"embeddable":true,"href":"https:\/\/tvbrazilusa.com\/pt\/wp-json\/wp\/v2\/comments?post=118499"}],"version-history":[{"count":1,"href":"https:\/\/tvbrazilusa.com\/pt\/wp-json\/wp\/v2\/posts\/118499\/revisions"}],"predecessor-version":[{"id":118501,"href":"https:\/\/tvbrazilusa.com\/pt\/wp-json\/wp\/v2\/posts\/118499\/revisions\/118501"}],"wp:featuredmedia":[{"embeddable":true,"href":"https:\/\/tvbrazilusa.com\/pt\/wp-json\/wp\/v2\/media\/118500"}],"wp:attachment":[{"href":"https:\/\/tvbrazilusa.com\/pt\/wp-json\/wp\/v2\/media?parent=118499"}],"wp:term":[{"taxonomy":"category","embeddable":true,"href":"https:\/\/tvbrazilusa.com\/pt\/wp-json\/wp\/v2\/categories?post=118499"},{"taxonomy":"post_tag","embeddable":true,"href":"https:\/\/tvbrazilusa.com\/pt\/wp-json\/wp\/v2\/tags?post=118499"}],"curies":[{"name":"wp","href":"https:\/\/api.w.org\/{rel}","templated":true}]}}