{"id":118502,"date":"2025-05-16T16:05:39","date_gmt":"2025-05-16T16:05:39","guid":{"rendered":"https:\/\/tvbrazilusa.com\/2025\/05\/16\/estrela-de-wicked-para-falar-no-inicio-da-universidade-estadual-do-southern-connecticut\/"},"modified":"2025-05-16T16:08:40","modified_gmt":"2025-05-16T16:08:40","slug":"estrela-de-wicked-para-falar-no-inicio-da-universidade-estadual-do-southern-connecticut","status":"publish","type":"post","link":"https:\/\/tvbrazilusa.com\/pt\/2025\/05\/16\/estrela-de-wicked-para-falar-no-inicio-da-universidade-estadual-do-southern-connecticut\/","title":{"rendered":"Estrela de &#8216;Wicked&#8217; para falar no in\u00edcio da Universidade Estadual do Southern Connecticut"},"content":{"rendered":"<script async src=\"https:\/\/pagead2.googlesyndication.com\/pagead\/js\/adsbygoogle.js?client=ca-pub-8864793242727901\"\r\n     crossorigin=\"anonymous\"><\/script>\n<p>BRIDNEPORT, Connecticut (WTNH) &#8211; Uma estrela &#8220;Wicked&#8221; deve falar no in\u00edcio da Universidade Estadual do sul de Connecticut, anunciou a escola na quinta -feira. <\/p>\n<p>A advogada da atriz e defici\u00eancia Marissa Bode toca Nessarose na s\u00e9rie &#8220;Wicked&#8221; da Universal, ao lado de Ariana Grande, Cynthia Erivo e Jonathan Bailey. Ela foi a primeira usu\u00e1ria de cadeira de rodas a retratar o personagem, marcando um marco na representa\u00e7\u00e3o de invalidez em Hollywood. <\/p>\n<div class=\"nlp-ignore-block article-content rich-text\">\n<aside class=\"promo-link\">\n\t<a href=\"https:\/\/www.wtnh.com\/news\/connecticut\/tolland\/uconn-celebrates-commencement-at-storrs-campus\/?ipid=promo-link-block1\" class=\"promo-link__link\" target=\"\"_blank\"\"><\/p>\n<p>\t\tUConn comemora o in\u00edcio no campus de Storrs\t<\/a><br \/>\n<\/aside>\n<\/div>\n<p>Bode atua desde os 8 anos e treinou na American Musical and Dramatic Academy. Ela tamb\u00e9m atua como embaixadora de uma organiza\u00e7\u00e3o sem fins lucrativos que capacita as jovens de diversas origens, chamadas de salvar nossas filhas. <\/p>\n<p>Ela est\u00e1 pronta para dar o in\u00edcio da cerim\u00f4nia de gradua\u00e7\u00e3o da Universidade na Arena Total de Hipotecas em 22 de maio. <\/p>\n<p>O ex -secret\u00e1rio de Educa\u00e7\u00e3o dos EUA, Miguel Cardona, falar\u00e1 na cerim\u00f4nia de p\u00f3s -gradua\u00e7\u00e3o no final do dia. <\/p>\n<p>Antes de sua nomea\u00e7\u00e3o para o governo Biden, Cardona era o comiss\u00e1rio de educa\u00e7\u00e3o em Connecticut e um ex -professor de sala de aula em Meriden. <\/p>\n<p><br \/>\n<br \/><a href=\"https:\/\/www.wtnh.com\/news\/connecticut\/fairfield\/wicked-star-to-speak-at-southern-connecticut-state-university-commencement-marissa-bode-miguel-cardona-2025\/\">Source link <\/a><\/p>","protected":false},"excerpt":{"rendered":"<p>BRIDNEPORT, Connecticut (WTNH) &#8211; Uma estrela &#8220;Wicked&#8221; deve falar no in\u00edcio da Universidade Estadual do sul de Connecticut, anunciou a escola na quinta -feira. A advogada da atriz e defici\u00eancia&hellip;<\/p>","protected":false},"author":1,"featured_media":118503,"comment_status":"closed","ping_status":"open","sticky":false,"template":"","format":"standard","meta":{"content-type":"","footnotes":""},"categories":[1],"tags":[],"class_list":["post-118502","post","type-post","status-publish","format-standard","has-post-thumbnail","hentry","category-uncategorized"],"_links":{"self":[{"href":"https:\/\/tvbrazilusa.com\/pt\/wp-json\/wp\/v2\/posts\/118502","targetHints":{"allow":["GET"]}}],"collection":[{"href":"https:\/\/tvbrazilusa.com\/pt\/wp-json\/wp\/v2\/posts"}],"about":[{"href":"https:\/\/tvbrazilusa.com\/pt\/wp-json\/wp\/v2\/types\/post"}],"author":[{"embeddable":true,"href":"https:\/\/tvbrazilusa.com\/pt\/wp-json\/wp\/v2\/users\/1"}],"replies":[{"embeddable":true,"href":"https:\/\/tvbrazilusa.com\/pt\/wp-json\/wp\/v2\/comments?post=118502"}],"version-history":[{"count":1,"href":"https:\/\/tvbrazilusa.com\/pt\/wp-json\/wp\/v2\/posts\/118502\/revisions"}],"predecessor-version":[{"id":118504,"href":"https:\/\/tvbrazilusa.com\/pt\/wp-json\/wp\/v2\/posts\/118502\/revisions\/118504"}],"wp:featuredmedia":[{"embeddable":true,"href":"https:\/\/tvbrazilusa.com\/pt\/wp-json\/wp\/v2\/media\/118503"}],"wp:attachment":[{"href":"https:\/\/tvbrazilusa.com\/pt\/wp-json\/wp\/v2\/media?parent=118502"}],"wp:term":[{"taxonomy":"category","embeddable":true,"href":"https:\/\/tvbrazilusa.com\/pt\/wp-json\/wp\/v2\/categories?post=118502"},{"taxonomy":"post_tag","embeddable":true,"href":"https:\/\/tvbrazilusa.com\/pt\/wp-json\/wp\/v2\/tags?post=118502"}],"curies":[{"name":"wp","href":"https:\/\/api.w.org\/{rel}","templated":true}]}}