{"id":118519,"date":"2025-05-16T21:11:45","date_gmt":"2025-05-16T21:11:45","guid":{"rendered":"https:\/\/tvbrazilusa.com\/2025\/05\/16\/o-incendio-na-garagem-desliga-o-aeroporto-de-jacksonville-jacksonville-hoje\/"},"modified":"2025-05-16T21:14:22","modified_gmt":"2025-05-16T21:14:22","slug":"o-incendio-na-garagem-desliga-o-aeroporto-de-jacksonville-jacksonville-hoje","status":"publish","type":"post","link":"https:\/\/tvbrazilusa.com\/pt\/2025\/05\/16\/o-incendio-na-garagem-desliga-o-aeroporto-de-jacksonville-jacksonville-hoje\/","title":{"rendered":"O inc\u00eandio na garagem desliga o aeroporto de Jacksonville | Jacksonville hoje"},"content":{"rendered":"<p> <script async src=\"https:\/\/pagead2.googlesyndication.com\/pagead\/js\/adsbygoogle.js?client=ca-pub-8864793242727901\"\r\n     crossorigin=\"anonymous\"><\/script><br \/>\n<\/p>\n<div>\n<p>Um inc\u00eandio que aparentemente come\u00e7ou no terceiro conv\u00e9s da garagem a hora do Aeroporto Internacional de Jacksonville, no in\u00edcio da tarde de sexta -feira, for\u00e7ou o aeroporto a desligar durante grande parte da tarde.<\/p>\n<p>Os servi\u00e7os aeroportu\u00e1rios foram retomados por volta das 17h na sexta -feira, mas o &#8220;inc\u00eandio em v\u00e1rios n\u00edveis&#8221; causou grandes danos \u00e0 garagem. Partes da estrutura desabaram durante o inc\u00eandio.<\/p>\n<p>O inc\u00eandio foi relatado pela primeira vez por volta do meio -dia. Aparentemente, come\u00e7ou com um ve\u00edculo e depois se espalhou para cerca de 50, disse o chefe dos bombeiros Keith Powers. A fuma\u00e7a era vis\u00edvel &#8220;praticamente por toda a cidade&#8221;, disse Powers.<\/p>\n<p>&#8220;A maior parte desse fogo \u00e9 derrubada, mas obviamente precisamos conseguir entrar nos ve\u00edculos, dentro do espa\u00e7o do compartimento para extingui -lo completamente&#8221;, disse Powers. &#8220;Como houve um colapso parcial no segundo e terceiro andares e, em seguida, um colapso secund\u00e1rio cerca de 30 minutos depois, n\u00e3o estamos colocando bombeiros l\u00e1. Estamos usando drones para procurar qualquer um que possa estar l\u00e1&#8221;.<\/p>\n<p>N\u00e3o h\u00e1 evid\u00eancias de que algu\u00e9m possa estar dentro de qualquer um dos carros na garagem, pois as equipes de engenharia est\u00e3o avaliando todos os danos no que ser\u00e1 &#8220;um longo processo&#8221;, disse Powers.<\/p>\n<p>Nenhuma causa exata para o inc\u00eandio \u00e9 conhecida, disse Powers.<\/p>\n<p>&#8220;O aeroporto tem v\u00eddeo e vimos o v\u00eddeo e sabemos que come\u00e7ou com um ve\u00edculo individual que pegou fogo&#8221;, disse Powers. &#8220;Mas n\u00e3o sabemos nenhum detalhe sobre esse ve\u00edculo-que tipo de ve\u00edculo era, seja el\u00e9trico ou um ve\u00edculo movido a g\u00e1s&#8221;.<\/p>\n<p>O tr\u00e1fego dentro e fora do aeroporto foi fechado depois que o inc\u00eandio foi descoberto. V\u00e1rios voos de entrada foram inicialmente listados como cancelados <a href=\"https:\/\/www.flyjacksonville.com\/\" rel=\"nofollow noopener\" target=\"_blank\">Site do Aeroporto Internacional de Jacksonville<\/a>enquanto a maioria das partidas foi listada no cronograma, apesar de um banner no site \u00e0s 15h, afirmando que o aeroporto foi fechado &#8220;devido a uma emerg\u00eancia de inc\u00eandio na garagem&#8221;.<\/p>\n<p>\u00c0 medida que a limpeza continua, os funcion\u00e1rios do aeroporto dizem que os viajantes precisam verificar com as companhias a\u00e9reas dentro de altera\u00e7\u00f5es do cronograma, se houver, al\u00e9m de encontrar uma maneira de chegar ao aeroporto que n\u00e3o envolve estacionamento l\u00e1.<\/p>\n<p>&#8220;No meio do prazo, significa que temos menos vagas para fornecer&#8221;, disse o porta -voz da Autoridade do Aeroporto, Michael Stewart. &#8220;E sugerimos que os viajantes que cheguem ao aeroporto que est\u00e3o pegando voos usam Uber ou Lyft ou algumas das op\u00e7\u00f5es de estacionamento fora do aeroporto que est\u00e3o dispon\u00edveis&#8221;.<\/p>\n<p>Os retornos de aluguel de carros tamb\u00e9m podem ser afetados; portanto, entre em contato com essas empresas, disse ele.<\/p>\n<p>O inc\u00eandio foi relatado apenas algumas horas depois que o aeroporto foi postado em X de que sua garagem di\u00e1ria e lote de superf\u00edcie foram preenchidos, enquanto a garagem por hora estava chegando \u00e0 capacidade.<\/p>\n<figure class=\"wp-block-image size-large\"><figcaption class=\"wp-element-caption\">Um caminh\u00e3o de escada \u00e9 usado para combater o inc\u00eandio na sexta -feira, 16 de maio de 2025, no extremo sul da garagem a hora do aeroporto. | News4Jax<\/figcaption><\/figure>\n<p>A garagem foi inspecionada pela \u00faltima vez pela cidade em outubro, disse Powers. <\/p>\n<p>A garagem por hora fica no extremo sul do complexo de estacionamento do aeroporto, ao lado de onde <a href=\"https:\/\/jaxtoday.org\/2024\/11\/22\/record-travel-jacksonville-airport\/\">Uma terceira garagem est\u00e1 agora em constru\u00e7\u00e3o<\/a> a um custo estimado de US $ 100 milh\u00f5es. A nova garagem de 151.000 p\u00e9s quadrados fornecer\u00e1 2.200 espa\u00e7os adicionais. Ele est\u00e1 programado para abrir no final de 2026, com seis n\u00edveis e espa\u00e7o para 2.000 ve\u00edculos.<\/p>\n<p>A prefeita Donna Deegan disse que o inc\u00eandio na sexta-feira n\u00e3o afetar\u00e1 a constru\u00e7\u00e3o da terceira garagem, &#8220;mas, a curto prazo, estamos com alguns milhares de vagas de estacionamento&#8221;.<\/p>\n<p>O aeroporto tamb\u00e9m est\u00e1 construindo um <a href=\"https:\/\/jaxtoday.org\/2024\/05\/10\/construction-begins-on-new-concourse-at-jax-airport\/\">Concurso de 190.000 p\u00e9s quadrados b<\/a> Isso trar\u00e1 seis novos port\u00f5es para o terminal, aumentando os 20 em concursos A e C.<\/p>\n<\/div>\n<p><br \/>\n<br \/><a href=\"https:\/\/jaxtoday.org\/2025\/05\/16\/parking-garage-fire-shuts-down-jacksonvilles-airport\/\">Source link <\/a><\/p>","protected":false},"excerpt":{"rendered":"<p>Um inc\u00eandio que aparentemente come\u00e7ou no terceiro conv\u00e9s da garagem a hora do Aeroporto Internacional de Jacksonville, no in\u00edcio da tarde de sexta -feira, for\u00e7ou o aeroporto a desligar durante&hellip;<\/p>","protected":false},"author":1,"featured_media":118520,"comment_status":"closed","ping_status":"open","sticky":false,"template":"","format":"standard","meta":{"content-type":"","footnotes":""},"categories":[1],"tags":[],"class_list":["post-118519","post","type-post","status-publish","format-standard","has-post-thumbnail","hentry","category-uncategorized"],"_links":{"self":[{"href":"https:\/\/tvbrazilusa.com\/pt\/wp-json\/wp\/v2\/posts\/118519","targetHints":{"allow":["GET"]}}],"collection":[{"href":"https:\/\/tvbrazilusa.com\/pt\/wp-json\/wp\/v2\/posts"}],"about":[{"href":"https:\/\/tvbrazilusa.com\/pt\/wp-json\/wp\/v2\/types\/post"}],"author":[{"embeddable":true,"href":"https:\/\/tvbrazilusa.com\/pt\/wp-json\/wp\/v2\/users\/1"}],"replies":[{"embeddable":true,"href":"https:\/\/tvbrazilusa.com\/pt\/wp-json\/wp\/v2\/comments?post=118519"}],"version-history":[{"count":1,"href":"https:\/\/tvbrazilusa.com\/pt\/wp-json\/wp\/v2\/posts\/118519\/revisions"}],"predecessor-version":[{"id":118521,"href":"https:\/\/tvbrazilusa.com\/pt\/wp-json\/wp\/v2\/posts\/118519\/revisions\/118521"}],"wp:featuredmedia":[{"embeddable":true,"href":"https:\/\/tvbrazilusa.com\/pt\/wp-json\/wp\/v2\/media\/118520"}],"wp:attachment":[{"href":"https:\/\/tvbrazilusa.com\/pt\/wp-json\/wp\/v2\/media?parent=118519"}],"wp:term":[{"taxonomy":"category","embeddable":true,"href":"https:\/\/tvbrazilusa.com\/pt\/wp-json\/wp\/v2\/categories?post=118519"},{"taxonomy":"post_tag","embeddable":true,"href":"https:\/\/tvbrazilusa.com\/pt\/wp-json\/wp\/v2\/tags?post=118519"}],"curies":[{"name":"wp","href":"https:\/\/api.w.org\/{rel}","templated":true}]}}