{"id":118576,"date":"2025-05-18T14:06:00","date_gmt":"2025-05-18T14:06:00","guid":{"rendered":"https:\/\/tvbrazilusa.com\/2025\/05\/18\/esta-semana-em-connecticut-connecticut-public-health-commissioner-aguarda-noticias-sobre-cortes-no-orcamento-federal\/"},"modified":"2025-05-18T14:11:40","modified_gmt":"2025-05-18T14:11:40","slug":"esta-semana-em-connecticut-connecticut-public-health-commissioner-aguarda-noticias-sobre-cortes-no-orcamento-federal","status":"publish","type":"post","link":"https:\/\/tvbrazilusa.com\/pt\/2025\/05\/18\/esta-semana-em-connecticut-connecticut-public-health-commissioner-aguarda-noticias-sobre-cortes-no-orcamento-federal\/","title":{"rendered":"Esta semana em Connecticut: Connecticut Public Health Commissioner aguarda not\u00edcias sobre cortes no or\u00e7amento federal"},"content":{"rendered":"<script async src=\"https:\/\/pagead2.googlesyndication.com\/pagead\/js\/adsbygoogle.js?client=ca-pub-8864793242727901\"\r\n     crossorigin=\"anonymous\"><\/script>\n<p>Connecticut (WTNH) &#8211; O comiss\u00e1rio do Departamento de Sa\u00fade P\u00fablica, Dr. Manisha Juthani, est\u00e1 navegando em potenciais cortes do governo federal. Ela conversou com a Dennis House nesta semana em Connecticut sobre como as pessoas em Connecticut poderiam ser impactadas.<\/p>\n<p>Assista acima.<\/p>\n<div class=\"nlp-ignore-block article-content rich-text\">\n<section class=\"article-list article-list--link_group\">\n<div class=\"article-list__content\">\n<h2 class=\"article-list__label\">Esta semana em Connecticut<\/h2>\n<div class=\"article-list__triangle\"><\/div>\n<section class=\"article-list article-list--headline-one-col article-list--link-group\">\n<div class=\"article-list__content\" data-module-type=\"no-title\">\n<article class=\"article-list__article\" data-article-id=\"2224503\" data-context=\"link_group\" data-index=\"0\" data-collection=\"article-list1\" data-anvato-params=\"{\"pauseontabinactive\":false}\">\n\t\t\t<!-- Next line is not the perfect\/ideal way to control hiding the items. Can revisit later. --><\/p>\n<div class=\"article-list__article-text\" data-context=\"link_group\" data-article-list-id=\"article-list1\" data-article-text-classes=\"article-list__article-text\" data-article-thumb-classes=\"article-list__article-thumb\" data-current-image-context=\"[\"16:9\",\"(max-width: 1023px) 50vw, 876px\"]\">\n<p>\t\t\t\t<a class=\"article-list__gradient-link\" href=\"https:\/\/www.wtnh.com\/on-air\/thisweekinconnecticut\/this-week-in-connecticut-connecticut-public-health-commissioner-awaits-news-on-federal-budget-cuts\/\" data-link-type=\"content-link\" data-link-position=\"1\" data-link-pinned=\"false\" data-link-label=\"This Week in Connecticut: Connecticut Public Health Commissioner awaits news on federal budget cuts\"><br \/>\n\t\t<\/a><\/p>\n<h2 class=\"article-list__article-title\">\n\t\t\t\t\t\t\t\t\t\t\t\t\t<a href=\"https:\/\/www.wtnh.com\/on-air\/thisweekinconnecticut\/this-week-in-connecticut-connecticut-public-health-commissioner-awaits-news-on-federal-budget-cuts\/\" class=\"article-list__article-link\" data-link-type=\"content-link\" data-link-position=\"1\" data-link-pinned=\"false\" data-link-label=\"This Week in Connecticut: Connecticut Public Health Commissioner awaits news on federal budget cuts\"><\/p>\n<p>\t\t\tCT Comm de Sa\u00fade P\u00fablica aguarda not\u00edcias sobre cortes no or\u00e7amento<br \/>\n\t\t\t\t\t\t\t\t\t\t<\/a><br \/>\n\t\t\t\t\t<\/h2>\n<p><span aria-hidden=\"true\" class=\"article-list__article-mediaicon article-list__article-mediaicon--video\"><br \/>\n\t<span class=\"article-list__article-mediaicon-svg\"><\/p>\n<p>\t\t.cls-3 {preenchimento: #fff; preenchimento-regra: parodd}<br \/>\n\t<\/span><br \/>\n\t<\/span>\n\t<\/div>\n<\/article>\n<article class=\"article-list__article\" data-article-id=\"2224505\" data-context=\"link_group\" data-index=\"1\" data-collection=\"article-list1\" data-anvato-params=\"{\"pauseontabinactive\":false}\">\n\t\t\t<!-- Next line is not the perfect\/ideal way to control hiding the items. Can revisit later. --><\/p>\n<div class=\"article-list__article-text\" data-context=\"link_group\" data-article-list-id=\"article-list1\" data-article-text-classes=\"article-list__article-text\" data-article-thumb-classes=\"article-list__article-thumb\" data-current-image-context=\"[\"16:9\",\"(max-width: 1023px) 50vw, 876px\"]\">\n<p>\t\t\t\t<a class=\"article-list__gradient-link\" href=\"https:\/\/www.wtnh.com\/on-air\/thisweekinconnecticut\/this-week-in-connecticut-social-services-commissioner-fears-cuts-could-impact-medicaid-in-connecticut\/\" data-link-type=\"content-link\" data-link-position=\"2\" data-link-pinned=\"false\" data-link-label=\"This Week in Connecticut: Social Services Commissioner fears cuts could impact Medicaid in Connecticut\"><br \/>\n\t\t<\/a><\/p>\n<h2 class=\"article-list__article-title\">\n\t\t\t\t\t\t\t\t\t\t\t\t\t<a href=\"https:\/\/www.wtnh.com\/on-air\/thisweekinconnecticut\/this-week-in-connecticut-social-services-commissioner-fears-cuts-could-impact-medicaid-in-connecticut\/\" class=\"article-list__article-link\" data-link-type=\"content-link\" data-link-position=\"2\" data-link-pinned=\"false\" data-link-label=\"This Week in Connecticut: Social Services Commissioner fears cuts could impact Medicaid in Connecticut\"><\/p>\n<p>\t\t\tOs cortes podem afetar o Medicaid em Conn: DSS Comm&#8217;r<br \/>\n\t\t\t\t\t\t\t\t\t\t<\/a><br \/>\n\t\t\t\t\t<\/h2>\n<p><span aria-hidden=\"true\" class=\"article-list__article-mediaicon article-list__article-mediaicon--video\"><br \/>\n\t<span class=\"article-list__article-mediaicon-svg\"><\/p>\n<p>\t\t.cls-3 {preenchimento: #fff; preenchimento-regra: parodd}<br \/>\n\t<\/span><br \/>\n\t<\/span>\n\t<\/div>\n<\/article>\n<article class=\"article-list__article\" data-article-id=\"2224508\" data-context=\"link_group\" data-index=\"2\" data-collection=\"article-list1\" data-anvato-params=\"{\"pauseontabinactive\":false}\">\n\t\t\t<!-- Next line is not the perfect\/ideal way to control hiding the items. Can revisit later. --><\/p>\n<div class=\"article-list__article-text\" data-context=\"link_group\" data-article-list-id=\"article-list1\" data-article-text-classes=\"article-list__article-text\" data-article-thumb-classes=\"article-list__article-thumb\" data-current-image-context=\"[\"16:9\",\"(max-width: 1023px) 50vw, 876px\"]\">\n<p>\t\t\t\t<a class=\"article-list__gradient-link\" href=\"https:\/\/www.wtnh.com\/on-air\/thisweekinconnecticut\/this-week-in-connecticut-developer-seeks-100-million-from-state-for-bridgeport-soccer-stadium\/\" data-link-type=\"content-link\" data-link-position=\"3\" data-link-pinned=\"false\" data-link-label=\"This Week in Connecticut: Developer seeks $100 million from state for Bridgeport soccer stadium\"><br \/>\n\t\t<\/a><\/p>\n<h2 class=\"article-list__article-title\">\n\t\t\t\t\t\t\t\t\t\t\t\t\t<a href=\"https:\/\/www.wtnh.com\/on-air\/thisweekinconnecticut\/this-week-in-connecticut-developer-seeks-100-million-from-state-for-bridgeport-soccer-stadium\/\" class=\"article-list__article-link\" data-link-type=\"content-link\" data-link-position=\"3\" data-link-pinned=\"false\" data-link-label=\"This Week in Connecticut: Developer seeks $100 million from state for Bridgeport soccer stadium\"><\/p>\n<p>\t\t\tDesenvolvedor procura US $ 100 milh\u00f5es para o Bridgeport Stadium<br \/>\n\t\t\t\t\t\t\t\t\t\t<\/a><br \/>\n\t\t\t\t\t<\/h2>\n<p><span aria-hidden=\"true\" class=\"article-list__article-mediaicon article-list__article-mediaicon--video\"><br \/>\n\t<span class=\"article-list__article-mediaicon-svg\"><\/p>\n<p>\t\t.cls-3 {preenchimento: #fff; preenchimento-regra: parodd}<br \/>\n\t<\/span><br \/>\n\t<\/span>\n\t<\/div>\n<\/article>\n<article class=\"article-list__article\" data-article-id=\"2217051\" data-context=\"link_group\" data-index=\"3\" data-collection=\"article-list1\" data-anvato-params=\"{\"pauseontabinactive\":false}\">\n\t\t\t<!-- Next line is not the perfect\/ideal way to control hiding the items. Can revisit later. --><\/p>\n<div class=\"article-list__article-text\" data-context=\"link_group\" data-article-list-id=\"article-list1\" data-article-text-classes=\"article-list__article-text\" data-article-thumb-classes=\"article-list__article-thumb\" data-current-image-context=\"[\"16:9\",\"(max-width: 1023px) 50vw, 876px\"]\">\n<p>\t\t\t\t<a class=\"article-list__gradient-link\" href=\"https:\/\/www.wtnh.com\/on-air\/thisweekinconnecticut\/this-week-in-connecticut-hartford-bishop-lunched-with-pope-leo-xiv\/\" data-link-type=\"content-link\" data-link-position=\"4\" data-link-pinned=\"false\" data-link-label=\"This Week in Connecticut: Hartford Bishop lunched with Pope Leo XIV\"><br \/>\n\t\t<\/a><\/p>\n<h2 class=\"article-list__article-title\">\n\t\t\t\t\t\t\t\t\t\t\t\t\t<a href=\"https:\/\/www.wtnh.com\/on-air\/thisweekinconnecticut\/this-week-in-connecticut-hartford-bishop-lunched-with-pope-leo-xiv\/\" class=\"article-list__article-link\" data-link-type=\"content-link\" data-link-position=\"4\" data-link-pinned=\"false\" data-link-label=\"This Week in Connecticut: Hartford Bishop lunched with Pope Leo XIV\"><\/p>\n<p>\t\t\tBispo de Hartford almo\u00e7ou com o papa Leo XIV<br \/>\n\t\t\t\t\t\t\t\t\t\t<\/a><br \/>\n\t\t\t\t\t<\/h2>\n<p><span aria-hidden=\"true\" class=\"article-list__article-mediaicon article-list__article-mediaicon--video\"><br \/>\n\t<span class=\"article-list__article-mediaicon-svg\"><\/p>\n<p>\t\t.cls-3 {preenchimento: #fff; preenchimento-regra: parodd}<br \/>\n\t<\/span><br \/>\n\t<\/span>\n\t<\/div>\n<\/article>\n<article class=\"article-list__article\" data-article-id=\"2217073\" data-context=\"link_group\" data-index=\"4\" data-collection=\"article-list1\" data-anvato-params=\"{\"pauseontabinactive\":false}\">\n\t\t\t<!-- Next line is not the perfect\/ideal way to control hiding the items. Can revisit later. --><\/p>\n<div class=\"article-list__article-text\" data-context=\"link_group\" data-article-list-id=\"article-list1\" data-article-text-classes=\"article-list__article-text\" data-article-thumb-classes=\"article-list__article-thumb\" data-current-image-context=\"[\"16:9\",\"(max-width: 1023px) 50vw, 876px\"]\">\n<p>\t\t\t\t<a class=\"article-list__gradient-link\" href=\"https:\/\/www.wtnh.com\/on-air\/thisweekinconnecticut\/this-week-in-connecticut-hartford-pastor-weighs-in-on-police-chief-search\/\" data-link-type=\"content-link\" data-link-position=\"5\" data-link-pinned=\"false\" data-link-label=\"This Week in Connecticut: Hartford Pastor weighs in on police chief search\"><br \/>\n\t\t<\/a><\/p>\n<h2 class=\"article-list__article-title\">\n\t\t\t\t\t\t\t\t\t\t\t\t\t<a href=\"https:\/\/www.wtnh.com\/on-air\/thisweekinconnecticut\/this-week-in-connecticut-hartford-pastor-weighs-in-on-police-chief-search\/\" class=\"article-list__article-link\" data-link-type=\"content-link\" data-link-position=\"5\" data-link-pinned=\"false\" data-link-label=\"This Week in Connecticut: Hartford Pastor weighs in on police chief search\"><\/p>\n<p>\t\t\tO pastor de Hartford pesa a pesquisa chefe da pol\u00edcia<br \/>\n\t\t\t\t\t\t\t\t\t\t<\/a><br \/>\n\t\t\t\t\t<\/h2>\n<p><span aria-hidden=\"true\" class=\"article-list__article-mediaicon article-list__article-mediaicon--video\"><br \/>\n\t<span class=\"article-list__article-mediaicon-svg\"><\/p>\n<p>\t\t.cls-3 {preenchimento: #fff; preenchimento-regra: parodd}<br \/>\n\t<\/span><br \/>\n\t<\/span>\n\t<\/div>\n<\/article>\n<article class=\"article-list__article\" data-article-id=\"2217057\" data-context=\"link_group\" data-index=\"5\" data-collection=\"article-list1\" data-anvato-params=\"{\"pauseontabinactive\":false}\">\n\t\t\t<!-- Next line is not the perfect\/ideal way to control hiding the items. Can revisit later. --><\/p>\n<div class=\"article-list__article-text\" data-context=\"link_group\" data-article-list-id=\"article-list1\" data-article-text-classes=\"article-list__article-text\" data-article-thumb-classes=\"article-list__article-thumb\" data-current-image-context=\"[\"16:9\",\"(max-width: 1023px) 50vw, 876px\"]\">\n<p>\t\t\t\t<a class=\"article-list__gradient-link\" href=\"https:\/\/www.wtnh.com\/on-air\/thisweekinconnecticut\/this-week-in-connecticut-daily-ructions-and-hartford-courant-columnist-on-the-2026-governors-race\/\" data-link-type=\"content-link\" data-link-position=\"6\" data-link-pinned=\"false\" data-link-label=\"This Week in Connecticut: Daily Ructions and Hartford Courant columnist on the 2026 governor\u2019s race\"><br \/>\n\t\t<\/a><\/p>\n<h2 class=\"article-list__article-title\">\n\t\t\t\t\t\t\t\t\t\t\t\t\t<a href=\"https:\/\/www.wtnh.com\/on-air\/thisweekinconnecticut\/this-week-in-connecticut-daily-ructions-and-hartford-courant-columnist-on-the-2026-governors-race\/\" class=\"article-list__article-link\" data-link-type=\"content-link\" data-link-position=\"6\" data-link-pinned=\"false\" data-link-label=\"This Week in Connecticut: Daily Ructions and Hartford Courant columnist on the 2026 governor\u2019s race\"><\/p>\n<p>\t\t\tColunista do Courant Hartford na corrida do governador de 2026<br \/>\n\t\t\t\t\t\t\t\t\t\t<\/a><br \/>\n\t\t\t\t\t<\/h2>\n<p><span aria-hidden=\"true\" class=\"article-list__article-mediaicon article-list__article-mediaicon--video\"><br \/>\n\t<span class=\"article-list__article-mediaicon-svg\"><\/p>\n<p>\t\t.cls-3 {preenchimento: #fff; preenchimento-regra: parodd}<br \/>\n\t<\/span><br \/>\n\t<\/span>\n\t<\/div>\n<\/article>\n<\/div>\n<\/section><\/div>\n<\/section>\n<\/div>\n<p><br \/>\n<br \/><a href=\"https:\/\/www.wtnh.com\/on-air\/thisweekinconnecticut\/this-week-in-connecticut-connecticut-public-health-commissioner-awaits-news-on-federal-budget-cuts\/\">Source link <\/a><\/p>","protected":false},"excerpt":{"rendered":"<p>Connecticut (WTNH) &#8211; O comiss\u00e1rio do Departamento de Sa\u00fade P\u00fablica, Dr. Manisha Juthani, est\u00e1 navegando em potenciais cortes do governo federal. Ela conversou com a Dennis House nesta semana em&hellip;<\/p>","protected":false},"author":1,"featured_media":118577,"comment_status":"closed","ping_status":"open","sticky":false,"template":"","format":"standard","meta":{"content-type":"","footnotes":""},"categories":[1],"tags":[],"class_list":["post-118576","post","type-post","status-publish","format-standard","has-post-thumbnail","hentry","category-uncategorized"],"_links":{"self":[{"href":"https:\/\/tvbrazilusa.com\/pt\/wp-json\/wp\/v2\/posts\/118576","targetHints":{"allow":["GET"]}}],"collection":[{"href":"https:\/\/tvbrazilusa.com\/pt\/wp-json\/wp\/v2\/posts"}],"about":[{"href":"https:\/\/tvbrazilusa.com\/pt\/wp-json\/wp\/v2\/types\/post"}],"author":[{"embeddable":true,"href":"https:\/\/tvbrazilusa.com\/pt\/wp-json\/wp\/v2\/users\/1"}],"replies":[{"embeddable":true,"href":"https:\/\/tvbrazilusa.com\/pt\/wp-json\/wp\/v2\/comments?post=118576"}],"version-history":[{"count":1,"href":"https:\/\/tvbrazilusa.com\/pt\/wp-json\/wp\/v2\/posts\/118576\/revisions"}],"predecessor-version":[{"id":118578,"href":"https:\/\/tvbrazilusa.com\/pt\/wp-json\/wp\/v2\/posts\/118576\/revisions\/118578"}],"wp:featuredmedia":[{"embeddable":true,"href":"https:\/\/tvbrazilusa.com\/pt\/wp-json\/wp\/v2\/media\/118577"}],"wp:attachment":[{"href":"https:\/\/tvbrazilusa.com\/pt\/wp-json\/wp\/v2\/media?parent=118576"}],"wp:term":[{"taxonomy":"category","embeddable":true,"href":"https:\/\/tvbrazilusa.com\/pt\/wp-json\/wp\/v2\/categories?post=118576"},{"taxonomy":"post_tag","embeddable":true,"href":"https:\/\/tvbrazilusa.com\/pt\/wp-json\/wp\/v2\/tags?post=118576"}],"curies":[{"name":"wp","href":"https:\/\/api.w.org\/{rel}","templated":true}]}}