{"id":118585,"date":"2025-05-18T14:30:00","date_gmt":"2025-05-18T14:30:00","guid":{"rendered":"https:\/\/tvbrazilusa.com\/2025\/05\/18\/relatorio-do-capitolio-legislacao-de-ia-cortes-do-medicaid-bill-summer-camp\/"},"modified":"2025-05-18T14:38:58","modified_gmt":"2025-05-18T14:38:58","slug":"relatorio-do-capitolio-legislacao-de-ia-cortes-do-medicaid-bill-summer-camp","status":"publish","type":"post","link":"https:\/\/tvbrazilusa.com\/pt\/2025\/05\/18\/relatorio-do-capitolio-legislacao-de-ia-cortes-do-medicaid-bill-summer-camp\/","title":{"rendered":"Relat\u00f3rio do Capit\u00f3lio: legisla\u00e7\u00e3o de IA, cortes do Medicaid, Bill Summer Camp"},"content":{"rendered":"<script async src=\"https:\/\/pagead2.googlesyndication.com\/pagead\/js\/adsbygoogle.js?client=ca-pub-8864793242727901\"\r\n     crossorigin=\"anonymous\"><\/script>\n<p>NEW HAVEN, Connecticut (WTNH) &#8211; Nesta semana, no Relat\u00f3rio do Capit\u00f3lio, o painel discute o Senado do Estado que aprova a legisla\u00e7\u00e3o da IA, a &#8220;lei do acampamento de ver\u00e3o&#8221; e os cortes em potencial no Medicaid. <\/p>\n<p>Ent\u00e3o, o comiss\u00e1rio do DCF, Jodi Hill-Lilly, se junta ao programa para falar sobre o M\u00eas Nacional de Assist\u00eancia Social.<\/p>\n<p>O painel discute uma troca recente entre o deputado MJ Shannon (D-117) e o deputado Joe Canino (R-65) sobre a identidade de g\u00eanero. <\/p>\n<p>Finalmente, o painel fala sobre o jogo de kickball democrata versus republicano no Dunkin &#8216;Park. <\/p>\n<div class=\"nlp-ignore-block article-content rich-text\">\n<section class=\"article-list article-list--link_group\">\n<div class=\"article-list__content\">\n<h2 class=\"article-list__label\">Relat\u00f3rio do Capit\u00f3lio<\/h2>\n<div class=\"article-list__triangle\"><\/div>\n<section class=\"article-list article-list--headline-one-col article-list--link-group\">\n<div class=\"article-list__content\" data-module-type=\"no-title\">\n<article class=\"article-list__article\" data-article-id=\"2224512\" data-context=\"link_group\" data-index=\"0\" data-collection=\"article-list1\" data-anvato-params=\"{\"pauseontabinactive\":false}\">\n\t\t\t<!-- Next line is not the perfect\/ideal way to control hiding the items. Can revisit later. --><\/p>\n<div class=\"article-list__article-text\" data-context=\"link_group\" data-article-list-id=\"article-list1\" data-article-text-classes=\"article-list__article-text\" data-article-thumb-classes=\"article-list__article-thumb\" data-current-image-context=\"[\"16:9\",\"(max-width: 1023px) 50vw, 876px\"]\">\n<p>\t\t\t\t<a class=\"article-list__gradient-link\" href=\"https:\/\/www.wtnh.com\/on-air\/capitol-report\/capitol-report-a-i-legislation-medicaid-cuts-summer-camp-bill\/\" data-link-type=\"content-link\" data-link-position=\"1\" data-link-pinned=\"false\" data-link-label=\"Capitol Report: A.I. legislation, Medicaid cuts, summer camp bill\"><br \/>\n\t\t<\/a><\/p>\n<h2 class=\"article-list__article-title\">\n\t\t\t\t\t\t\t\t\t\t\t\t\t<a href=\"https:\/\/www.wtnh.com\/on-air\/capitol-report\/capitol-report-a-i-legislation-medicaid-cuts-summer-camp-bill\/\" class=\"article-list__article-link\" data-link-type=\"content-link\" data-link-position=\"1\" data-link-pinned=\"false\" data-link-label=\"Capitol Report: A.I. legislation, Medicaid cuts, summer camp bill\"><\/p>\n<p>\t\t\tRelat\u00f3rio do Capit\u00f3lio: legisla\u00e7\u00e3o de IA, cortes do Medicaid<br \/>\n\t\t\t\t\t\t\t\t\t\t<\/a><br \/>\n\t\t\t\t\t<\/h2>\n<p><span aria-hidden=\"true\" class=\"article-list__article-mediaicon article-list__article-mediaicon--video\"><br \/>\n\t<span class=\"article-list__article-mediaicon-svg\"><\/p>\n<p>\t\t.cls-3 {preenchimento: #fff; preenchimento-regra: parodd}<br \/>\n\t<\/span><br \/>\n\t<\/span>\n\t<\/div>\n<\/article>\n<article class=\"article-list__article\" data-article-id=\"2217036\" data-context=\"link_group\" data-index=\"1\" data-collection=\"article-list1\" data-anvato-params=\"{\"pauseontabinactive\":false}\">\n\t\t\t<!-- Next line is not the perfect\/ideal way to control hiding the items. Can revisit later. --><\/p>\n<div class=\"article-list__article-text\" data-context=\"link_group\" data-article-list-id=\"article-list1\" data-article-text-classes=\"article-list__article-text\" data-article-thumb-classes=\"article-list__article-thumb\" data-current-image-context=\"[\"16:9\",\"(max-width: 1023px) 50vw, 876px\"]\">\n<p>\t\t\t\t<a class=\"article-list__gradient-link\" href=\"https:\/\/www.wtnh.com\/on-air\/capitol-report\/capitol-report-2025-legislative-session-recap-pw-strike-update\/\" data-link-type=\"content-link\" data-link-position=\"2\" data-link-pinned=\"false\" data-link-label=\"Capitol Report: 2025 Legislative Session recap, P&#038;W strike update\"><br \/>\n\t\t<\/a><\/p>\n<h2 class=\"article-list__article-title\">\n\t\t\t\t\t\t\t\t\t\t\t\t\t<a href=\"https:\/\/www.wtnh.com\/on-air\/capitol-report\/capitol-report-2025-legislative-session-recap-pw-strike-update\/\" class=\"article-list__article-link\" data-link-type=\"content-link\" data-link-position=\"2\" data-link-pinned=\"false\" data-link-label=\"Capitol Report: 2025 Legislative Session recap, P&#038;W strike update\"><\/p>\n<p>\t\t\tRelat\u00f3rio do Capit\u00f3lio: 2025 Recapitula\u00e7\u00e3o da sess\u00e3o legislativa<br \/>\n\t\t\t\t\t\t\t\t\t\t<\/a><br \/>\n\t\t\t\t\t<\/h2>\n<p><span aria-hidden=\"true\" class=\"article-list__article-mediaicon article-list__article-mediaicon--video\"><br \/>\n\t<span class=\"article-list__article-mediaicon-svg\"><\/p>\n<p>\t\t.cls-3 {preenchimento: #fff; preenchimento-regra: parodd}<br \/>\n\t<\/span><br \/>\n\t<\/span>\n\t<\/div>\n<\/article>\n<article class=\"article-list__article\" data-article-id=\"2209400\" data-context=\"link_group\" data-index=\"2\" data-collection=\"article-list1\" data-anvato-params=\"{\"pauseontabinactive\":false}\">\n\t\t\t<!-- Next line is not the perfect\/ideal way to control hiding the items. Can revisit later. --><\/p>\n<div class=\"article-list__article-text\" data-context=\"link_group\" data-article-list-id=\"article-list1\" data-article-text-classes=\"article-list__article-text\" data-article-thumb-classes=\"article-list__article-thumb\" data-current-image-context=\"[\"16:9\",\"(max-width: 1023px) 50vw, 876px\"]\">\n<p>\t\t\t\t<a class=\"article-list__gradient-link\" href=\"https:\/\/www.wtnh.com\/on-air\/capitol-report\/capitol-report-budget-proposals-cscu-chancellor-steps-aside-amid-controversy\/\" data-link-type=\"content-link\" data-link-position=\"3\" data-link-pinned=\"false\" data-link-label=\"Capitol Report: Budget proposals, CSCU Chancellor steps aside amid controversy\"><br \/>\n\t\t<\/a><\/p>\n<h2 class=\"article-list__article-title\">\n\t\t\t\t\t\t\t\t\t\t\t\t\t<a href=\"https:\/\/www.wtnh.com\/on-air\/capitol-report\/capitol-report-budget-proposals-cscu-chancellor-steps-aside-amid-controversy\/\" class=\"article-list__article-link\" data-link-type=\"content-link\" data-link-position=\"3\" data-link-pinned=\"false\" data-link-label=\"Capitol Report: Budget proposals, CSCU Chancellor steps aside amid controversy\"><\/p>\n<p>\t\t\tRelat\u00f3rio do Capit\u00f3lio: propostas de or\u00e7amento, controv\u00e9rsia da CSCU<br \/>\n\t\t\t\t\t\t\t\t\t\t<\/a><br \/>\n\t\t\t\t\t<\/h2>\n<p><span aria-hidden=\"true\" class=\"article-list__article-mediaicon article-list__article-mediaicon--video\"><br \/>\n\t<span class=\"article-list__article-mediaicon-svg\"><\/p>\n<p>\t\t.cls-3 {preenchimento: #fff; preenchimento-regra: parodd}<br \/>\n\t<\/span><br \/>\n\t<\/span>\n\t<\/div>\n<\/article>\n<\/div>\n<\/section><\/div>\n<\/section>\n<\/div>\n<p><br \/>\n<br \/><a href=\"https:\/\/www.wtnh.com\/on-air\/capitol-report\/capitol-report-a-i-legislation-medicaid-cuts-summer-camp-bill\/\">Source link <\/a><\/p>","protected":false},"excerpt":{"rendered":"<p>NEW HAVEN, Connecticut (WTNH) &#8211; Nesta semana, no Relat\u00f3rio do Capit\u00f3lio, o painel discute o Senado do Estado que aprova a legisla\u00e7\u00e3o da IA, a &#8220;lei do acampamento de ver\u00e3o&#8221;&hellip;<\/p>","protected":false},"author":1,"featured_media":57216,"comment_status":"closed","ping_status":"open","sticky":false,"template":"","format":"standard","meta":{"content-type":"","footnotes":""},"categories":[1],"tags":[],"class_list":["post-118585","post","type-post","status-publish","format-standard","has-post-thumbnail","hentry","category-uncategorized"],"_links":{"self":[{"href":"https:\/\/tvbrazilusa.com\/pt\/wp-json\/wp\/v2\/posts\/118585","targetHints":{"allow":["GET"]}}],"collection":[{"href":"https:\/\/tvbrazilusa.com\/pt\/wp-json\/wp\/v2\/posts"}],"about":[{"href":"https:\/\/tvbrazilusa.com\/pt\/wp-json\/wp\/v2\/types\/post"}],"author":[{"embeddable":true,"href":"https:\/\/tvbrazilusa.com\/pt\/wp-json\/wp\/v2\/users\/1"}],"replies":[{"embeddable":true,"href":"https:\/\/tvbrazilusa.com\/pt\/wp-json\/wp\/v2\/comments?post=118585"}],"version-history":[{"count":1,"href":"https:\/\/tvbrazilusa.com\/pt\/wp-json\/wp\/v2\/posts\/118585\/revisions"}],"predecessor-version":[{"id":118586,"href":"https:\/\/tvbrazilusa.com\/pt\/wp-json\/wp\/v2\/posts\/118585\/revisions\/118586"}],"wp:featuredmedia":[{"embeddable":true,"href":"https:\/\/tvbrazilusa.com\/pt\/wp-json\/wp\/v2\/media\/57216"}],"wp:attachment":[{"href":"https:\/\/tvbrazilusa.com\/pt\/wp-json\/wp\/v2\/media?parent=118585"}],"wp:term":[{"taxonomy":"category","embeddable":true,"href":"https:\/\/tvbrazilusa.com\/pt\/wp-json\/wp\/v2\/categories?post=118585"},{"taxonomy":"post_tag","embeddable":true,"href":"https:\/\/tvbrazilusa.com\/pt\/wp-json\/wp\/v2\/tags?post=118585"}],"curies":[{"name":"wp","href":"https:\/\/api.w.org\/{rel}","templated":true}]}}