{"id":118669,"date":"2025-05-20T01:10:49","date_gmt":"2025-05-20T01:10:49","guid":{"rendered":"https:\/\/tvbrazilusa.com\/2025\/05\/20\/proposta-retirada-para-a-troca-de-terras-de-conservacao-de-guana-jacksonville-hoje\/"},"modified":"2025-05-20T01:14:38","modified_gmt":"2025-05-20T01:14:38","slug":"proposta-retirada-para-a-troca-de-terras-de-conservacao-de-guana-jacksonville-hoje","status":"publish","type":"post","link":"https:\/\/tvbrazilusa.com\/pt\/2025\/05\/20\/proposta-retirada-para-a-troca-de-terras-de-conservacao-de-guana-jacksonville-hoje\/","title":{"rendered":"Proposta retirada para a troca de terras de conserva\u00e7\u00e3o de Guana | Jacksonville hoje"},"content":{"rendered":"<p> <script async src=\"https:\/\/pagead2.googlesyndication.com\/pagead\/js\/adsbygoogle.js?client=ca-pub-8864793242727901\"\r\n     crossorigin=\"anonymous\"><\/script><br \/>\n<\/p>\n<div>\n<p>Depois que a oposi\u00e7\u00e3o bipartid\u00e1ria surgiu para um acordo de troca de terras proposto que poderia ter levado a <a href=\"https:\/\/jaxtoday.org\/2025\/05\/15\/st-johns-conservation-land-could-be-developed-under-proposed-land-swap\/\">O desenvolvimento de terras de conserva\u00e7\u00e3o perto de Ponte Vedra<\/a>o estado da Fl\u00f3rida diz que o plano est\u00e1 fora de conta. <\/p>\n<p>Um painel estadual foi estabelecido na quarta -feira para discutir a troca de 600 acres de terras de conserva\u00e7\u00e3o sens\u00edvel na \u00e1rea de gerenciamento da vida selvagem de Guana por 3.000 acres de terras de conserva\u00e7\u00e3o espalhadas pela Fl\u00f3rida. <\/p>\n<p>&#8220;O requerente informou o Departamento de Prote\u00e7\u00e3o Ambiental da Fl\u00f3rida de sua decis\u00e3o de retirar sua solicita\u00e7\u00e3o de troca de terras&#8221;, disse um porta -voz do departamento ao departamento <em>Jacksonville hoje <\/em>Segunda \u00e0 noite.<\/p>\n<p>Em uma carta ao Estado, um representante da Upland LLC, a empresa privada que prop\u00f4s a controversa troca de terras, citou &#8220;sentimento p\u00fablico resultante de desinforma\u00e7\u00e3o&#8221; como a raz\u00e3o pela qual a empresa retirou sua proposta.<\/p>\n<p>O plano teria dado ao Estado mais terras de conserva\u00e7\u00e3o, escreveu um representante de Upland.<\/p>\n<p>&#8220;Para deixar claro, nunca houve nenhuma inten\u00e7\u00e3o de desenvolver a terra adquirida para fins de desenvolvimento comercial ou comunit\u00e1rio&#8221;, escreveu um advogado ao Departamento de Prote\u00e7\u00e3o Ambiental da Fl\u00f3rida. &#8220;Em vez disso, a troca teria resultado em acres adicionais para a conserva\u00e7\u00e3o da terra da Fl\u00f3rida.&#8221; <\/p>\n<p>A proposta tornou -se p\u00fablica na semana passada, quando a agenda de um painel estadual listou a troca de terras como um item para discuss\u00e3o nesta semana. A oposi\u00e7\u00e3o foi r\u00e1pida &#8211; de centenas de pessoas que sa\u00edram para protestar pelo plano neste fim de semana at\u00e9 <a href=\"https:\/\/jaxtrib.org\/2025\/05\/18\/susie-wiles-trumps-chief-of-staff-slams-controversial-northeast-florida-land-deal\/\" rel=\"nofollow noopener\" target=\"_blank\">Chefe de gabinete do presidente Donald Trump<\/a> Susie Wiles, nordeste da Fl\u00f3rida.<\/p>\n<p>Com pouca informa\u00e7\u00e3o sobre quem estava por tr\u00e1s da proposta ou o que a Mysterious Upland LLC queria fazer com a terra de conserva\u00e7\u00e3o, as preocupa\u00e7\u00f5es borbulhavam o potencial de um conjunto habitacional ou campo de golfe nas terras de conserva\u00e7\u00e3o.<\/p>\n<p>A proposta disse que \u201ca maioria dos habitats de \u00e1reas \u00famidas ser\u00e1 evitada para garantir que eles estejam sob conserva\u00e7\u00e3o em perpetuidade\u201d, mas ofereceram pouco mais em termos de detalhes. <\/p>\n<p>Rep. Estadual Kim Kendall, R-St. Augustine estava programado para anunciar um plano de ataque contra a proposta na manh\u00e3 de ter\u00e7a-feira ao lado do prefeito de Santo Agostinho, Nancy Sikes-Kline,, o prefeito de Santo Agostinho, Dylan Rumrell e outros.<\/p>\n<p>Audubon Florida comemorou a retirada da proposta nas m\u00eddias sociais na noite de segunda -feira.<\/p>\n<p>&#8220;Voc\u00ea falou para uma terra cr\u00edtica de conserva\u00e7\u00e3o e eles ouviram voc\u00ea&#8221;, um post em <a href=\"https:\/\/x.com\/AudubonFL\" rel=\"nofollow\" target=\"_blank\">a p\u00e1gina x do grupo<\/a> disse.<\/p>\n<p>A carta do advogado de Upland do Dep State indica que as propostas futuras de troca de terras n\u00e3o est\u00e3o fora de quest\u00e3o. <\/p>\n<p>&#8220;O candidato permanece comprometido em preservar o habitat natural da Fl\u00f3rida e apoiar os esfor\u00e7os de conserva\u00e7\u00e3o do estado&#8221;, diz o comunicado. &#8220;Nesse sentido, esperamos conversas cont\u00ednuas sobre o m\u00e9todo preferido de preservar as terras de conserva\u00e7\u00e3o da Fl\u00f3rida e como podemos contribuir para esse objetivo cr\u00edtico&#8221;.<\/p>\n<\/div>\n<p><br \/>\n<br \/><a href=\"https:\/\/jaxtoday.org\/2025\/05\/19\/proposal-withdrawn-for-guana-conservation-land-swap\/\">Source link <\/a><\/p>","protected":false},"excerpt":{"rendered":"<p>Depois que a oposi\u00e7\u00e3o bipartid\u00e1ria surgiu para um acordo de troca de terras proposto que poderia ter levado a O desenvolvimento de terras de conserva\u00e7\u00e3o perto de Ponte Vedrao estado&hellip;<\/p>","protected":false},"author":1,"featured_media":118670,"comment_status":"closed","ping_status":"open","sticky":false,"template":"","format":"standard","meta":{"content-type":"","footnotes":""},"categories":[1],"tags":[],"class_list":["post-118669","post","type-post","status-publish","format-standard","has-post-thumbnail","hentry","category-uncategorized"],"_links":{"self":[{"href":"https:\/\/tvbrazilusa.com\/pt\/wp-json\/wp\/v2\/posts\/118669","targetHints":{"allow":["GET"]}}],"collection":[{"href":"https:\/\/tvbrazilusa.com\/pt\/wp-json\/wp\/v2\/posts"}],"about":[{"href":"https:\/\/tvbrazilusa.com\/pt\/wp-json\/wp\/v2\/types\/post"}],"author":[{"embeddable":true,"href":"https:\/\/tvbrazilusa.com\/pt\/wp-json\/wp\/v2\/users\/1"}],"replies":[{"embeddable":true,"href":"https:\/\/tvbrazilusa.com\/pt\/wp-json\/wp\/v2\/comments?post=118669"}],"version-history":[{"count":1,"href":"https:\/\/tvbrazilusa.com\/pt\/wp-json\/wp\/v2\/posts\/118669\/revisions"}],"predecessor-version":[{"id":118671,"href":"https:\/\/tvbrazilusa.com\/pt\/wp-json\/wp\/v2\/posts\/118669\/revisions\/118671"}],"wp:featuredmedia":[{"embeddable":true,"href":"https:\/\/tvbrazilusa.com\/pt\/wp-json\/wp\/v2\/media\/118670"}],"wp:attachment":[{"href":"https:\/\/tvbrazilusa.com\/pt\/wp-json\/wp\/v2\/media?parent=118669"}],"wp:term":[{"taxonomy":"category","embeddable":true,"href":"https:\/\/tvbrazilusa.com\/pt\/wp-json\/wp\/v2\/categories?post=118669"},{"taxonomy":"post_tag","embeddable":true,"href":"https:\/\/tvbrazilusa.com\/pt\/wp-json\/wp\/v2\/tags?post=118669"}],"curies":[{"name":"wp","href":"https:\/\/api.w.org\/{rel}","templated":true}]}}