{"id":118725,"date":"2025-05-21T02:56:11","date_gmt":"2025-05-21T02:56:11","guid":{"rendered":"https:\/\/tvbrazilusa.com\/2025\/05\/21\/jacksonville-celebra-o-dia-da-emancipacao-da-florida-jacksonville-hoje\/"},"modified":"2025-05-21T03:00:50","modified_gmt":"2025-05-21T03:00:50","slug":"jacksonville-celebra-o-dia-da-emancipacao-da-florida-jacksonville-hoje","status":"publish","type":"post","link":"https:\/\/tvbrazilusa.com\/pt\/2025\/05\/21\/jacksonville-celebra-o-dia-da-emancipacao-da-florida-jacksonville-hoje\/","title":{"rendered":"Jacksonville celebra o dia da emancipa\u00e7\u00e3o da Fl\u00f3rida | Jacksonville hoje"},"content":{"rendered":"<p> <script async src=\"https:\/\/pagead2.googlesyndication.com\/pagead\/js\/adsbygoogle.js?client=ca-pub-8864793242727901\"\r\n     crossorigin=\"anonymous\"><\/script><br \/>\n<\/p>\n<div>\n<p>Na ter\u00e7a -feira, as autoridades da cidade de Jacksonville comemoraram o 160\u00ba anivers\u00e1rio do Dia da Emancipa\u00e7\u00e3o na Fl\u00f3rida. <\/p>\n<p>Eles lembraram que a liberta\u00e7\u00e3o negra nos EUA foi coberta pelo sangue da Guerra Civil. Eles tamb\u00e9m defenderam a liberdade, a resili\u00eancia e a esperan\u00e7a dos dias e d\u00e9cadas pela frente.<\/p>\n<p>O Earth MM White ajudou a organizar a primeira comemora\u00e7\u00e3o do Dia da Emancipa\u00e7\u00e3o de Jacksonville em 1913. Ju&#8217;coby Pittman, membro do Conselho, que funciona como CEO da Miss\u00e3o Clara White, reviveu a celebra\u00e7\u00e3o em 2021.<\/p>\n<p>&#8220;Como uma mulher do conselho do Conselho da Cidade de Jacksonville e um servo orgulhoso desta comunidade, estou inspirado em at\u00e9 onde chegamos, mas lembramos at\u00e9 onde devemos ir para garantir que nossa heran\u00e7a n\u00e3o seja esquecida&#8221;, disse Pittman. &#8220;Localmente, em todo o estado e nacionalmente, a emancipa\u00e7\u00e3o n\u00e3o era o fim, foi o come\u00e7o de uma longa e cont\u00ednua jornada.&#8221;<\/p>\n<div class=\"wp-block-image\">\n<figure class=\"aligncenter size-large\"><figcaption class=\"wp-element-caption\">A prefeita de Jacksonville, Donna Deegan, realiza uma proclama\u00e7\u00e3o comemorando o 160\u00ba anivers\u00e1rio do Dia da emancipa\u00e7\u00e3o da Fl\u00f3rida com o membro do Conselho da Cidade de Jacksonville, Ju&#8217;coby Pittman, em 20 de maio de 2025. Will Brown, <em>Jacksonville hoje<\/em><\/figcaption><\/figure>\n<\/div>\n<h3 class=\"wp-block-heading\">O que \u00e9 o dia da emancipa\u00e7\u00e3o?<\/h3>\n<p>Quando o presidente Abraham Lincoln emitiu a Proclama\u00e7\u00e3o de Emancipa\u00e7\u00e3o em 1\u00ba de janeiro de 1863, declarou o governo dos EUA &#8211; incluindo os militares &#8211; reconheceria e mantinha a liberdade de pessoas que foram escravizadas na Fl\u00f3rida e nove outros estados que se separaram do pa\u00eds.<\/p>\n<p>O historiador local Adonica Toler observou durante a celebra\u00e7\u00e3o de ter\u00e7a -feira na prefeitura que a proclama\u00e7\u00e3o foi lida em Jacksonville, St. Augustine, Pensacola e Key West porque o sindicato controlava essas cidades em janeiro de 1863.<\/p>\n<p>Demorou mais de dois anos para not\u00edcias dessa liberdade para alcan\u00e7ar outras partes da pen\u00ednsula.<\/p>\n<p>Quando fez, o governador da Fl\u00f3rida havia tirado a pr\u00f3pria vida depois de perceber que a guerra foi perdida, Robert E. Lee se rendeu a Appomattox para acabar com a maior parte dos combates, e Lincoln havia sido assassinado. <\/p>\n<p>Em maio de 1865, o general da Uni\u00e3o Edward M. McCook chegou a Tallahassee para aceitar a rendi\u00e7\u00e3o das for\u00e7as confederadas na Fl\u00f3rida. Em 20 de maio, ele leu a Proclama\u00e7\u00e3o de Emancipa\u00e7\u00e3o em Tallahassee e declarou todas as pessoas escravizadas na Fl\u00f3rida.<\/p>\n<p>Demorou quase um m\u00eas para que a not\u00edcia chegasse a Galveston, Texas. Em 19 de junho de 1865, o Texas se tornou o \u00faltimo estado a homenagear a Proclama\u00e7\u00e3o de Emancipa\u00e7\u00e3o. O feriado federal de Juneteenth comemora o fim da escravid\u00e3o no Texas.<\/p>\n<p>A leitura de McCook inaugurou a era da reconstru\u00e7\u00e3o na Fl\u00f3rida. Nos cinco anos seguintes, Jacksonville cresceu como <a href=\"https:\/\/www.thejaxsonmag.com\/article\/jacksonville-in-the-1870s\/\" rel=\"nofollow noopener\" target=\"_blank\">Pessoas rec\u00e9m -libertadas se reuniram aqui para oportunidades de emprego<\/a>. Esse per\u00edodo tamb\u00e9m viu um trio de emendas constitucionais federais que aboliram a escravid\u00e3o (13), fornecendo prote\u00e7\u00f5es de cidadania (14\u00ba) e estabeleceram o direito de votar (15\u00ba).<\/p>\n<div class=\"wp-block-image\">\n<figure class=\"aligncenter size-large\"><img loading=\"lazy\" color=\"918a6d\" transparency=\"false\" style=\"--dominant-color: #918a6d;\" decoding=\"async\" width=\"1024\" height=\"576\" src=\"https:\/\/jaxtoday.org\/wp-content\/uploads\/2025\/05\/May-20-City-of-Jacksonville-Emancipation-Day-celebration-9-1024x576.jpg\" alt=\"\" class=\"not-transparent wp-image-94397\" srcset=\"https:\/\/jaxtoday.org\/wp-content\/uploads\/2025\/05\/May-20-City-of-Jacksonville-Emancipation-Day-celebration-9-1024x576.jpg 1024w, https:\/\/jaxtoday.org\/wp-content\/uploads\/2025\/05\/May-20-City-of-Jacksonville-Emancipation-Day-celebration-9-300x169.jpg 300w, https:\/\/jaxtoday.org\/wp-content\/uploads\/2025\/05\/May-20-City-of-Jacksonville-Emancipation-Day-celebration-9-768x432.jpg 768w, https:\/\/jaxtoday.org\/wp-content\/uploads\/2025\/05\/May-20-City-of-Jacksonville-Emancipation-Day-celebration-9-1536x864.jpg 1536w, https:\/\/jaxtoday.org\/wp-content\/uploads\/2025\/05\/May-20-City-of-Jacksonville-Emancipation-Day-celebration-9-2048x1152.jpg 2048w, https:\/\/jaxtoday.org\/wp-content\/uploads\/2025\/05\/May-20-City-of-Jacksonville-Emancipation-Day-celebration-9-800x450.jpg 800w, https:\/\/jaxtoday.org\/wp-content\/uploads\/2025\/05\/May-20-City-of-Jacksonville-Emancipation-Day-celebration-9-1200x675.jpg 1200w, https:\/\/jaxtoday.org\/wp-content\/uploads\/2025\/05\/May-20-City-of-Jacksonville-Emancipation-Day-celebration-9-427x240.jpg 427w, https:\/\/jaxtoday.org\/wp-content\/uploads\/2025\/05\/May-20-City-of-Jacksonville-Emancipation-Day-celebration-9-100x56.jpg 100w, https:\/\/jaxtoday.org\/wp-content\/uploads\/2025\/05\/May-20-City-of-Jacksonville-Emancipation-Day-celebration-9-1650x928.jpg 1650w\" sizes=\"auto, (max-width: 1024px) 100vw, 1024px\"\/><figcaption class=\"wp-element-caption\">Latasha Murphy realiza uma sele\u00e7\u00e3o musical durante a lembran\u00e7a da cidade de Jacksonville do Dia da emancipa\u00e7\u00e3o da Fl\u00f3rida em 20 de maio de 2025. Will Brown, <em>Jacksonville hoje<\/em><\/figcaption><\/figure>\n<\/div>\n<h3 class=\"wp-block-heading\">Da emancipa\u00e7\u00e3o \u00e0 cidadania<\/h3>\n<p>Quando a 14\u00aa emenda foi ratificada em julho de 1868, garantiu a cidadania para pessoas anteriormente escravizadas, que haviam sido negadas em preenchimento quando a Constitui\u00e7\u00e3o foi ratificada em 1788: \u201cTodas as pessoas nascidas ou naturalizadas no Estados Unidos e est\u00e3o sujeitas \u00e0 jurisdi\u00e7\u00e3o, s\u00e3o cidad\u00e3os dos Estados Unidos e do Estado onde eles <\/p>\n<p>A Suprema Corte decidiu por unanimidade h\u00e1 quase 130 anos que a 14\u00aa emenda garantiu que todas as pessoas nascidas em solo americano s\u00e3o cidad\u00e3os. A celebra\u00e7\u00e3o do Dia da emancipa\u00e7\u00e3o de Jacksonville na ter\u00e7a -feira veio menos de uma semana depois que a Suprema Corte dos EUA ouviu uma discuss\u00e3o do governo Trump sobre por que deveria derrubar <a href=\"https:\/\/www.npr.org\/2025\/05\/16\/nx-s1-5399779\/supreme-court-justices-seem-divided-in-birthright-citizenship-arguments\" rel=\"nofollow noopener\" target=\"_blank\">Cidadania da primogenitura<\/a> Para os filhos de imigrantes sem documentos. <\/p>\n<p>O procurador -geral dos EUA, John Sauer, argumentou perante o Tribunal em 15 de maio que a cl\u00e1usula de cidadania na 14\u00aa emenda est\u00e1 &#8220;relacionada aos filhos de ex -escravos, n\u00e3o a estrangeiros ilegais que nem estavam presentes como uma aula discreta naquela \u00e9poca&#8221;.<\/p>\n<div class=\"wp-block-image\">\n<figure class=\"aligncenter size-large\"><img loading=\"lazy\" color=\"334b61\" transparency=\"false\" style=\"--dominant-color: #334b61;\" decoding=\"async\" width=\"1024\" height=\"576\" src=\"https:\/\/jaxtoday.org\/wp-content\/uploads\/2025\/05\/May-20-City-of-Jacksonville-Emancipation-Day-celebration-6-1024x576.jpg\" alt=\"\" class=\"not-transparent wp-image-94394\" srcset=\"https:\/\/jaxtoday.org\/wp-content\/uploads\/2025\/05\/May-20-City-of-Jacksonville-Emancipation-Day-celebration-6-1024x576.jpg 1024w, https:\/\/jaxtoday.org\/wp-content\/uploads\/2025\/05\/May-20-City-of-Jacksonville-Emancipation-Day-celebration-6-300x169.jpg 300w, https:\/\/jaxtoday.org\/wp-content\/uploads\/2025\/05\/May-20-City-of-Jacksonville-Emancipation-Day-celebration-6-768x432.jpg 768w, https:\/\/jaxtoday.org\/wp-content\/uploads\/2025\/05\/May-20-City-of-Jacksonville-Emancipation-Day-celebration-6-1536x864.jpg 1536w, https:\/\/jaxtoday.org\/wp-content\/uploads\/2025\/05\/May-20-City-of-Jacksonville-Emancipation-Day-celebration-6-2048x1152.jpg 2048w, https:\/\/jaxtoday.org\/wp-content\/uploads\/2025\/05\/May-20-City-of-Jacksonville-Emancipation-Day-celebration-6-800x450.jpg 800w, https:\/\/jaxtoday.org\/wp-content\/uploads\/2025\/05\/May-20-City-of-Jacksonville-Emancipation-Day-celebration-6-1200x675.jpg 1200w, https:\/\/jaxtoday.org\/wp-content\/uploads\/2025\/05\/May-20-City-of-Jacksonville-Emancipation-Day-celebration-6-427x240.jpg 427w, https:\/\/jaxtoday.org\/wp-content\/uploads\/2025\/05\/May-20-City-of-Jacksonville-Emancipation-Day-celebration-6-100x56.jpg 100w, https:\/\/jaxtoday.org\/wp-content\/uploads\/2025\/05\/May-20-City-of-Jacksonville-Emancipation-Day-celebration-6-1650x928.jpg 1650w\" sizes=\"auto, (max-width: 1024px) 100vw, 1024px\"\/><figcaption class=\"wp-element-caption\">Mal Jones \u00e9 um poeta de Jacksonville, cuja apresenta\u00e7\u00e3o da palavra falada durante a celebra\u00e7\u00e3o do Dia da Emancipa\u00e7\u00e3o de Jacksonville chamou pol\u00edticos do s\u00e9culo XIX que confirmaram a escraviza\u00e7\u00e3o. | Will Brown, <em>Jacksonville hoje<\/em><\/figcaption><\/figure>\n<\/div>\n<p>O poeta de Jacksonville, Mal Jones, que se apresentou na ter\u00e7a -feira, disse que a letras de seu material de estudo no ensino m\u00e9dio \u00e9 o que o ajudou a se formar no que foi chamado de Robert E. Lee High School. <\/p>\n<p>Durante seu desempenho de palavras faladas, ele bateu: &#8220;Ainda estamos mudando os nomes das escolas aqui, geralmente. Andrew Jackson, que vendeu escravos durante sua presid\u00eancia. Fazia com que os jovens promovessem a mudan\u00e7a que todos queremos ver&#8221;. <\/p>\n<p>A celebra\u00e7\u00e3o de uma hora contou com a presen\u00e7a de um grupo bipartid\u00e1rio de autoridades locais. O presidente do Conselho da Cidade, Randy White, sentou -se ao lado da prefeita Donna Deegan, bem como os membros do conselho Michael Boylan e Ron Salem.  <\/p>\n<p>&#8220;Para todos os residentes de Jacksonville, este dia nos lembra que a hist\u00f3ria vive n\u00e3o apenas no passado, mas nas escolhas que fazemos agora, nas escolhas que fazemos todos os dias. Na maneira como constru\u00edmos comunidades inclusivas, como ensinamos nossos filhos, como nos tratamos&#8221;, disse Deegan. &#8220;O Dia da emancipa\u00e7\u00e3o da Fl\u00f3rida \u00e9 sobre a verdade. \u00c9 sobre cura e \u00e9 sobre esperan\u00e7a. Ent\u00e3o, hoje, lembremos que a liberdade, n\u00e3o \u00e9 apenas um ideal. \u00c9 uma promessa &#8211; uma promessa que devemos continuar lutando juntos&#8221;.<\/p>\n<div class=\"wp-block-image\">\n<figure class=\"aligncenter size-large\"><img loading=\"lazy\" color=\"4e6173\" transparency=\"false\" style=\"--dominant-color: #4e6173;\" decoding=\"async\" width=\"1024\" height=\"576\" src=\"https:\/\/jaxtoday.org\/wp-content\/uploads\/2025\/05\/May-20-City-of-Jacksonville-Emancipation-Day-celebration-12-1024x576.jpg\" alt=\"\" class=\"not-transparent wp-image-94393\" srcset=\"https:\/\/jaxtoday.org\/wp-content\/uploads\/2025\/05\/May-20-City-of-Jacksonville-Emancipation-Day-celebration-12-1024x576.jpg 1024w, https:\/\/jaxtoday.org\/wp-content\/uploads\/2025\/05\/May-20-City-of-Jacksonville-Emancipation-Day-celebration-12-300x169.jpg 300w, https:\/\/jaxtoday.org\/wp-content\/uploads\/2025\/05\/May-20-City-of-Jacksonville-Emancipation-Day-celebration-12-768x432.jpg 768w, https:\/\/jaxtoday.org\/wp-content\/uploads\/2025\/05\/May-20-City-of-Jacksonville-Emancipation-Day-celebration-12-1536x864.jpg 1536w, https:\/\/jaxtoday.org\/wp-content\/uploads\/2025\/05\/May-20-City-of-Jacksonville-Emancipation-Day-celebration-12-2048x1152.jpg 2048w, https:\/\/jaxtoday.org\/wp-content\/uploads\/2025\/05\/May-20-City-of-Jacksonville-Emancipation-Day-celebration-12-800x450.jpg 800w, https:\/\/jaxtoday.org\/wp-content\/uploads\/2025\/05\/May-20-City-of-Jacksonville-Emancipation-Day-celebration-12-1200x675.jpg 1200w, https:\/\/jaxtoday.org\/wp-content\/uploads\/2025\/05\/May-20-City-of-Jacksonville-Emancipation-Day-celebration-12-427x240.jpg 427w, https:\/\/jaxtoday.org\/wp-content\/uploads\/2025\/05\/May-20-City-of-Jacksonville-Emancipation-Day-celebration-12-100x56.jpg 100w, https:\/\/jaxtoday.org\/wp-content\/uploads\/2025\/05\/May-20-City-of-Jacksonville-Emancipation-Day-celebration-12-1650x928.jpg 1650w\" sizes=\"auto, (max-width: 1024px) 100vw, 1024px\"\/><figcaption class=\"wp-element-caption\">O membro do Conselho da Cidade de Jacksonville, Rahman Johnson, atua como mestre de cerim\u00f4nias da celebra\u00e7\u00e3o da cidade de Jacksonville, no Dia da emancipa\u00e7\u00e3o da Fl\u00f3rida, na ter\u00e7a -feira, 20 de maio de 2025. Will Brown, <em>Jacksonville hoje<\/em><\/figcaption><\/figure>\n<\/div>\n<p>O membro do conselho, Rahman Johnson, serviu como mestre de cerim\u00f4nias. Ele disse que as celebra\u00e7\u00f5es do Dia da Emancipa\u00e7\u00e3o no estado s\u00e3o necess\u00e1rias e mostram a sabedoria da comunidade crescendo ao longo das d\u00e9cadas.<\/p>\n<p>Johnson disse que Jacksonville est\u00e1 &#8220;honrado em ficar com comprometimento e comemora\u00e7\u00e3o inabal\u00e1veis \u200b\u200bque nos levaram a esse momento de trabalho, trabalho e lutar para declarar para aqueles que vieram antes de n\u00f3s: n\u00f3s o vemos. Ouvimos voc\u00ea. E, por causa de voc\u00ea, podemos ficar t\u00e3o sem reservas&#8221;.<\/p>\n<\/div>\n<p><br \/>\n<br \/><a href=\"https:\/\/jaxtoday.org\/2025\/05\/20\/jacksonville-celebrates-floridas-emancipation-day\/\">Source link <\/a><\/p>","protected":false},"excerpt":{"rendered":"<p>Na ter\u00e7a -feira, as autoridades da cidade de Jacksonville comemoraram o 160\u00ba anivers\u00e1rio do Dia da Emancipa\u00e7\u00e3o na Fl\u00f3rida. Eles lembraram que a liberta\u00e7\u00e3o negra nos EUA foi coberta pelo&hellip;<\/p>","protected":false},"author":1,"featured_media":118726,"comment_status":"closed","ping_status":"open","sticky":false,"template":"","format":"standard","meta":{"content-type":"","footnotes":""},"categories":[1],"tags":[],"class_list":["post-118725","post","type-post","status-publish","format-standard","has-post-thumbnail","hentry","category-uncategorized"],"_links":{"self":[{"href":"https:\/\/tvbrazilusa.com\/pt\/wp-json\/wp\/v2\/posts\/118725","targetHints":{"allow":["GET"]}}],"collection":[{"href":"https:\/\/tvbrazilusa.com\/pt\/wp-json\/wp\/v2\/posts"}],"about":[{"href":"https:\/\/tvbrazilusa.com\/pt\/wp-json\/wp\/v2\/types\/post"}],"author":[{"embeddable":true,"href":"https:\/\/tvbrazilusa.com\/pt\/wp-json\/wp\/v2\/users\/1"}],"replies":[{"embeddable":true,"href":"https:\/\/tvbrazilusa.com\/pt\/wp-json\/wp\/v2\/comments?post=118725"}],"version-history":[{"count":1,"href":"https:\/\/tvbrazilusa.com\/pt\/wp-json\/wp\/v2\/posts\/118725\/revisions"}],"predecessor-version":[{"id":118727,"href":"https:\/\/tvbrazilusa.com\/pt\/wp-json\/wp\/v2\/posts\/118725\/revisions\/118727"}],"wp:featuredmedia":[{"embeddable":true,"href":"https:\/\/tvbrazilusa.com\/pt\/wp-json\/wp\/v2\/media\/118726"}],"wp:attachment":[{"href":"https:\/\/tvbrazilusa.com\/pt\/wp-json\/wp\/v2\/media?parent=118725"}],"wp:term":[{"taxonomy":"category","embeddable":true,"href":"https:\/\/tvbrazilusa.com\/pt\/wp-json\/wp\/v2\/categories?post=118725"},{"taxonomy":"post_tag","embeddable":true,"href":"https:\/\/tvbrazilusa.com\/pt\/wp-json\/wp\/v2\/tags?post=118725"}],"curies":[{"name":"wp","href":"https:\/\/api.w.org\/{rel}","templated":true}]}}