{"id":118764,"date":"2025-05-21T15:27:49","date_gmt":"2025-05-21T15:27:49","guid":{"rendered":"https:\/\/tvbrazilusa.com\/2025\/05\/21\/a-investigacao-continua-no-escritorio-do-xerife-de-baker-jacksonville-hoje\/"},"modified":"2025-05-21T15:32:32","modified_gmt":"2025-05-21T15:32:32","slug":"a-investigacao-continua-no-escritorio-do-xerife-de-baker-jacksonville-hoje","status":"publish","type":"post","link":"https:\/\/tvbrazilusa.com\/pt\/2025\/05\/21\/a-investigacao-continua-no-escritorio-do-xerife-de-baker-jacksonville-hoje\/","title":{"rendered":"A investiga\u00e7\u00e3o continua no escrit\u00f3rio do xerife de Baker | Jacksonville hoje"},"content":{"rendered":"<p> <script async src=\"https:\/\/pagead2.googlesyndication.com\/pagead\/js\/adsbygoogle.js?client=ca-pub-8864793242727901\"\r\n     crossorigin=\"anonymous\"><\/script><br \/>\n<\/p>\n<div>\n<p>O governador Ron DeSantis assinou na segunda -feira uma ordem executiva que indica uma investiga\u00e7\u00e3o no escrit\u00f3rio do xerife do condado de Baker continua.<\/p>\n<p>A ordem executiva n\u00e3o forneceu detalhes sobre a investiga\u00e7\u00e3o.<\/p>\n<p>DeSantis estendeu a atribui\u00e7\u00e3o de Melissa Nelson, advogada estadual do 4\u00ba Circuito Judicial, para trabalhar no caso do Departamento de Aplica\u00e7\u00e3o da Lei da Fl\u00f3rida.<\/p>\n<p>Nelson \u00e9 advogado estadual nos condados de Duval, Clay e Nassau, mas DeSantis a nomeou para a investiga\u00e7\u00e3o do condado de Baker em junho de 2024.<\/p>\n<p>Essa nomea\u00e7\u00e3o disse que Brian Kramer, o advogado estadual do 8\u00ba Circuito Judicial, que inclui o condado de Baker, se desqualificou porque havia endossado publicamente o xerife do condado de Baker Scotty Rhoden em uma campanha eleitoral.<\/p>\n<p>A Ordem Executiva de segunda -feira disse que Nelson aconselhou a Desantis que &#8220;as tarefas exigidas pela tarefa executiva anterior (junho de 2024) ainda n\u00e3o foram conclu\u00eddas como o caso ainda est\u00e1 pendente&#8221; e que &#8220;uma extens\u00e3o dessa tarefa \u00e9 necess\u00e1ria para concluir as tarefas atribu\u00eddas&#8221;.<\/p>\n<p>DeSantis aprovou uma extens\u00e3o at\u00e9 4 de junho de 2026.<\/p>\n<\/div>\n<p><br \/>\n<br \/><a href=\"https:\/\/jaxtoday.org\/2025\/05\/21\/investigation-continues-into-baker-sheriffs-office\/\">Source link <\/a><\/p>","protected":false},"excerpt":{"rendered":"<p>O governador Ron DeSantis assinou na segunda -feira uma ordem executiva que indica uma investiga\u00e7\u00e3o no escrit\u00f3rio do xerife do condado de Baker continua. A ordem executiva n\u00e3o forneceu detalhes&hellip;<\/p>","protected":false},"author":1,"featured_media":8289,"comment_status":"closed","ping_status":"open","sticky":false,"template":"","format":"standard","meta":{"content-type":"","footnotes":""},"categories":[1],"tags":[],"class_list":["post-118764","post","type-post","status-publish","format-standard","has-post-thumbnail","hentry","category-uncategorized"],"_links":{"self":[{"href":"https:\/\/tvbrazilusa.com\/pt\/wp-json\/wp\/v2\/posts\/118764","targetHints":{"allow":["GET"]}}],"collection":[{"href":"https:\/\/tvbrazilusa.com\/pt\/wp-json\/wp\/v2\/posts"}],"about":[{"href":"https:\/\/tvbrazilusa.com\/pt\/wp-json\/wp\/v2\/types\/post"}],"author":[{"embeddable":true,"href":"https:\/\/tvbrazilusa.com\/pt\/wp-json\/wp\/v2\/users\/1"}],"replies":[{"embeddable":true,"href":"https:\/\/tvbrazilusa.com\/pt\/wp-json\/wp\/v2\/comments?post=118764"}],"version-history":[{"count":1,"href":"https:\/\/tvbrazilusa.com\/pt\/wp-json\/wp\/v2\/posts\/118764\/revisions"}],"predecessor-version":[{"id":118765,"href":"https:\/\/tvbrazilusa.com\/pt\/wp-json\/wp\/v2\/posts\/118764\/revisions\/118765"}],"wp:featuredmedia":[{"embeddable":true,"href":"https:\/\/tvbrazilusa.com\/pt\/wp-json\/wp\/v2\/media\/8289"}],"wp:attachment":[{"href":"https:\/\/tvbrazilusa.com\/pt\/wp-json\/wp\/v2\/media?parent=118764"}],"wp:term":[{"taxonomy":"category","embeddable":true,"href":"https:\/\/tvbrazilusa.com\/pt\/wp-json\/wp\/v2\/categories?post=118764"},{"taxonomy":"post_tag","embeddable":true,"href":"https:\/\/tvbrazilusa.com\/pt\/wp-json\/wp\/v2\/tags?post=118764"}],"curies":[{"name":"wp","href":"https:\/\/api.w.org\/{rel}","templated":true}]}}