{"id":118824,"date":"2025-05-22T20:32:56","date_gmt":"2025-05-22T20:32:56","guid":{"rendered":"https:\/\/tvbrazilusa.com\/2025\/05\/22\/lamont-pressionando-para-expandir-oportunidades-de-matricula-dupla-para-estudantes-do-ensino-medio\/"},"modified":"2025-05-22T20:33:46","modified_gmt":"2025-05-22T20:33:46","slug":"lamont-pressionando-para-expandir-oportunidades-de-matricula-dupla-para-estudantes-do-ensino-medio","status":"publish","type":"post","link":"https:\/\/tvbrazilusa.com\/pt\/2025\/05\/22\/lamont-pressionando-para-expandir-oportunidades-de-matricula-dupla-para-estudantes-do-ensino-medio\/","title":{"rendered":"Lamont pressionando para expandir oportunidades de matr\u00edcula dupla para estudantes do ensino m\u00e9dio"},"content":{"rendered":"<script async src=\"https:\/\/pagead2.googlesyndication.com\/pagead\/js\/adsbygoogle.js?client=ca-pub-8864793242727901\"\r\n     crossorigin=\"anonymous\"><\/script>\n<p>CONNECTICUT (WTNH) &#8211; O governador Ned Lamont est\u00e1 iluminando a educa\u00e7\u00e3o, pedindo aos legisladores que expandissem oportunidades para os estudantes do ensino m\u00e9dio ganharem cr\u00e9dito na faculdade.<\/p>\n<div class=\"nlp-ignore-block article-content rich-text\">\n<aside class=\"promo-link\">\n\t<a href=\"https:\/\/www.wtnh.com\/news\/connecticut\/hartford\/educators-advocates-rally-at-state-capitol-for-increased-education-funding\/?ipid=promo-link-block1\" class=\"promo-link__link\" target=\"\"_blank\"\"><\/p>\n<p>\t\tPris\u00f5es feitas no Estado Capitol Rally para aumentar o financiamento da educa\u00e7\u00e3o\t<\/a><br \/>\n<\/aside>\n<\/div>\n<p>O governador realizou uma entrevista coletiva na quinta -feira, conversando sobre sua proposta que expandiria programas de matr\u00edculas duplas, permitindo que os alunos ganhassem cr\u00e9dito no ensino m\u00e9dio e na faculdade simultaneamente.<\/p>\n<p>&#8220;Isso d\u00e1 um pouco um pouco para o futuro, voc\u00ea pode bater nessa porta, veja como \u00e9 o curso de n\u00edvel universit\u00e1rio&#8221;, disse Lamont. &#8220;Estamos tentando garantir que a escola se endere\u00e7a onde voc\u00ea est\u00e1.&#8221;<\/p>\n<p>A proposta do governador estabeleceria um padr\u00e3o universal em todo o estado sobre a matr\u00edcula dupla.<\/p>\n<p><br \/>\n<br \/><a href=\"https:\/\/www.wtnh.com\/news\/politics\/lamont-pushing-to-expand-dual-enrollment-opportunities-for-high-school-students\/\">Source link <\/a><\/p>","protected":false},"excerpt":{"rendered":"<p>CONNECTICUT (WTNH) &#8211; O governador Ned Lamont est\u00e1 iluminando a educa\u00e7\u00e3o, pedindo aos legisladores que expandissem oportunidades para os estudantes do ensino m\u00e9dio ganharem cr\u00e9dito na faculdade. Pris\u00f5es feitas no&hellip;<\/p>","protected":false},"author":1,"featured_media":118825,"comment_status":"closed","ping_status":"open","sticky":false,"template":"","format":"standard","meta":{"content-type":"","footnotes":""},"categories":[1],"tags":[],"class_list":["post-118824","post","type-post","status-publish","format-standard","has-post-thumbnail","hentry","category-uncategorized"],"_links":{"self":[{"href":"https:\/\/tvbrazilusa.com\/pt\/wp-json\/wp\/v2\/posts\/118824","targetHints":{"allow":["GET"]}}],"collection":[{"href":"https:\/\/tvbrazilusa.com\/pt\/wp-json\/wp\/v2\/posts"}],"about":[{"href":"https:\/\/tvbrazilusa.com\/pt\/wp-json\/wp\/v2\/types\/post"}],"author":[{"embeddable":true,"href":"https:\/\/tvbrazilusa.com\/pt\/wp-json\/wp\/v2\/users\/1"}],"replies":[{"embeddable":true,"href":"https:\/\/tvbrazilusa.com\/pt\/wp-json\/wp\/v2\/comments?post=118824"}],"version-history":[{"count":1,"href":"https:\/\/tvbrazilusa.com\/pt\/wp-json\/wp\/v2\/posts\/118824\/revisions"}],"predecessor-version":[{"id":118826,"href":"https:\/\/tvbrazilusa.com\/pt\/wp-json\/wp\/v2\/posts\/118824\/revisions\/118826"}],"wp:featuredmedia":[{"embeddable":true,"href":"https:\/\/tvbrazilusa.com\/pt\/wp-json\/wp\/v2\/media\/118825"}],"wp:attachment":[{"href":"https:\/\/tvbrazilusa.com\/pt\/wp-json\/wp\/v2\/media?parent=118824"}],"wp:term":[{"taxonomy":"category","embeddable":true,"href":"https:\/\/tvbrazilusa.com\/pt\/wp-json\/wp\/v2\/categories?post=118824"},{"taxonomy":"post_tag","embeddable":true,"href":"https:\/\/tvbrazilusa.com\/pt\/wp-json\/wp\/v2\/tags?post=118824"}],"curies":[{"name":"wp","href":"https:\/\/api.w.org\/{rel}","templated":true}]}}