{"id":118827,"date":"2025-05-22T20:51:52","date_gmt":"2025-05-22T20:51:52","guid":{"rendered":"https:\/\/tvbrazilusa.com\/2025\/05\/22\/o-ex-presidente-do-conselho-escolar-nao-dara-indicacao-na-biblioteca-jacksonville-hoje\/"},"modified":"2025-05-22T20:54:37","modified_gmt":"2025-05-22T20:54:37","slug":"o-ex-presidente-do-conselho-escolar-nao-dara-indicacao-na-biblioteca-jacksonville-hoje","status":"publish","type":"post","link":"https:\/\/tvbrazilusa.com\/pt\/2025\/05\/22\/o-ex-presidente-do-conselho-escolar-nao-dara-indicacao-na-biblioteca-jacksonville-hoje\/","title":{"rendered":"O ex -presidente do conselho escolar n\u00e3o dar\u00e1 indica\u00e7\u00e3o na biblioteca | Jacksonville hoje"},"content":{"rendered":"<p> <script async src=\"https:\/\/pagead2.googlesyndication.com\/pagead\/js\/adsbygoogle.js?client=ca-pub-8864793242727901\"\r\n     crossorigin=\"anonymous\"><\/script><br \/>\n<\/p>\n<div>\n<p>A CEO da Onejax, Elizabeth Andersen, ex -presidente do Conselho Escolar do Condado de Duval, diz que a rea\u00e7\u00e3o do PolitCal n\u00e3o a impedir\u00e1 de perseguir um assento no Conselho de Administra\u00e7\u00e3o do Conselho de Bibliotecas de Jacksonville.<\/p>\n<p>O Comit\u00ea de Regras do Conselho da Cidade votou 5-3 contra a indica\u00e7\u00e3o de Andersen nesta semana. <\/p>\n<p>Na quarta -feira, Andersen disse <em>Jacksonville hoje <\/em>que ela enviou um e -mail a todos os 19 membros do Conselho da Cidade para inform\u00e1 -los de que manter\u00e1 seu nome para o cargo e pedir\u00e1 seu apoio quando o conselho completo estiver programado para votar em sua indica\u00e7\u00e3o na ter\u00e7a -feira. <\/p>\n<p>&#8220;Principalmente, espero que possamos definir um padr\u00e3o melhor e n\u00e3o permitir que esse tipo de desinforma\u00e7\u00e3o e bullying pol\u00edtico continuem sendo recompensados&#8221;, disse Andersen.<\/p>\n<p>A prefeita Donna Deegan, democrata, nomeou Andersen para servir no Conselho da Biblioteca de Membros de 12 Votos, um papel que v\u00e1rios membros do Conselho observados na reuni\u00e3o de regras normalmente n\u00e3o ganham muita aten\u00e7\u00e3o. <\/p>\n<p>O presidente do comit\u00ea, Nick Howland, e o Terrance Freeman, Mike Gay, Chris Miller e o presidente Randy White votaram contra a recomenda\u00e7\u00e3o da indica\u00e7\u00e3o de Andersen ao conselho completo. <\/p>\n<p>Michael Boylan, Matt Carlucci e Rahman Johnson votaram a favor. <\/p>\n<figure class=\"wp-block-image size-large\"><figcaption class=\"wp-element-caption\">???????????<\/figcaption><\/figure>\n<p>A maioria da controv\u00e9rsia em torno da indica\u00e7\u00e3o de Andersen deriva de <a href=\"https:\/\/floridapolitics.com\/archives\/546964-duval-m4l\/\" rel=\"nofollow noopener\" target=\"_blank\">Coment\u00e1rios feitos em um f\u00f3rum candidato<\/a> Durante sua campanha de reelei\u00e7\u00e3o do conselho escolar de 2022, que ela perdeu para o membro do conselho da escola, April Carney. Andersen teria se referido a Tia Bess, diretora de divulga\u00e7\u00e3o da organiza\u00e7\u00e3o de direitos dos pais de direita, Moms for Liberty, como uma &#8220;pessoa simb\u00f3lica&#8221;. <\/p>\n<p>Os apoiadores dizem que seu registro de servi\u00e7o e car\u00e1ter est\u00e3o sendo deturpados.<\/p>\n<p>Andersen, que tem mestrado em aconselhamento em sa\u00fade mental pela Universidade do Norte da Fl\u00f3rida, \u00e9 um ex -professor. Ela \u00e9 diretora executiva do grupo comunit\u00e1rio inter -fins de fins lucrativos OneJax desde fevereiro de 2024. Sentou -se no conselho escolar de Duval de 2018 a 2022. <\/p>\n<p>Durante seu mandato no conselho, ela atuou como presidente e foi membro do conselho que aprovou e garantiu um referendo de eleitor em 2020 para instituir um <a href=\"https:\/\/jaxtoday.org\/2023\/08\/10\/first-new-school-opens-in-duval-under-half-cent-sales-tax\/\">imposto sobre vendas de meio centavo<\/a> no condado de Duval para melhorar a exist\u00eancia e construir novas instala\u00e7\u00f5es escolares.<\/p>\n<p>Andersen ajudou a criar um conselho de supervis\u00e3o dos cidad\u00e3os da receita de impostos sobre vendas, bem como o primeiro comit\u00ea de transpar\u00eancia de auditoria do distrito.<\/p>\n<p>Seu tempo como presidente tamb\u00e9m inclu\u00eda o <a href=\"https:\/\/www.wusf.org\/education\/2021-06-02\/duval-county-school-board-votes-to-strip-6-confederate-names-from-schools\" rel=\"nofollow noopener\" target=\"_blank\">renomea\u00e7\u00e3o de seis escolas<\/a> anteriormente nomeado ap\u00f3s generais confederados. <\/p>\n<p>Andersen diz que suas principais prioridades como administrador do conselho da biblioteca seriam acesso digital e alfabetiza\u00e7\u00e3o digital, alfabetiza\u00e7\u00e3o da primeira inf\u00e2ncia e desenvolvimento da for\u00e7a de trabalho.<\/p>\n<p>Andersen <a href=\"https:\/\/x.com\/andersen904\/status\/1923861723829723415\" rel=\"nofollow\" target=\"_blank\">levou para x<\/a>anteriormente Twitter, em 17 de maio, para pedir \u00e0s pessoas que &#8220;se subam acima do partidarismo e modelem o engajamento gentil e respeitoso que queremos que as crian\u00e7as herdem&#8221;.  <\/p>\n<p>Ela aproveitou sua oportunidade em frente ao Comit\u00ea de Regras na segunda -feira para defender sua integridade e indica\u00e7\u00e3o. <\/p>\n<p>&#8220;Reivindica\u00e7\u00f5es falsas e decisivas sobre meu car\u00e1ter e minhas cren\u00e7as. Quero deixar claro que n\u00e3o tenho agenda ou ambi\u00e7\u00e3o pol\u00edtica&#8221;, disse Andersen ao comit\u00ea. \u201cO que eu tenho \u00e9 um compromisso ao longo da vida com o servi\u00e7o p\u00fablico, a educa\u00e7\u00e3o e a constru\u00e7\u00e3o de uma comunidade mais conectada e civil.<\/p>\n<p>&#8220;Nosso sistema de bibliotecas \u00e9 um dos maiores ativos de Jacksonville. Existe para informar, inspirar e atender a todas as pessoas, independentemente do fundo ou do ponto de vista&#8221;, disse ela. &#8220;Acredito em proteger essa miss\u00e3o, n\u00e3o politiz\u00e1 -la.&#8221;<\/p>\n<p>Andersen pediu desculpas a Bess durante sua audi\u00eancia com o comit\u00ea quando Johnson deu a ela a oportunidade. Ela disse que nunca quis ofender Bess.<\/p>\n<p>&#8220;Essa indica\u00e7\u00e3o n\u00e3o \u00e9 controversa por causa das qualifica\u00e7\u00f5es de Elizabeth; \u00e9 controverso porque ela fez algo que todos n\u00f3s tivemos a aud\u00e1cia de fazer, e isso deve liderar diante do inconveniente&#8221;, disse Johnson antes da vota\u00e7\u00e3o na segunda -feira. &#8220;Voc\u00ea coloca crian\u00e7as antes da pol\u00edtica, mas &#8230; havia um indiv\u00edduo que n\u00e3o tende a se dobrar por causa da indigna\u00e7\u00e3o performativa.&#8221; <\/p>\n<p>Os apoiadores de Deegan e Andersen dizem que a rea\u00e7\u00e3o do conselho contra a indica\u00e7\u00e3o \u00e9 devido ao crescente partidarismo e influ\u00eancia pol\u00edtica externa no ramo legislativo da cidade.<\/p>\n<p>Em um <a href=\"https:\/\/www.threads.com\/@melissainjax\/post\/DJ7qybBt9B-?xmt=AQF0TtlbHq8xtvPBXuG9g_L1UAg2nuSxXfjFio3JFYxYCA\" rel=\"nofollow noopener\" target=\"_blank\">v\u00eddeo<\/a> Postado na plataforma de m\u00eddia social Threads na quarta -feira, o prefeito disse que era dif\u00edcil ver Andersen e seu servi\u00e7o p\u00fablico ser &#8220;degradado&#8221;. <\/p>\n<p>&#8220;Estamos simplesmente chegando a um ponto em nosso discurso civil que n\u00e3o \u00e9 apenas injusto, mas \u00e9 perigoso&#8221;, disse Deegan no v\u00eddeo. &#8220;Podemos discordar sobre as coisas e n\u00e3o recorrer a mentiras e nomear chamando em um esfor\u00e7o para literalmente destruir a reputa\u00e7\u00e3o de uma pessoa por causa, francamente, agendas pol\u00edticas partid\u00e1rias. Acho que somos melhores do que isso como uma cidade&#8221;.<\/p>\n<p>Freeman disse que a comunica\u00e7\u00e3o entre o governo Deegan e os membros do conselho sobre pol\u00edtica melhorou. Mas ele disse que est\u00e1 &#8220;extremamente frustrado&#8221; com o que ele v\u00ea como um alto n\u00edvel de indicados ao conselho e da comiss\u00e3o divisivos. <\/p>\n<p>&#8220;N\u00e3o me lembro da frequ\u00eancia de compromissos que foram recomendados a este conselho que levaram a um discurso p\u00fablico de indiv\u00edduo que nos dividem ainda mais como uma comunidade&#8221;, disse Freeman durante a reuni\u00e3o. &#8220;N\u00e3o me lembro de ter visto o m\u00e1ximo que tenho nos \u00faltimos dois anos.&#8221;<\/p>\n<p>Deegan refor\u00e7ou seu apoio para Andersen em um comunicado enviado por e -mail na ter\u00e7a -feira para <em>Jacksonville hoje <\/em>e mostraram otimismo de que os tr\u00eas votos que recebeu no comit\u00ea eram de dois republicanos e um democrata.<\/p>\n<p>&#8220;Fomos incentivados a ver um voto bipartid\u00e1rio a favor de sua indica\u00e7\u00e3o ontem, juntamente com o amplo apoio da comunidade por sua experi\u00eancia e qualifica\u00e7\u00f5es&#8221;, disse Deegan. &#8220;\u00c9 nossa esperan\u00e7a que a indica\u00e7\u00e3o de Elizabeth seja considerada nos m\u00e9ritos sem press\u00e3o pol\u00edtica indevida ou resultados predeterminados&#8221;.<\/p>\n<p>Ativistas conservadores se manifestaram contra Andersen na reuni\u00e3o de regras, enquanto v\u00e1rios l\u00edderes democratas proeminentes, incluindo o ex -senador estadual Audrey Gibson e o presidente do Partido Democrata Duval, Daniel Henry, falou em sua defesa.<\/p>\n<p>UM <a href=\"https:\/\/docs.google.com\/forms\/d\/1QmUoTahVJbSEw5xAVKDIZyRQtMAvYTyZjcVFY2Jhvnk\/viewform?edit_requested=true\" rel=\"nofollow noopener\" target=\"_blank\">carta de apoio comunit\u00e1ria<\/a> Para sua indica\u00e7\u00e3o, tamb\u00e9m circula online. <\/p>\n<p>O membro do conselho Jimmy Peluso n\u00e3o \u00e9 membro do comit\u00ea de regras, mas frequentou segunda -feira para falar com as credenciais de servi\u00e7o p\u00fablico de Andersen.  <\/p>\n<p>&#8220;Estes s\u00e3o conselhos volunt\u00e1rios. Essas s\u00e3o pessoas que desistem de seu tempo para servir em uma capacidade volunt\u00e1ria&#8221;, disse Peluso. \u201cN\u00e3o apenas Elizabeth est\u00e1 disposta a faz\u00ea -lo, mas ela era uma autoridade eleita por quatro anos e, naquele momento, era constantemente considerada como algu\u00e9m que sabia o que estava fazendo.<\/p>\n<p>&#8220;Independentemente de como todos voc\u00eas se sentem, voc\u00ea sabe que ela era uma oficial eleita muito, muito boa e acima da m\u00e9dia. E agora ela est\u00e1 chegando aqui, e houve muito barulho sobre esse nomeado.&#8221;<\/p>\n<\/div>\n<p><br \/>\n<br \/><a href=\"https:\/\/jaxtoday.org\/2025\/05\/22\/former-school-board-chair-wont-give-on-library-nomination\/\">Source link <\/a><\/p>","protected":false},"excerpt":{"rendered":"<p>A CEO da Onejax, Elizabeth Andersen, ex -presidente do Conselho Escolar do Condado de Duval, diz que a rea\u00e7\u00e3o do PolitCal n\u00e3o a impedir\u00e1 de perseguir um assento no Conselho&hellip;<\/p>","protected":false},"author":1,"featured_media":118828,"comment_status":"closed","ping_status":"open","sticky":false,"template":"","format":"standard","meta":{"content-type":"","footnotes":""},"categories":[1],"tags":[],"class_list":["post-118827","post","type-post","status-publish","format-standard","has-post-thumbnail","hentry","category-uncategorized"],"_links":{"self":[{"href":"https:\/\/tvbrazilusa.com\/pt\/wp-json\/wp\/v2\/posts\/118827","targetHints":{"allow":["GET"]}}],"collection":[{"href":"https:\/\/tvbrazilusa.com\/pt\/wp-json\/wp\/v2\/posts"}],"about":[{"href":"https:\/\/tvbrazilusa.com\/pt\/wp-json\/wp\/v2\/types\/post"}],"author":[{"embeddable":true,"href":"https:\/\/tvbrazilusa.com\/pt\/wp-json\/wp\/v2\/users\/1"}],"replies":[{"embeddable":true,"href":"https:\/\/tvbrazilusa.com\/pt\/wp-json\/wp\/v2\/comments?post=118827"}],"version-history":[{"count":1,"href":"https:\/\/tvbrazilusa.com\/pt\/wp-json\/wp\/v2\/posts\/118827\/revisions"}],"predecessor-version":[{"id":118829,"href":"https:\/\/tvbrazilusa.com\/pt\/wp-json\/wp\/v2\/posts\/118827\/revisions\/118829"}],"wp:featuredmedia":[{"embeddable":true,"href":"https:\/\/tvbrazilusa.com\/pt\/wp-json\/wp\/v2\/media\/118828"}],"wp:attachment":[{"href":"https:\/\/tvbrazilusa.com\/pt\/wp-json\/wp\/v2\/media?parent=118827"}],"wp:term":[{"taxonomy":"category","embeddable":true,"href":"https:\/\/tvbrazilusa.com\/pt\/wp-json\/wp\/v2\/categories?post=118827"},{"taxonomy":"post_tag","embeddable":true,"href":"https:\/\/tvbrazilusa.com\/pt\/wp-json\/wp\/v2\/tags?post=118827"}],"curies":[{"name":"wp","href":"https:\/\/api.w.org\/{rel}","templated":true}]}}