{"id":118836,"date":"2025-05-22T21:21:08","date_gmt":"2025-05-22T21:21:08","guid":{"rendered":"https:\/\/tvbrazilusa.com\/2025\/05\/22\/os-lideres-judeus-de-connecticut-reagem-ao-ataque-de-dc\/"},"modified":"2025-05-22T21:25:54","modified_gmt":"2025-05-22T21:25:54","slug":"os-lideres-judeus-de-connecticut-reagem-ao-ataque-de-dc","status":"publish","type":"post","link":"https:\/\/tvbrazilusa.com\/pt\/2025\/05\/22\/os-lideres-judeus-de-connecticut-reagem-ao-ataque-de-dc\/","title":{"rendered":"Os l\u00edderes judeus de Connecticut reagem ao ataque de DC"},"content":{"rendered":"<script async src=\"https:\/\/pagead2.googlesyndication.com\/pagead\/js\/adsbygoogle.js?client=ca-pub-8864793242727901\"\r\n     crossorigin=\"anonymous\"><\/script>\n<p>HARTFORD, Connecticut (WTNH) &#8211; Os l\u00edderes judeus em Connecticut est\u00e3o reagindo a um ataque alvo de mortal em Washington, DC, perto do Museu Judaico da Capital.<\/p>\n<div class=\"nlp-ignore-block article-content rich-text\">\n<aside class=\"promo-link\">\n\t<a href=\"https:\/\/www.wtnh.com\/news\/connecticut\/fairfield\/bethel-man-arrested-charged-with-sexual-assault\/?ipid=promo-link-block1\" class=\"promo-link__link\" target=\"\"_blank\"\"><\/p>\n<p>\t\tBethel Man preso, acusado de agress\u00e3o sexual\t<\/a><br \/>\n<\/aside>\n<\/div>\n<p>David Warren, presidente e CEO da Federa\u00e7\u00e3o Judaica da Grande Hartford, diz que agora \u00e9 um momento profundamente doloroso que \u00e9 &#8220;irritante&#8221;.<\/p>\n<p>Waren diz que a comunidade est\u00e1 em solidariedade com os afetados pelo &#8220;ato hediondo de viol\u00eancia anti -semita&#8221;. <\/p>\n<p>&#8220;Acho que todo mundo se sente vulner\u00e1vel agora&#8221;, disse Waren. &#8220;Isso poderia ter sido nossos filhos. Isso poderia ter sido saindo de um evento e evento com seguran\u00e7a&#8221;.<\/p>\n<p>Waren continuou dizendo que, quando qualquer comunidade \u00e9 alvo, todos somos alvo. Eles est\u00e3o trabalhando com departamentos de pol\u00edcia locais na \u00e1rea para estabelecer colaborativamente a seguran\u00e7a.<\/p>\n<p><br \/>\n<br \/><a href=\"https:\/\/www.wtnh.com\/news\/connecticut\/connecticut-jewish-leaders-react-to-d-c-attack\/\">Source link <\/a><\/p>","protected":false},"excerpt":{"rendered":"<p>HARTFORD, Connecticut (WTNH) &#8211; Os l\u00edderes judeus em Connecticut est\u00e3o reagindo a um ataque alvo de mortal em Washington, DC, perto do Museu Judaico da Capital. Bethel Man preso, acusado&hellip;<\/p>","protected":false},"author":1,"featured_media":118837,"comment_status":"closed","ping_status":"open","sticky":false,"template":"","format":"standard","meta":{"content-type":"","footnotes":""},"categories":[1],"tags":[],"class_list":["post-118836","post","type-post","status-publish","format-standard","has-post-thumbnail","hentry","category-uncategorized"],"_links":{"self":[{"href":"https:\/\/tvbrazilusa.com\/pt\/wp-json\/wp\/v2\/posts\/118836","targetHints":{"allow":["GET"]}}],"collection":[{"href":"https:\/\/tvbrazilusa.com\/pt\/wp-json\/wp\/v2\/posts"}],"about":[{"href":"https:\/\/tvbrazilusa.com\/pt\/wp-json\/wp\/v2\/types\/post"}],"author":[{"embeddable":true,"href":"https:\/\/tvbrazilusa.com\/pt\/wp-json\/wp\/v2\/users\/1"}],"replies":[{"embeddable":true,"href":"https:\/\/tvbrazilusa.com\/pt\/wp-json\/wp\/v2\/comments?post=118836"}],"version-history":[{"count":1,"href":"https:\/\/tvbrazilusa.com\/pt\/wp-json\/wp\/v2\/posts\/118836\/revisions"}],"predecessor-version":[{"id":118838,"href":"https:\/\/tvbrazilusa.com\/pt\/wp-json\/wp\/v2\/posts\/118836\/revisions\/118838"}],"wp:featuredmedia":[{"embeddable":true,"href":"https:\/\/tvbrazilusa.com\/pt\/wp-json\/wp\/v2\/media\/118837"}],"wp:attachment":[{"href":"https:\/\/tvbrazilusa.com\/pt\/wp-json\/wp\/v2\/media?parent=118836"}],"wp:term":[{"taxonomy":"category","embeddable":true,"href":"https:\/\/tvbrazilusa.com\/pt\/wp-json\/wp\/v2\/categories?post=118836"},{"taxonomy":"post_tag","embeddable":true,"href":"https:\/\/tvbrazilusa.com\/pt\/wp-json\/wp\/v2\/tags?post=118836"}],"curies":[{"name":"wp","href":"https:\/\/api.w.org\/{rel}","templated":true}]}}