{"id":118842,"date":"2025-05-22T22:31:50","date_gmt":"2025-05-22T22:31:50","guid":{"rendered":"https:\/\/tvbrazilusa.com\/2025\/05\/22\/pelletier-entre-3-oficiais-caidos-adicionados-ao-meriden-connecticut-law-policlem-memorial\/"},"modified":"2025-05-22T22:44:18","modified_gmt":"2025-05-22T22:44:18","slug":"pelletier-entre-3-oficiais-caidos-adicionados-ao-meriden-connecticut-law-policlem-memorial","status":"publish","type":"post","link":"https:\/\/tvbrazilusa.com\/pt\/2025\/05\/22\/pelletier-entre-3-oficiais-caidos-adicionados-ao-meriden-connecticut-law-policlem-memorial\/","title":{"rendered":"Pelletier entre 3 oficiais ca\u00eddos adicionados ao Meriden Connecticut Law Policlem Memorial"},"content":{"rendered":"<script async src=\"https:\/\/pagead2.googlesyndication.com\/pagead\/js\/adsbygoogle.js?client=ca-pub-8864793242727901\"\r\n     crossorigin=\"anonymous\"><\/script>\n<p>MERIDEN, Connecticut (WTNH) &#8211; Tr\u00eas nomes est\u00e3o sendo adicionados quinta -feira ao Memorial de Aplica\u00e7\u00e3o da Lei de Connecticut em Meriden.<\/p>\n<div class=\"nlp-ignore-block article-content rich-text\">\n<aside class=\"promo-link\">\n\t<a href=\"https:\/\/www.wtnh.com\/news\/connecticut\/hartford\/pelletier-among-2-state-police-officers-added-to-national-memorial\/?ipid=promo-link-block1\" class=\"promo-link__link\" target=\"\"_blank\"\"><\/p>\n<p>\t\tPelletier entre 2 policiais estaduais adicionados ao Memorial Nacional\t<\/a><br \/>\n<\/aside>\n<\/div>\n<p>O monumento leva os nomes dos oficiais que morreram respondendo ao chamado ao dever. Entre os nomes adicionados est\u00e3o Aaron Pelletier, de primeira classe, que morreu no ver\u00e3o passado durante uma parada de tr\u00e2nsito em Southington.<\/p>\n<p>&#8220;A cada ano, viemos n\u00e3o apenas para lembrar, mas para refletir, mas para reafirmar algo sagrado que aqueles que usam a bolsa e d\u00e3o suas vidas em servi\u00e7o nunca ser\u00e3o esquecidos&#8221;, o chefe da pol\u00edcia de Groton, Louis Fusaro, Jr. disse.<\/p>\n<p>Tamb\u00e9m est\u00e1 sendo lembrado o tenente Meriden Otto Dobratz, que morreu em 1953 e o detetive do Meriden Sgt. John Bonn, que passou em 1922.<\/p>\n<p>&#8220;Eles vestem suas malas todos os dias sabendo que podem n\u00e3o voltar para casa&#8221;, disse Fusaro. &#8220;Eles estavam como guardi\u00f5es da paz e da justi\u00e7a e, por isso, devemos a eles uma d\u00edvida de gratid\u00e3o&#8221;.<\/p>\n<p>Seus nomes agora se juntar\u00e3o a mais de 150 outros no memorial, cada um creditado por fazer o sacrif\u00edcio final por suas comunidades.<\/p>\n<p>Assista ao v\u00eddeo completo no player acima.<\/p>\n<p><br \/>\n<br \/><a href=\"https:\/\/www.wtnh.com\/news\/connecticut\/new-haven\/pelletier-among-3-fallen-officers-added-to-meriden-connecticut-law-enforcement-memorial\/\">Source link <\/a><\/p>","protected":false},"excerpt":{"rendered":"<p>MERIDEN, Connecticut (WTNH) &#8211; Tr\u00eas nomes est\u00e3o sendo adicionados quinta -feira ao Memorial de Aplica\u00e7\u00e3o da Lei de Connecticut em Meriden. Pelletier entre 2 policiais estaduais adicionados ao Memorial Nacional&hellip;<\/p>","protected":false},"author":1,"featured_media":118843,"comment_status":"closed","ping_status":"open","sticky":false,"template":"","format":"standard","meta":{"content-type":"","footnotes":""},"categories":[1],"tags":[],"class_list":["post-118842","post","type-post","status-publish","format-standard","has-post-thumbnail","hentry","category-uncategorized"],"_links":{"self":[{"href":"https:\/\/tvbrazilusa.com\/pt\/wp-json\/wp\/v2\/posts\/118842","targetHints":{"allow":["GET"]}}],"collection":[{"href":"https:\/\/tvbrazilusa.com\/pt\/wp-json\/wp\/v2\/posts"}],"about":[{"href":"https:\/\/tvbrazilusa.com\/pt\/wp-json\/wp\/v2\/types\/post"}],"author":[{"embeddable":true,"href":"https:\/\/tvbrazilusa.com\/pt\/wp-json\/wp\/v2\/users\/1"}],"replies":[{"embeddable":true,"href":"https:\/\/tvbrazilusa.com\/pt\/wp-json\/wp\/v2\/comments?post=118842"}],"version-history":[{"count":1,"href":"https:\/\/tvbrazilusa.com\/pt\/wp-json\/wp\/v2\/posts\/118842\/revisions"}],"predecessor-version":[{"id":118844,"href":"https:\/\/tvbrazilusa.com\/pt\/wp-json\/wp\/v2\/posts\/118842\/revisions\/118844"}],"wp:featuredmedia":[{"embeddable":true,"href":"https:\/\/tvbrazilusa.com\/pt\/wp-json\/wp\/v2\/media\/118843"}],"wp:attachment":[{"href":"https:\/\/tvbrazilusa.com\/pt\/wp-json\/wp\/v2\/media?parent=118842"}],"wp:term":[{"taxonomy":"category","embeddable":true,"href":"https:\/\/tvbrazilusa.com\/pt\/wp-json\/wp\/v2\/categories?post=118842"},{"taxonomy":"post_tag","embeddable":true,"href":"https:\/\/tvbrazilusa.com\/pt\/wp-json\/wp\/v2\/tags?post=118842"}],"curies":[{"name":"wp","href":"https:\/\/api.w.org\/{rel}","templated":true}]}}