{"id":118876,"date":"2025-05-23T14:42:12","date_gmt":"2025-05-23T14:42:12","guid":{"rendered":"https:\/\/tvbrazilusa.com\/2025\/05\/23\/os-grupos-famu-protestam-contra-marva-johnson-como-presidente-jacksonville-hoje\/"},"modified":"2025-05-23T14:53:28","modified_gmt":"2025-05-23T14:53:28","slug":"os-grupos-famu-protestam-contra-marva-johnson-como-presidente-jacksonville-hoje","status":"publish","type":"post","link":"https:\/\/tvbrazilusa.com\/pt\/2025\/05\/23\/os-grupos-famu-protestam-contra-marva-johnson-como-presidente-jacksonville-hoje\/","title":{"rendered":"Os grupos FAMU protestam contra Marva Johnson como presidente | Jacksonville hoje"},"content":{"rendered":"<p> <script async src=\"https:\/\/pagead2.googlesyndication.com\/pagead\/js\/adsbygoogle.js?client=ca-pub-8864793242727901\"\r\n     crossorigin=\"anonymous\"><\/script><br \/>\n<\/p>\n<div>\n<p>Alguns membros da comunidade universit\u00e1ria da Fl\u00f3rida A&#038;M dizem que est\u00e3o planejando estrat\u00e9gias &#8211; incluindo boicotes econ\u00f4micos &#8211; para expressar sua frustra\u00e7\u00e3o com a sele\u00e7\u00e3o de Marva Johnson como 13\u00ba presidente da FAMU.<\/p>\n<p>Os estudantes da FAM, os membros do corpo docente e da comunidade t\u00eam preocupa\u00e7\u00f5es com a falta de experi\u00eancia de Johnson em educa\u00e7\u00e3o e suas conex\u00f5es com os pol\u00edticos republicanos.<\/p>\n<p>Durante uma chamada de zoom com cerca de 1.000 participantes, Chekesha Kidd disse que uma maneira de divulgar seus sentimentos \u00e9 atrav\u00e9s de boicotes econ\u00f4micos.<\/p>\n<p>&#8220;Estamos lan\u00e7ando um boicote direcionado de empresas afiliadas a administrador econ\u00f4mico, especificamente todas as franquias do McDonald&#8217;s-todas 21-de propriedade de nossa nova e fiduci\u00e1ria brilhante Rafael Vazquez, que se juntou menos de 24 horas antes de votar na \u00faltima sexta-feira&#8221;, disse Kidd. &#8220;E queremos seus coment\u00e1rios sobre as maneiras de explorar maneiras adicionais de demonstrar nosso poder e impacto econ\u00f4micos&#8221;.<\/p>\n<p>Kidd diz que o plano pode incluir boicotes na universidade e a reten\u00e7\u00e3o de atividades econ\u00f4micas em torno do baile, que ela diz estar estimada em fornecer mais de US $ 10 milh\u00f5es em est\u00edmulo econ\u00f4mico a Tallahassee em apenas um fim de semana.<\/p>\n<p>&#8220;N\u00e3o se trata de destruir a FAMU&#8221;, disse ela. &#8220;Trata -se de alavancar nossa for\u00e7a econ\u00f4mica para exigir uma melhor lideran\u00e7a e melhor governan\u00e7a. Temos algumas perguntas em termos do que estamos procurando com isso. Isso n\u00e3o \u00e9 para boicotar pelo bem de boicote. E vamos tentar reinvestir nos estudantes enquanto realizamos esses protestos pac\u00edficos&#8221;.<\/p>\n<p>Os organizadores est\u00e3o pedindo que as pessoas viajem para Boca Raton no pr\u00f3ximo m\u00eas, quando o Conselho de Governadores do Sistema da Universidade Estadual votar\u00e1 sobre a confirma\u00e7\u00e3o oficial de Johnson como o pr\u00f3ximo presidente da escola.<\/p>\n<\/div>\n<p><br \/>\n<br \/><a href=\"https:\/\/jaxtoday.org\/2025\/05\/23\/famu-groups-fight-marva-johnsons-selection-as-president\/\">Source link <\/a><\/p>","protected":false},"excerpt":{"rendered":"<p>Alguns membros da comunidade universit\u00e1ria da Fl\u00f3rida A&#038;M dizem que est\u00e3o planejando estrat\u00e9gias &#8211; incluindo boicotes econ\u00f4micos &#8211; para expressar sua frustra\u00e7\u00e3o com a sele\u00e7\u00e3o de Marva Johnson como 13\u00ba&hellip;<\/p>","protected":false},"author":1,"featured_media":118877,"comment_status":"closed","ping_status":"open","sticky":false,"template":"","format":"standard","meta":{"content-type":"","footnotes":""},"categories":[1],"tags":[33883,1362,1270,33801,33884,33861,1267,1268,93],"class_list":["post-118876","post","type-post","status-publish","format-standard","has-post-thumbnail","hentry","category-uncategorized","tag-chekesha-kidd","tag-educacao","tag-famu","tag-florida-am-university","tag-guardioes-da-chama","tag-marva-johnson","tag-noticias","tag-noticias-do-estado","tag-politica"],"_links":{"self":[{"href":"https:\/\/tvbrazilusa.com\/pt\/wp-json\/wp\/v2\/posts\/118876","targetHints":{"allow":["GET"]}}],"collection":[{"href":"https:\/\/tvbrazilusa.com\/pt\/wp-json\/wp\/v2\/posts"}],"about":[{"href":"https:\/\/tvbrazilusa.com\/pt\/wp-json\/wp\/v2\/types\/post"}],"author":[{"embeddable":true,"href":"https:\/\/tvbrazilusa.com\/pt\/wp-json\/wp\/v2\/users\/1"}],"replies":[{"embeddable":true,"href":"https:\/\/tvbrazilusa.com\/pt\/wp-json\/wp\/v2\/comments?post=118876"}],"version-history":[{"count":1,"href":"https:\/\/tvbrazilusa.com\/pt\/wp-json\/wp\/v2\/posts\/118876\/revisions"}],"predecessor-version":[{"id":118878,"href":"https:\/\/tvbrazilusa.com\/pt\/wp-json\/wp\/v2\/posts\/118876\/revisions\/118878"}],"wp:featuredmedia":[{"embeddable":true,"href":"https:\/\/tvbrazilusa.com\/pt\/wp-json\/wp\/v2\/media\/118877"}],"wp:attachment":[{"href":"https:\/\/tvbrazilusa.com\/pt\/wp-json\/wp\/v2\/media?parent=118876"}],"wp:term":[{"taxonomy":"category","embeddable":true,"href":"https:\/\/tvbrazilusa.com\/pt\/wp-json\/wp\/v2\/categories?post=118876"},{"taxonomy":"post_tag","embeddable":true,"href":"https:\/\/tvbrazilusa.com\/pt\/wp-json\/wp\/v2\/tags?post=118876"}],"curies":[{"name":"wp","href":"https:\/\/api.w.org\/{rel}","templated":true}]}}