{"id":118943,"date":"2025-05-24T00:18:35","date_gmt":"2025-05-24T00:18:35","guid":{"rendered":"https:\/\/tvbrazilusa.com\/2025\/05\/24\/veja-quais-mercearias-da-fl-estarao-abertas-no-memorial-day-2025\/"},"modified":"2025-05-25T13:22:32","modified_gmt":"2025-05-25T13:22:32","slug":"veja-quais-mercearias-da-fl-estarao-abertas-no-memorial-day-2025","status":"publish","type":"post","link":"https:\/\/tvbrazilusa.com\/pt\/2025\/05\/24\/veja-quais-mercearias-da-fl-estarao-abertas-no-memorial-day-2025\/","title":{"rendered":"Veja quais mercearias da FL estar\u00e3o abertas no Memorial Day 2025"},"content":{"rendered":"<p> <script async src=\"https:\/\/pagead2.googlesyndication.com\/pagead\/js\/adsbygoogle.js?client=ca-pub-8864793242727901\"\r\n     crossorigin=\"anonymous\"><\/script><br \/>\n<\/p>\n<div>\n<p>FLORIDA-Se voc\u00ea ficar com falta de p\u00e3es ou qualquer outra coisa para o seu churrasco ou uma reuni\u00e3o do Memorial Day, n\u00e3o planeje fazer uma oferta para as lojas Costco na Fl\u00f3rida.<\/p>\n<\/div>\n<div>\n<p>A Costco est\u00e1 fechada na segunda -feira, 26 de maio, como \u00e9 na maioria dos f\u00e9rias importantes. Mas h\u00e1 muitos outros lugares na Fl\u00f3rida para pegar o que voc\u00ea precisa, incluindo grandes lojas de caixas Target e Walmart.<\/p>\n<p>Enquanto as lojas do Walmart est\u00e3o abertas hor\u00e1rios regulares, das 6h \u00e0s 23h, algumas lojas -alvo podem observar horas limitadas. Seja Target ou alguma outra loja, \u00e9 sempre uma boa ideia verificar o hor\u00e1rio local da loja antes de sair.<\/p>\n<\/div>\n<div>\n<p><a href=\"https:\/\/albertsonscompanies.com\/\" rel=\"nofollow\" target=\"_blank\">Empresas de Albertsons<\/a>: A maioria das lojas da empresa estar\u00e1 aberta hor\u00e1rio regular, mas recomenda verificar com lojas locais. Algumas farm\u00e1cias podem fechar ou observar as horas ajustadas. A empresa possui <a href=\"https:\/\/www.albertsons.com\/\" rel=\"nofollow\" target=\"_blank\">Albertsons<\/a>Assim, <a href=\"https:\/\/www.safeway.com\/\" rel=\"nofollow\" target=\"_blank\">Safeway<\/a>Assim, <a href=\"https:\/\/www.vons.com\/\" rel=\"nofollow\" target=\"_blank\">Vons<\/a>Assim, <a href=\"https:\/\/www.jewelosco.com\/\" rel=\"nofollow\" target=\"_blank\">J\u00f3ia-osco<\/a>Assim, <a href=\"https:\/\/www.shaws.com\/?srsltid=AfmBOoq4XBcAOTaJNPgMPxguJoQRjKtJytVeNTahty1rFb3-ZZ7lj7AU\" rel=\"nofollow\" target=\"_blank\">Shaw&#8217;s<\/a>Assim, <a href=\"https:\/\/www.acmemarkets.com\/?srsltid=AfmBOopYvvnupSdtVnUuySm16gEul9mop-tg_U9txAQIS3hBxAzGkzZy\" rel=\"nofollow\" target=\"_blank\">Acme<\/a>T<a href=\"https:\/\/www.tomthumb.com\/\" rel=\"nofollow\" target=\"_blank\">om polegar<\/a>Assim, <a href=\"https:\/\/www.randalls.com\/\" rel=\"nofollow\" target=\"_blank\">Randalls<\/a>Assim, <a href=\"https:\/\/www.unitedsupermarkets.com\/\" rel=\"nofollow\" target=\"_blank\">Supermercados Unidos<\/a>Assim, <a href=\"https:\/\/www.pavilions.com\/?srsltid=AfmBOorSEB6PBmSd0rdJbH0N1LJfeBQoUAIcINnrYDYEb44gfsC8XYhi\" rel=\"nofollow\" target=\"_blank\">Pavilh\u00f5es<\/a>Assim, <a href=\"https:\/\/www.starmarket.com\/?srsltid=AfmBOopgNCFf2KVcXq3xerPkplFccopLjPq0XFHM0Sb3HW8fsq2y1Wzr\" rel=\"nofollow\" target=\"_blank\">Mercado estrela<\/a>Assim, <a href=\"https:\/\/www.haggen.com\/\" rel=\"nofollow\" target=\"_blank\">Haggen<\/a>Assim, <a href=\"https:\/\/www.carrsqc.com\/?srsltid=AfmBOopWezi7yIb8AWdzScl1_rocCrf0RONyJKTOgctgdweHMpgEhqZd\" rel=\"nofollow\" target=\"_blank\">Carrs<\/a>Assim, <a href=\"https:\/\/www.kingsfoodmarkets.com\/?srsltid=AfmBOoq_DD3wv-t_L4v9lBkjqimmzK02A2HBo1tPkF9-eoX_KPfNIQB6\" rel=\"nofollow\" target=\"_blank\">Mercados de alimentos Kings<\/a> e <a href=\"https:\/\/www.balduccis.com\/?srsltid=AfmBOoqkcL-Jjejsgw128NH6_XZ0988hJ8WMs7M8e-CY1sA4qDStNFG3\" rel=\"nofollow\" target=\"_blank\">Mercado de amantes de alimentos de Balducci <\/a>lojas. <\/p>\n<\/div>\n<div>\n<p><a href=\"https:\/\/www.krogerfamilycareers.com\/\" rel=\"nofollow\" target=\"_blank\">Kroger<\/a>: A maioria da fam\u00edlia de lojas Kroger estar\u00e1 aberta para o hor\u00e1rio regular. As lojas da empresa incluem <a href=\"https:\/\/www.bakersplus.com\/?srsltid=AfmBOorEw5vfhFSvVeCsBFozYYG12dvA_HzsJ57l7lHjIvjme3ehJSfv\" rel=\"nofollow\" target=\"_blank\">Baker&#8217;s<\/a>Assim, <a href=\"https:\/\/www.citymarket.com\/?srsltid=AfmBOooPZ8kbR393XWz1xeOt6o-AHgTLZeoh2P_mqgdb7fCx4XgZAR6L\" rel=\"nofollow\" target=\"_blank\">Mercado da cidade<\/a>Assim, <a href=\"https:\/\/www.dillons.com\/\" rel=\"nofollow\" target=\"_blank\">DILLONS<\/a>Assim, <a href=\"https:\/\/shop.food4less.com\/\" rel=\"nofollow\" target=\"_blank\">Comida 4 menos<\/a>Assim, <a href=\"https:\/\/shop.foodsco.net\/\" rel=\"nofollow\" target=\"_blank\">Foods Co.<\/a>Assim, <a href=\"https:\/\/www.fredmeyer.com\/\" rel=\"nofollow\" target=\"_blank\">Fred Meyer<\/a>Assim, <a href=\"http:\/\/www.frysfood.com\/\" rel=\"nofollow\" target=\"_blank\">Fry&#8217;s<\/a>Assim, <a href=\"https:\/\/www.gerbes.com\/?srsltid=AfmBOoom4aqbrnwZDwo263ipP54h7nuvusnFbmKVFPldvu5IcIX_JapQ\" rel=\"nofollow\" target=\"_blank\">Gerbes<\/a>Assim, <a href=\"https:\/\/www.jaycfoods.com\/\" rel=\"nofollow\" target=\"_blank\">Jay C Food Store<\/a>Assim, <a href=\"https:\/\/www.kingsoopers.com\/\" rel=\"nofollow\" target=\"_blank\">King Soopers<\/a>Assim, <a href=\"https:\/\/www.kroger.com\/\" rel=\"nofollow\" target=\"_blank\">Kroger<\/a>Assim, <a href=\"https:\/\/www.marianos.com\/\" rel=\"nofollow\" target=\"_blank\">Mariano&#8217;s<\/a>Assim, <a href=\"https:\/\/www.metromarket.net\/\" rel=\"nofollow\" target=\"_blank\">Mercado de metr\u00f4<\/a>Assim, <a href=\"https:\/\/www.pay-less.com\/\" rel=\"nofollow\" target=\"_blank\">Super mercados sem pagamento<\/a>Assim, <a href=\"https:\/\/www.picknsave.com\/\" rel=\"nofollow\" target=\"_blank\">Pick&#8217;n Save<\/a>Assim, <a href=\"https:\/\/www.qfc.com\/\" rel=\"nofollow\" target=\"_blank\">Qfc<\/a>Assim, <a href=\"https:\/\/www.ralphs.com\/\" rel=\"nofollow\" target=\"_blank\">Ralphs<\/a>Assim, <a href=\"https:\/\/rulerfoods.com\/\" rel=\"nofollow\" target=\"_blank\">Governante<\/a> e <a href=\"https:\/\/www.smithsfoodanddrug.com\/\" rel=\"nofollow\" target=\"_blank\">Comida e droga de Smith<\/a>. <\/p>\n<p><a href=\"https:\/\/www.publix.com\/\" rel=\"nofollow\" target=\"_blank\">Publix<\/a>: As lojas estar\u00e3o abertas hor\u00e1rios regulares.<\/p>\n<p><a href=\"https:\/\/www.samsclub.com\/\" rel=\"nofollow\" target=\"_blank\">Sam&#8217;s Club<\/a>: As lojas estar\u00e3o abertas das 20h \u00e0s 18h para os membros mais e das 10h \u00e0s 18h para os membros do clube.<\/p>\n<p><em>Fontes para esta lista s\u00e3o <a href=\"https:\/\/www.usatoday.com\/story\/money\/2025\/05\/16\/are-grocery-stores-open-memorial-day-2025\/83670231007\/\" rel=\"nofollow\" target=\"_blank\">EUA hoje<\/a>Assim, <a href=\"https:\/\/www.goodhousekeeping.com\/holidays\/a27423939\/what-is-open-on-memorial-day\/\" rel=\"nofollow\" target=\"_blank\">Boa casa de casa<\/a>G e sites da empresa<\/em><\/p>\n<\/div>\n<p><br \/>\n<br \/><a href=\"http:\/\/patch.com\/florida\/southtampa\/these-fl-grocery-stores-will-be-open-memorial-day-2025?utm_source=article-mostrecent&#038;utm_medium=rss&#038;utm_term=seasonal%20%26%20holidays&#038;utm_campaign=recirc&#038;utm_content=aol\">Source link <\/a><\/p>","protected":false},"excerpt":{"rendered":"<p>FLORIDA-Se voc\u00ea ficar com falta de p\u00e3es ou qualquer outra coisa para o seu churrasco ou uma reuni\u00e3o do Memorial Day, n\u00e3o planeje fazer uma oferta para as lojas Costco&hellip;<\/p>","protected":false},"author":1,"featured_media":118944,"comment_status":"closed","ping_status":"open","sticky":false,"template":"","format":"standard","meta":{"content-type":"","footnotes":""},"categories":[1],"tags":[],"class_list":["post-118943","post","type-post","status-publish","format-standard","has-post-thumbnail","hentry","category-uncategorized"],"_links":{"self":[{"href":"https:\/\/tvbrazilusa.com\/pt\/wp-json\/wp\/v2\/posts\/118943","targetHints":{"allow":["GET"]}}],"collection":[{"href":"https:\/\/tvbrazilusa.com\/pt\/wp-json\/wp\/v2\/posts"}],"about":[{"href":"https:\/\/tvbrazilusa.com\/pt\/wp-json\/wp\/v2\/types\/post"}],"author":[{"embeddable":true,"href":"https:\/\/tvbrazilusa.com\/pt\/wp-json\/wp\/v2\/users\/1"}],"replies":[{"embeddable":true,"href":"https:\/\/tvbrazilusa.com\/pt\/wp-json\/wp\/v2\/comments?post=118943"}],"version-history":[{"count":1,"href":"https:\/\/tvbrazilusa.com\/pt\/wp-json\/wp\/v2\/posts\/118943\/revisions"}],"predecessor-version":[{"id":118945,"href":"https:\/\/tvbrazilusa.com\/pt\/wp-json\/wp\/v2\/posts\/118943\/revisions\/118945"}],"wp:featuredmedia":[{"embeddable":true,"href":"https:\/\/tvbrazilusa.com\/pt\/wp-json\/wp\/v2\/media\/118944"}],"wp:attachment":[{"href":"https:\/\/tvbrazilusa.com\/pt\/wp-json\/wp\/v2\/media?parent=118943"}],"wp:term":[{"taxonomy":"category","embeddable":true,"href":"https:\/\/tvbrazilusa.com\/pt\/wp-json\/wp\/v2\/categories?post=118943"},{"taxonomy":"post_tag","embeddable":true,"href":"https:\/\/tvbrazilusa.com\/pt\/wp-json\/wp\/v2\/tags?post=118943"}],"curies":[{"name":"wp","href":"https:\/\/api.w.org\/{rel}","templated":true}]}}