{"id":11896,"date":"2024-07-30T01:42:42","date_gmt":"2024-07-30T01:42:42","guid":{"rendered":"https:\/\/tvbrazilusa.com\/2024\/07\/30\/donald-trump-diz-que-provavelmente-debatera-com-kamala-harris-mas-tambem-pode-argumentar-que-nao-wsvn-7news-noticias-de-miami-clima-esportes-fort-lauderdale\/"},"modified":"2024-07-30T02:20:40","modified_gmt":"2024-07-30T02:20:40","slug":"donald-trump-diz-que-provavelmente-debatera-com-kamala-harris-mas-tambem-pode-argumentar-que-nao-wsvn-7news-noticias-de-miami-clima-esportes-fort-lauderdale","status":"publish","type":"post","link":"https:\/\/tvbrazilusa.com\/pt\/2024\/07\/30\/donald-trump-diz-que-provavelmente-debatera-com-kamala-harris-mas-tambem-pode-argumentar-que-nao-wsvn-7news-noticias-de-miami-clima-esportes-fort-lauderdale\/","title":{"rendered":"Donald Trump diz que &#8220;provavelmente&#8221; debater\u00e1 com Kamala Harris, mas &#8220;tamb\u00e9m pode argumentar que n\u00e3o&#8221; &#8211; WSVN 7News | Not\u00edcias de Miami, Clima, Esportes | Fort Lauderdale"},"content":{"rendered":"<p> <script async src=\"https:\/\/pagead2.googlesyndication.com\/pagead\/js\/adsbygoogle.js?client=ca-pub-8864793242727901\"\r\n     crossorigin=\"anonymous\"><\/script><br \/>\n<\/p>\n<div itemprop=\"articleBody\">\n<p>NOVA YORK (AP) \u2014 Donald Trump pareceu recuar na segunda-feira em seu compromisso anterior de debater com a vice-presidente Kamala Harris, questionando o valor de um encontro e dizendo que &#8220;provavelmente&#8221; debater\u00e1, mas que &#8220;tamb\u00e9m pode argumentar para n\u00e3o faz\u00ea-lo&#8221;.<\/p>\n<p>Trump, em uma entrevista ao Fox News Channel que foi ao ar na segunda-feira \u00e0 noite, foi pressionado diversas vezes sobre se comprometer a debater com Harris antes de dar uma resposta mais fraca do que a que deu nos \u00faltimos dias.<\/p>\n<p>O ex-presidente republicano estava ansioso para debater com o presidente Joe Biden quando ele era o indicado democrata, ap\u00f3s meses sugerindo que Biden n\u00e3o estava mentalmente preparado para o confronto \u2014 ou para a presid\u00eancia. Mas depois que Biden desistiu da disputa e Harris se tornou a candidata presidencial democrata, Trump questionou os termos do debate original que ele concordou com Biden. Ele sugeriu que o debate de 10 de setembro na ABC News deveria ser transferido para uma rede diferente, chamando a ABC de &#8220;not\u00edcias falsas&#8221;.<\/p>\n<p>Na semana passada, em um telefonema com rep\u00f3rteres, Trump foi questionado se ele se comprometeria a debater com Harris pelo menos uma vez. Ele respondeu: &#8220;Ah, sim, com certeza. Eu gostaria&#8221;, e disse que havia uma obriga\u00e7\u00e3o de debater.<\/p>\n<p>Na entrevista de segunda-feira, a apresentadora Laura Ingraham pressionou Trump repetidamente sobre se ele se comprometeria com um debate.<\/p>\n<p>\u201cQuero fazer um debate. Mas tamb\u00e9m posso dizer isso. Todo mundo sabe quem eu sou. E agora as pessoas sabem quem ela \u00e9\u201d, disse Trump.<\/p>\n<p>Trump finalmente disse: \u201cA resposta \u00e9 sim, provavelmente acabarei debatendo\u201d.<\/p>\n<p>Ele continuou por um minuto, dizendo que qualquer debate precisa ser realizado antes do in\u00edcio da vota\u00e7\u00e3o antecipada nos estados, e ent\u00e3o acrescentou: &#8220;A resposta \u00e9 sim, mas tamb\u00e9m posso argumentar que n\u00e3o \u00e9 necess\u00e1rio faz\u00ea-lo&#8221;.<\/p>\n<p>Trump j\u00e1 pulou debates antes, incluindo todos os debates das prim\u00e1rias presidenciais republicanas de 2024. Inicialmente, ele n\u00e3o participou ap\u00f3s sugerir que o momento era muito cedo e, em seguida, questionar o local de outro antes de, eventualmente, deixar claro que n\u00e3o participaria de nenhum desses debates.<\/p>\n<p>O candidato republicano tamb\u00e9m tentou, na entrevista de segunda-feira, esclarecer coment\u00e1rios que fez na semana passada em um evento conservador, no qual disse a uma plateia de crist\u00e3os que eles &#8220;n\u00e3o precisar\u00e3o mais votar&#8221; depois que ele for eleito.<\/p>\n<p>Ele pediu aos crist\u00e3os, que ele afirma n\u00e3o votarem em grande n\u00famero, que votassem &#8220;s\u00f3 desta vez&#8221; e disse: &#8220;Voc\u00eas n\u00e3o precisar\u00e3o mais fazer isso&#8221;.<\/p>\n<p>Em quatro anos, ele disse: \u201cVai ser consertado, vai ficar tudo bem. Voc\u00eas n\u00e3o v\u00e3o mais ter que votar, meus lindos crist\u00e3os\u201d, ele disse.<\/p>\n<p>Ele acrescentou momentos depois: \u201cEm quatro anos, voc\u00ea n\u00e3o precisa votar novamente. N\u00f3s vamos consertar isso t\u00e3o bem que voc\u00ea n\u00e3o vai precisar votar.\u201d<\/p>\n<p>Os coment\u00e1rios geraram alarme entre democratas e outros que notaram o padr\u00e3o de Trump de usar linguagem autorit\u00e1ria, seus coment\u00e1rios anteriores de que ele s\u00f3 seria um ditador no &#8220;primeiro dia&#8221; e seu comportamento ap\u00f3s perder a elei\u00e7\u00e3o presidencial de 2020, na qual ele se recusou a aceitar os resultados e tentou anul\u00e1-los.<\/p>\n<p>Sua campanha e seus apoiadores ofereceram v\u00e1rias explica\u00e7\u00f5es para os coment\u00e1rios de Trump, e Ingraham o incitou a explicar o que ele queria dizer.<\/p>\n<p>\u201cEles n\u00e3o votam e eu estou explicando isso a eles. \u2018Voc\u00ea nunca vota.\u2019 Desta vez, vote. Eu vou endireitar o pa\u00eds. Voc\u00ea n\u00e3o ter\u00e1 que votar mais. Eu n\u00e3o precisarei do seu voto\u201d, disse Trump.<\/p>\n<p>Ingraham perguntou se ele queria dizer que os crist\u00e3os n\u00e3o precisariam votar nele porque ele ficaria apenas quatro anos no cargo.<\/p>\n<p>Trump come\u00e7ou sua resposta falando sobre as taxas de vota\u00e7\u00e3o de crist\u00e3os e propriet\u00e1rios de armas, e Ingraham interrompeu para perguntar novamente.<\/p>\n<p>\u201cN\u00e3o se preocupe com o futuro. Vote, v\u00e1, voc\u00ea tem que votar no dia 5 de novembro. Depois disso, voc\u00ea n\u00e3o precisa mais se preocupar em votar. Eu n\u00e3o me importo porque n\u00f3s vamos consertar, o pa\u00eds ser\u00e1 consertado e n\u00f3s nem precisaremos mais do seu voto porque, francamente, n\u00f3s teremos muito amor. Se voc\u00ea n\u00e3o quiser mais votar, tudo bem\u201d, disse Trump.<\/p>\n<p>Trump fez coment\u00e1rios semelhantes no m\u00eas passado em outro evento voltado para crist\u00e3os, no qual lamentou as taxas de vota\u00e7\u00e3o dos crist\u00e3os e implorou que participassem da elei\u00e7\u00e3o.<\/p>\n<p>\u201cEm quatro anos, voc\u00ea n\u00e3o precisa votar, OK? Em quatro anos, n\u00e3o vote. Eu n\u00e3o ligo\u201d, ele disse.<\/p>\n<p><em>Copyright 2024 The Associated Press. Todos os direitos reservados. Este material n\u00e3o pode ser publicado, transmitido, reescrito ou redistribu\u00eddo.<\/em><\/p>\n<div class=\"wp-block-newsletter\">\n\t<strong class=\"wp-block-newsletter__title\">Inscreva-se em nossa Newsletter para receber as \u00faltimas not\u00edcias diretamente na sua caixa de entrada<\/strong><\/p>\n<\/div><\/div>\n<p><br \/>\n<br \/><a href=\"https:\/\/wsvn.com\/news\/politics\/donald-trump-says-he-probably-will-debate-kamala-harris-but-can-also-make-a-case-for-not\/\">Source link <\/a><\/p>","protected":false},"excerpt":{"rendered":"<p>NOVA YORK (AP) \u2014 Donald Trump pareceu recuar na segunda-feira em seu compromisso anterior de debater com a vice-presidente Kamala Harris, questionando o valor de um encontro e dizendo que&hellip;<\/p>","protected":false},"author":1,"featured_media":11897,"comment_status":"closed","ping_status":"open","sticky":false,"template":"","format":"standard","meta":{"content-type":"","footnotes":""},"categories":[1],"tags":[],"class_list":["post-11896","post","type-post","status-publish","format-standard","has-post-thumbnail","hentry","category-uncategorized"],"_links":{"self":[{"href":"https:\/\/tvbrazilusa.com\/pt\/wp-json\/wp\/v2\/posts\/11896","targetHints":{"allow":["GET"]}}],"collection":[{"href":"https:\/\/tvbrazilusa.com\/pt\/wp-json\/wp\/v2\/posts"}],"about":[{"href":"https:\/\/tvbrazilusa.com\/pt\/wp-json\/wp\/v2\/types\/post"}],"author":[{"embeddable":true,"href":"https:\/\/tvbrazilusa.com\/pt\/wp-json\/wp\/v2\/users\/1"}],"replies":[{"embeddable":true,"href":"https:\/\/tvbrazilusa.com\/pt\/wp-json\/wp\/v2\/comments?post=11896"}],"version-history":[{"count":1,"href":"https:\/\/tvbrazilusa.com\/pt\/wp-json\/wp\/v2\/posts\/11896\/revisions"}],"predecessor-version":[{"id":11898,"href":"https:\/\/tvbrazilusa.com\/pt\/wp-json\/wp\/v2\/posts\/11896\/revisions\/11898"}],"wp:featuredmedia":[{"embeddable":true,"href":"https:\/\/tvbrazilusa.com\/pt\/wp-json\/wp\/v2\/media\/11897"}],"wp:attachment":[{"href":"https:\/\/tvbrazilusa.com\/pt\/wp-json\/wp\/v2\/media?parent=11896"}],"wp:term":[{"taxonomy":"category","embeddable":true,"href":"https:\/\/tvbrazilusa.com\/pt\/wp-json\/wp\/v2\/categories?post=11896"},{"taxonomy":"post_tag","embeddable":true,"href":"https:\/\/tvbrazilusa.com\/pt\/wp-json\/wp\/v2\/tags?post=11896"}],"curies":[{"name":"wp","href":"https:\/\/api.w.org\/{rel}","templated":true}]}}