{"id":119014,"date":"2025-05-26T15:21:19","date_gmt":"2025-05-26T15:21:19","guid":{"rendered":"https:\/\/tvbrazilusa.com\/2025\/05\/26\/show-da-manha-exclusivo-marco-aurelio-mello-fala-sobre-o-stf-26-05-2025\/"},"modified":"2025-05-26T15:21:19","modified_gmt":"2025-05-26T15:21:19","slug":"show-da-manha-exclusivo-marco-aurelio-mello-fala-sobre-o-stf-26-05-2025","status":"publish","type":"post","link":"https:\/\/tvbrazilusa.com\/pt\/2025\/05\/26\/show-da-manha-exclusivo-marco-aurelio-mello-fala-sobre-o-stf-26-05-2025\/","title":{"rendered":"SHOW DA MANH\u00c3 &#8211; EXCLUSIVO: MARCO AUR\u00c9LIO MELLO FALA SOBRE O STF &#8211; 26\/05\/2025"},"content":{"rendered":"<p><iframe  width=\"580\" height=\"385\" src=\"https:\/\/www.youtube.com\/embed\/slAP6pnlAJk?modestbranding=1\" frameborder=\"0\" allowfullscreen><\/iframe><br \/>\n<br \/>Apresentado por Marco Ant\u00f4nio Costa.<br \/>\nConvidados: Ver. Adrilles Jorge e Fernando Holiday.<br \/>\nParticipa\u00e7\u00e3o Especial:  Dep. Fed. Chris Tonietto e Min. Marco Aur\u00e9lio Mello.<\/p>\n<p>O Show da Manh\u00e3 vai ao ar de segunda a sexta, das 10h \u00e0s 12h.<\/p>\n<p>\ud83d\udd25NOVIDADES NO FIO DIA\u0301RIO! ASSINE COM 33% OFF NO PLANO ANUAL OU 66% OFF NO DEZ A FIO! \ud83d\udc49 <\/p>\n<p>\ud83d\udd25CAMISETAS FIO DIA\u0301RIO (CUPOM \u201cFIODIARIO10\u201d PARA 10% DE DESCONTO) \ud83d\udc49 <\/p>\n<p>\ud83d\udd25APROVEITE AS PROMO\u00c7\u00d5ES DA LIVRARIA FIO DI\u00c1RIO E N\u00c3O CAIA EM NARRATIVAS! \ud83d\udc49  <\/p>\n<p>Inscreva-se no nosso Canal!<\/p>\n<p>Ou\u00e7a no Spotify: <\/p>\n<p>Siga no Instagram:<\/p>\n<p>Marco Ant\u00f4nio Costa: <\/p>\n<p>Fio Di\u00e1rio: <\/p>\n<p>Fabiano Silva (Charges):<br \/>\nInstagram: <\/p>\n<p><a href=\"https:\/\/www.youtube.com\/watch?v=slAP6pnlAJk\">source<\/a><\/p>","protected":false},"excerpt":{"rendered":"<p>Apresentado por Marco Ant\u00f4nio Costa. Convidados: Ver. Adrilles Jorge e Fernando Holiday. Participa\u00e7\u00e3o Especial: Dep. Fed. Chris Tonietto e Min. Marco Aur\u00e9lio Mello. O Show da Manh\u00e3 vai ao ar&hellip;<\/p>","protected":false},"author":1,"featured_media":119015,"comment_status":"","ping_status":"open","sticky":false,"template":"","format":"standard","meta":{"content-type":"","footnotes":""},"categories":[17],"tags":[33783,304,263,557,558,33865,63,76,871],"class_list":["post-119014","post","type-post","status-publish","format-standard","has-post-thumbnail","hentry","category-programas","tag-aurelio","tag-exclusivo","tag-fala","tag-manha","tag-marco","tag-mello","tag-show","tag-sobre","tag-stf"],"_links":{"self":[{"href":"https:\/\/tvbrazilusa.com\/pt\/wp-json\/wp\/v2\/posts\/119014","targetHints":{"allow":["GET"]}}],"collection":[{"href":"https:\/\/tvbrazilusa.com\/pt\/wp-json\/wp\/v2\/posts"}],"about":[{"href":"https:\/\/tvbrazilusa.com\/pt\/wp-json\/wp\/v2\/types\/post"}],"author":[{"embeddable":true,"href":"https:\/\/tvbrazilusa.com\/pt\/wp-json\/wp\/v2\/users\/1"}],"replies":[{"embeddable":true,"href":"https:\/\/tvbrazilusa.com\/pt\/wp-json\/wp\/v2\/comments?post=119014"}],"version-history":[{"count":0,"href":"https:\/\/tvbrazilusa.com\/pt\/wp-json\/wp\/v2\/posts\/119014\/revisions"}],"wp:featuredmedia":[{"embeddable":true,"href":"https:\/\/tvbrazilusa.com\/pt\/wp-json\/wp\/v2\/media\/119015"}],"wp:attachment":[{"href":"https:\/\/tvbrazilusa.com\/pt\/wp-json\/wp\/v2\/media?parent=119014"}],"wp:term":[{"taxonomy":"category","embeddable":true,"href":"https:\/\/tvbrazilusa.com\/pt\/wp-json\/wp\/v2\/categories?post=119014"},{"taxonomy":"post_tag","embeddable":true,"href":"https:\/\/tvbrazilusa.com\/pt\/wp-json\/wp\/v2\/tags?post=119014"}],"curies":[{"name":"wp","href":"https:\/\/api.w.org\/{rel}","templated":true}]}}