{"id":11908,"date":"2024-07-30T02:27:02","date_gmt":"2024-07-30T02:27:02","guid":{"rendered":"https:\/\/tvbrazilusa.com\/2024\/07\/30\/donald-trump-participara-de-convencao-de-jornalistas-negros-em-chicago\/"},"modified":"2024-07-30T02:38:27","modified_gmt":"2024-07-30T02:38:27","slug":"donald-trump-participara-de-convencao-de-jornalistas-negros-em-chicago","status":"publish","type":"post","link":"https:\/\/tvbrazilusa.com\/pt\/2024\/07\/30\/donald-trump-participara-de-convencao-de-jornalistas-negros-em-chicago\/","title":{"rendered":"Donald Trump participar\u00e1 de conven\u00e7\u00e3o de jornalistas negros em Chicago"},"content":{"rendered":"<script async src=\"https:\/\/pagead2.googlesyndication.com\/pagead\/js\/adsbygoogle.js?client=ca-pub-8864793242727901\"\r\n     crossorigin=\"anonymous\"><\/script>\n<div>\n<figure class=\"dist__Box-sc-1fnzlkn-0 dist__StackBase-sc-1fnzlkn-7 kmaKPB lOECr promo full-width\"><figcaption class=\"dist__Box-sc-1fnzlkn-0 gIqPVR\"><span class=\"dist__Box-sc-1fnzlkn-0 dist__TextBase-sc-1fnzlkn-3 gUNunF\">O candidato presidencial republicano, ex-presidente Donald Trump, encerra um com\u00edcio de campanha, s\u00e1bado, 27 de julho de 2024, em St. Cloud, Minnesota. (Foto AP\/Alex Brandon)<\/span><span class=\"dist__Box-sc-1fnzlkn-0 dist__TextBase-sc-1fnzlkn-3 iXosFQ\">  (Alex Brandon, Copyright 2024 The Associated Press. Todos os direitos reservados.)<\/span><\/figcaption><\/figure>\n<section class=\"dist__Box-sc-1fnzlkn-0 dist__StackBase-sc-1fnzlkn-7 isTJfS dgEFEb articleBody\" itemprop=\"articleBody\">\n<p class=\"dist__Box-sc-1fnzlkn-0 dist__TextBase-sc-1fnzlkn-3 CGHCP htMUPQ article-text\"><strong>WASHINGTON<\/strong> \u2013 <a href=\"https:\/\/apnews.com\/article\/trump-harris-debate-2024-presidential-election-cc1dc5d8d0bf85877764b23ccfb54107\">Ex-presidente Donald Trump<\/a> est\u00e1 planejando comparecer \u00e0 conven\u00e7\u00e3o anual da Associa\u00e7\u00e3o Nacional de Jornalistas Negros em Chicago na quarta-feira.<\/p>\n<p class=\"dist__Box-sc-1fnzlkn-0 dist__TextBase-sc-1fnzlkn-3 CGHCP htMUPQ article-text\">Em um comunicado divulgado na segunda-feira \u00e0 noite, a campanha de Trump disse que o candidato presidencial republicano participaria de uma sess\u00e3o de perguntas e respostas \u201cque se concentrar\u00e1 nas quest\u00f5es mais urgentes enfrentadas pela comunidade negra\u201d.<\/p>\n<p class=\"dist__Box-sc-1fnzlkn-0 dist__TextBase-sc-1fnzlkn-3 CGHCP htMUPQ article-text\">A campanha de Trump passou meses agendando apari\u00e7\u00f5es em \u00e1reas fora de seus tradicionais redutos de apoio, incluindo quando ele compareceu \u2014 e foi duramente vaiado \u2014 \u00e0 conven\u00e7\u00e3o do Partido Libert\u00e1rio em Washington no in\u00edcio deste ano.<\/p>\n<p class=\"dist__Box-sc-1fnzlkn-0 dist__TextBase-sc-1fnzlkn-3 CGHCP htMUPQ article-text\">Em seu an\u00fancio, a campanha alardeou as pol\u00edticas de Trump que, segundo ela, beneficiaram os negros americanos durante seu primeiro mandato.<\/p>\n<p class=\"dist__Box-sc-1fnzlkn-0 dist__TextBase-sc-1fnzlkn-3 CGHCP htMUPQ article-text\">O presidente Joe Biden viu sua taxa de popularidade entre os eleitores negros cair drasticamente desde que assumiu o cargo em 2021. Mas a disputa contra Trump foi abalada desde que o presidente se afastou e apoiou a vice-presidente Kamala Harris \u2014 que seria a primeira mulher negra e a primeira sul-asi\u00e1tica americana a ser eleita presidente se vencer em novembro.<\/p>\n<\/section>\n<p class=\"dist__Box-sc-1fnzlkn-0 dist__TextBase-sc-1fnzlkn-3 jnAGvX copyright\">Copyright 2024 The Associated Press. Todos os direitos reservados. Este material n\u00e3o pode ser publicado, transmitido, reescrito ou redistribu\u00eddo sem permiss\u00e3o.<\/p>\n<hr class=\"dist__Box-sc-1fnzlkn-0 dist__BaseDivider-sc-1fnzlkn-8 NJMqq iWGCIx\"\/><\/div>\n<p><br \/>\n<br \/><a href=\"https:\/\/www.clickorlando.com\/news\/politics\/2024\/07\/30\/donald-trump-to-attend-black-journalists-convention-in-chicago\/\">Source link <\/a><\/p>","protected":false},"excerpt":{"rendered":"<p>O candidato presidencial republicano, ex-presidente Donald Trump, encerra um com\u00edcio de campanha, s\u00e1bado, 27 de julho de 2024, em St. Cloud, Minnesota. (Foto AP\/Alex Brandon) (Alex Brandon, Copyright 2024 The&hellip;<\/p>","protected":false},"author":1,"featured_media":11909,"comment_status":"closed","ping_status":"open","sticky":false,"template":"","format":"standard","meta":{"content-type":"","footnotes":""},"categories":[1],"tags":[1405,1404,1408,1411,93],"class_list":["post-11908","post","type-post","status-publish","format-standard","has-post-thumbnail","hentry","category-uncategorized","tag-donald-trump","tag-eleicao-presidencial-dos-estados-unidos-de-2024","tag-eleicoes","tag-noticias-dos-eua","tag-politica"],"_links":{"self":[{"href":"https:\/\/tvbrazilusa.com\/pt\/wp-json\/wp\/v2\/posts\/11908","targetHints":{"allow":["GET"]}}],"collection":[{"href":"https:\/\/tvbrazilusa.com\/pt\/wp-json\/wp\/v2\/posts"}],"about":[{"href":"https:\/\/tvbrazilusa.com\/pt\/wp-json\/wp\/v2\/types\/post"}],"author":[{"embeddable":true,"href":"https:\/\/tvbrazilusa.com\/pt\/wp-json\/wp\/v2\/users\/1"}],"replies":[{"embeddable":true,"href":"https:\/\/tvbrazilusa.com\/pt\/wp-json\/wp\/v2\/comments?post=11908"}],"version-history":[{"count":1,"href":"https:\/\/tvbrazilusa.com\/pt\/wp-json\/wp\/v2\/posts\/11908\/revisions"}],"predecessor-version":[{"id":11910,"href":"https:\/\/tvbrazilusa.com\/pt\/wp-json\/wp\/v2\/posts\/11908\/revisions\/11910"}],"wp:featuredmedia":[{"embeddable":true,"href":"https:\/\/tvbrazilusa.com\/pt\/wp-json\/wp\/v2\/media\/11909"}],"wp:attachment":[{"href":"https:\/\/tvbrazilusa.com\/pt\/wp-json\/wp\/v2\/media?parent=11908"}],"wp:term":[{"taxonomy":"category","embeddable":true,"href":"https:\/\/tvbrazilusa.com\/pt\/wp-json\/wp\/v2\/categories?post=11908"},{"taxonomy":"post_tag","embeddable":true,"href":"https:\/\/tvbrazilusa.com\/pt\/wp-json\/wp\/v2\/tags?post=11908"}],"curies":[{"name":"wp","href":"https:\/\/api.w.org\/{rel}","templated":true}]}}