{"id":119120,"date":"2025-05-28T20:47:46","date_gmt":"2025-05-28T20:47:46","guid":{"rendered":"https:\/\/tvbrazilusa.com\/2025\/05\/28\/lamont-democratas-estaduais-lutando-contra-a-duracao-do-orcamento\/"},"modified":"2025-05-28T20:49:57","modified_gmt":"2025-05-28T20:49:57","slug":"lamont-democratas-estaduais-lutando-contra-a-duracao-do-orcamento","status":"publish","type":"post","link":"https:\/\/tvbrazilusa.com\/pt\/2025\/05\/28\/lamont-democratas-estaduais-lutando-contra-a-duracao-do-orcamento\/","title":{"rendered":"Lamont, democratas estaduais lutando contra a dura\u00e7\u00e3o do or\u00e7amento"},"content":{"rendered":"<script async src=\"https:\/\/pagead2.googlesyndication.com\/pagead\/js\/adsbygoogle.js?client=ca-pub-8864793242727901\"\r\n     crossorigin=\"anonymous\"><\/script>\n<p>HARTFORD, Connecticut (WTNH) &#8211; H\u00e1 uma batalha or\u00e7ament\u00e1ria se formando no Capit\u00f3lio do Estado.<\/p>\n<p>O governador Ned Lamont e seus colegas democratas na legislatura foram lan\u00e7ados quarta -feira com opini\u00f5es rivalizadas com a apar\u00eancia do pr\u00f3ximo or\u00e7amento do estado.<\/p>\n<p>Os democratas legislativos querem aumentar os gastos em mais do que o governador Lamont deseja. E os democratas legislativos est\u00e3o agora pressionando a id\u00e9ia de aprovar um or\u00e7amento estadual de um ano, em vez do or\u00e7amento normal do estado de dois anos. <\/p>\n<p>Os motivos pelos quais eles desejam fazer um or\u00e7amento de um ano em vez de um or\u00e7amento de dois anos s\u00e3o muito t\u00e9cnicos. Mas o ponto b\u00e1sico \u00e9 o seguinte: eles querem mais flexibilidade quando se trata do sistema de controles de gastos do estado, especificamente o limite legal dos gastos estaduais que devem definir um teto r\u00edgido no or\u00e7amento. <\/p>\n<p>Eles acreditam que, se tiverem que fazer um or\u00e7amento de dois anos, as restri\u00e7\u00f5es do sistema de controles gastos do estado, combinadas com qualquer cortes de financiamento da Washington DC, os colocariam em uma posi\u00e7\u00e3o de potencialmente recuar nos gastos com prioridades como a educa\u00e7\u00e3o. Eles est\u00e3o sendo muito assertivos em argumentar.<\/p>\n<p>&#8220;O ramo legislativo n\u00e3o \u00e9 cantores de backup&#8221;, disse o presidente da C\u00e2mara do Estado, Matt Ritter (D-1st). \u00c9 um ramo co-equal do governo e n\u00e3o vai apenas dobrar um joelho porque algu\u00e9m diz em uma folha de papel: &#8216;Apenas fa\u00e7a esses cortes e vamos para casa&#8217;. Existem opini\u00f5es l\u00e1. Opini\u00f5es apaixonadas. E temos o trabalho dif\u00edcil de enfiar a agulha, e a agulha agora, acredito, \u00e9 um or\u00e7amento de um ano &#8220;.<\/p>\n<p>O governador Lamont n\u00e3o parece amig\u00e1vel \u00e0 id\u00e9ia de um or\u00e7amento de um ano.<\/p>\n<p>&#8220;Se conseguirmos encontrar um terreno comum &#8211; se re\u00fane no meio&#8221;, disse o governador Lamont. N\u00e3o estamos falando de cortes, estamos falando sobre o quanto aumentamos. Acho que podemos dar aos contribuintes do estado de Connecticut a confian\u00e7a de que temos um or\u00e7amento de dois anos honestamente equilibrado, assim como fizemos nos \u00faltimos 40 anos &#8220;.<\/p>\n<p><br \/>\n<br \/><a href=\"https:\/\/www.wtnh.com\/news\/connecticut\/lamont-state-democrats-battling-over-length-of-budget\/\">Source link <\/a><\/p>","protected":false},"excerpt":{"rendered":"<p>HARTFORD, Connecticut (WTNH) &#8211; H\u00e1 uma batalha or\u00e7ament\u00e1ria se formando no Capit\u00f3lio do Estado. O governador Ned Lamont e seus colegas democratas na legislatura foram lan\u00e7ados quarta -feira com opini\u00f5es&hellip;<\/p>","protected":false},"author":1,"featured_media":51984,"comment_status":"closed","ping_status":"open","sticky":false,"template":"","format":"standard","meta":{"content-type":"","footnotes":""},"categories":[1],"tags":[],"class_list":["post-119120","post","type-post","status-publish","format-standard","has-post-thumbnail","hentry","category-uncategorized"],"_links":{"self":[{"href":"https:\/\/tvbrazilusa.com\/pt\/wp-json\/wp\/v2\/posts\/119120","targetHints":{"allow":["GET"]}}],"collection":[{"href":"https:\/\/tvbrazilusa.com\/pt\/wp-json\/wp\/v2\/posts"}],"about":[{"href":"https:\/\/tvbrazilusa.com\/pt\/wp-json\/wp\/v2\/types\/post"}],"author":[{"embeddable":true,"href":"https:\/\/tvbrazilusa.com\/pt\/wp-json\/wp\/v2\/users\/1"}],"replies":[{"embeddable":true,"href":"https:\/\/tvbrazilusa.com\/pt\/wp-json\/wp\/v2\/comments?post=119120"}],"version-history":[{"count":1,"href":"https:\/\/tvbrazilusa.com\/pt\/wp-json\/wp\/v2\/posts\/119120\/revisions"}],"predecessor-version":[{"id":119121,"href":"https:\/\/tvbrazilusa.com\/pt\/wp-json\/wp\/v2\/posts\/119120\/revisions\/119121"}],"wp:featuredmedia":[{"embeddable":true,"href":"https:\/\/tvbrazilusa.com\/pt\/wp-json\/wp\/v2\/media\/51984"}],"wp:attachment":[{"href":"https:\/\/tvbrazilusa.com\/pt\/wp-json\/wp\/v2\/media?parent=119120"}],"wp:term":[{"taxonomy":"category","embeddable":true,"href":"https:\/\/tvbrazilusa.com\/pt\/wp-json\/wp\/v2\/categories?post=119120"},{"taxonomy":"post_tag","embeddable":true,"href":"https:\/\/tvbrazilusa.com\/pt\/wp-json\/wp\/v2\/tags?post=119120"}],"curies":[{"name":"wp","href":"https:\/\/api.w.org\/{rel}","templated":true}]}}