{"id":119124,"date":"2025-05-28T21:46:06","date_gmt":"2025-05-28T21:46:06","guid":{"rendered":"https:\/\/tvbrazilusa.com\/2025\/05\/28\/o-que-fazer-verao-no-cummer-peso-pesado-noite-sob-as-estrelas-jacksonville-hoje\/"},"modified":"2025-05-28T21:50:03","modified_gmt":"2025-05-28T21:50:03","slug":"o-que-fazer-verao-no-cummer-peso-pesado-noite-sob-as-estrelas-jacksonville-hoje","status":"publish","type":"post","link":"https:\/\/tvbrazilusa.com\/pt\/2025\/05\/28\/o-que-fazer-verao-no-cummer-peso-pesado-noite-sob-as-estrelas-jacksonville-hoje\/","title":{"rendered":"O que fazer | Ver\u00e3o no Cummer; &#8216;Peso pesado;&#8217; Noite sob as estrelas | Jacksonville hoje"},"content":{"rendered":"<p> <script async src=\"https:\/\/pagead2.googlesyndication.com\/pagead\/js\/adsbygoogle.js?client=ca-pub-8864793242727901\"\r\n     crossorigin=\"anonymous\"><\/script><br \/>\n<\/p>\n<div>\n<figure class=\"wp-block-image size-full\"><\/figure>\n<p><strong>Sexta-feira<\/strong><\/p>\n<p><strong><strong>Ver\u00e3o no Cummer<\/strong><\/strong><\/p>\n<p><strong><strong><strong>Museu de Artes e Jardins de Cummer | Riverside<\/strong><\/strong><\/strong><\/p>\n<p>Esta s\u00e9rie anual de eventos \u00e9 uma favorita pessoal para minha fam\u00edlia e para mim. H\u00e1 algo m\u00e1gico em passar uma noite de ver\u00e3o no Museu Cummer, cercado por m\u00fasica ao vivo, bela arte, boa comida e os lindos jardins.<\/p>\n<p>Agora em seu s\u00e9timo ano, ver\u00e3o no Cummer<em> <\/em>come\u00e7a neste fim de semana com apresenta\u00e7\u00f5es ao vivo de Chillakaya e Yael Dray, comida e bebida, jogos ao ar livre e energia criativa em todos os lugares que voc\u00ea vira. Voc\u00ea pode at\u00e9 pegar uma demonstra\u00e7\u00e3o de tecelagem da Guilda de Jacksonville Weavers em conex\u00f5es de arte. <\/p>\n<p>E com admiss\u00e3o gratuita nessas noites especiais de sexta -feira, n\u00e3o h\u00e1 melhor momento para conferir a institui\u00e7\u00e3o de arte de Jacksonville, se voc\u00ea ainda n\u00e3o o fez. <\/p>\n<p><em>829 Riverside Ave.; 16h \u00e0s 21h; Livre e aberto ao p\u00fablico. <a href=\"https:\/\/www.cummermuseum.org\/event\/summer-at-the-cummer-6-2025-05-30\/\" rel=\"nofollow noopener\" target=\"_blank\">Mais informa\u00e7\u00f5es.<\/a><\/em><\/p>\n<hr class=\"wp-block-separator has-alpha-channel-opacity\"\/>\n<div class=\"wp-block-image\">\n<figure class=\"aligncenter size-full is-resized\"><img loading=\"lazy\" color=\"4e3e44\" transparency=\"false\" decoding=\"async\" width=\"598\" height=\"595\" src=\"https:\/\/jaxtoday.org\/wp-content\/uploads\/2025\/05\/0.jpg\" alt=\"\" class=\"not-transparent wp-image-94951\" style=\"--dominant-color: #4e3e44; width:840px;height:auto\" srcset=\"https:\/\/jaxtoday.org\/wp-content\/uploads\/2025\/05\/0.jpg 598w, https:\/\/jaxtoday.org\/wp-content\/uploads\/2025\/05\/0-300x298.jpg 300w, https:\/\/jaxtoday.org\/wp-content\/uploads\/2025\/05\/0-150x150.jpg 150w, https:\/\/jaxtoday.org\/wp-content\/uploads\/2025\/05\/0-241x240.jpg 241w, https:\/\/jaxtoday.org\/wp-content\/uploads\/2025\/05\/0-100x99.jpg 100w\" sizes=\"auto, (max-width: 598px) 100vw, 598px\"\/><\/figure>\n<\/div>\n<p><strong><strong>S\u00e1bado<\/strong><\/strong><\/p>\n<p><strong><strong><strong><strong><strong><strong><em>Peso pesado <\/em>Recep\u00e7\u00e3o de fechamento<\/strong><\/strong><\/strong><\/strong><\/strong><\/strong><\/p>\n<p><strong><strong><strong><strong><strong><strong><strong><strong>Minera\u00e7\u00e3o da Fl\u00f3rida | Riverside<\/strong><\/strong><\/strong><\/strong><\/strong><\/strong><\/strong><\/strong><\/p>\n<p><em>Peso pesado<\/em> \u00e9 uma exposi\u00e7\u00e3o com curadoria de Jason John que explora a tradi\u00e7\u00e3o da arte figurativa de Jacksonville, mostrando uma variedade diversificada de artistas locais que abra\u00e7aram ousadamente a forma, retrato e representa\u00e7\u00f5es humanas do corpo.<\/p>\n<p><em>Peso pesado<\/em> mostra os artistas que buscavam express\u00e3o figurativa em um momento em que essas abordagens eram frequentemente demitidas ou ignoradas em favor de estilos mais conceituais e n\u00e3o representacionais. Com artistas que v\u00e3o desde aqueles com treinamento cl\u00e1ssico at\u00e9 aqueles envolvidos na gravura, arte mural, papel e arte de rua, <em>Peso pesado<\/em>Tamb\u00e9m destaca os artistas de Jacksonville que s\u00e3o pesos pesados \u200b\u200bem suas respectivas disciplinas.<\/p>\n<p><em>2756 Park St.; 18:00 \u00e0s 21:00; Livre e aberto ao p\u00fablico. <a href=\"https:\/\/floridamininggallery.com\/exhibitions\" rel=\"nofollow noopener\" target=\"_blank\">Mais informa\u00e7\u00f5es.<\/a><\/em><\/p>\n<hr class=\"wp-block-separator has-alpha-channel-opacity\"\/>\n<div class=\"wp-block-group\">\n<div class=\"wp-block-group__inner-container is-layout-constrained wp-block-group-is-layout-constrained\">\n<div class=\"wp-block-image\">\n<figure class=\"aligncenter size-full\"><img loading=\"lazy\" color=\"454e60\" transparency=\"false\" style=\"--dominant-color: #454e60;\" decoding=\"async\" width=\"1024\" height=\"768\" src=\"https:\/\/jaxtoday.org\/wp-content\/uploads\/2025\/05\/image-11.png\" alt=\"\" class=\"not-transparent wp-image-94953\" srcset=\"https:\/\/jaxtoday.org\/wp-content\/uploads\/2025\/05\/image-11.png 1024w, https:\/\/jaxtoday.org\/wp-content\/uploads\/2025\/05\/image-11-300x225.png 300w, https:\/\/jaxtoday.org\/wp-content\/uploads\/2025\/05\/image-11-768x576.png 768w, https:\/\/jaxtoday.org\/wp-content\/uploads\/2025\/05\/image-11-320x240.png 320w, https:\/\/jaxtoday.org\/wp-content\/uploads\/2025\/05\/image-11-100x75.png 100w\" sizes=\"auto, (max-width: 1024px) 100vw, 1024px\"\/><\/figure>\n<\/div>\n<p><strong><strong>S\u00e1bado<\/strong><\/strong><\/p>\n<p><strong><strong><strong><strong><strong><strong><strong><strong>Noite sob as estrelas<\/strong><\/strong><\/strong><\/strong><\/strong><\/strong><\/strong><\/strong><\/p>\n<p><strong>Condado de St. Johns<\/strong> <strong><strong><strong><strong><strong><strong><strong><strong>Centro equestre | Hastings<\/strong><\/strong><\/strong><\/strong><\/strong><\/strong><\/strong><\/strong><\/p>\n<p>Est\u00e1 com vontade de fugir de tudo sem deixar o nordeste da Fl\u00f3rida? Passe uma noite aproveitando as estrelas com os parques e recrea\u00e7\u00e3o de St. Johns County e o antigo clube de astronomia da cidade. Sua classe Astronomy 101 oferece uma introdu\u00e7\u00e3o divertida a constela\u00e7\u00f5es, nomes de estrelas e corpos celestes, todos liderados por nerds de estrelas locais experientes. <\/p>\n<p>Se voc\u00ea \u00e9 novo em estrelar ou querer aprimorar suas habilidades de astronomia, aqui est\u00e1 sua chance de se conectar com outras pessoas sob nada al\u00e9m do c\u00e9u noturno. <\/p>\n<p><em>8200 Smith Road, Hastings; 21:00 \u00e0s 22:30; Livre e aberto ao p\u00fablico. <a href=\"https:\/\/secure.rec1.com\/FL\/stjohns-county-fl\/catalog?filter=c2VhcmNoPTM2NDAzNDM=\" rel=\"nofollow noopener\" target=\"_blank\">Registro e mais informa\u00e7\u00f5es.<\/a><\/em><\/p>\n<\/div>\n<\/div>\n<\/div>\n<p><br \/>\n<br \/><a href=\"https:\/\/jaxtoday.org\/2025\/05\/28\/what-to-do-summer-at-the-cummer-heavyweight-night-under-the-stars\/\">Source link <\/a><\/p>","protected":false},"excerpt":{"rendered":"<p>Sexta-feira Ver\u00e3o no Cummer Museu de Artes e Jardins de Cummer | Riverside Esta s\u00e9rie anual de eventos \u00e9 uma favorita pessoal para minha fam\u00edlia e para mim. H\u00e1 algo&hellip;<\/p>","protected":false},"author":1,"featured_media":119125,"comment_status":"closed","ping_status":"open","sticky":false,"template":"","format":"standard","meta":{"content-type":"","footnotes":""},"categories":[1],"tags":[],"class_list":["post-119124","post","type-post","status-publish","format-standard","has-post-thumbnail","hentry","category-uncategorized"],"_links":{"self":[{"href":"https:\/\/tvbrazilusa.com\/pt\/wp-json\/wp\/v2\/posts\/119124","targetHints":{"allow":["GET"]}}],"collection":[{"href":"https:\/\/tvbrazilusa.com\/pt\/wp-json\/wp\/v2\/posts"}],"about":[{"href":"https:\/\/tvbrazilusa.com\/pt\/wp-json\/wp\/v2\/types\/post"}],"author":[{"embeddable":true,"href":"https:\/\/tvbrazilusa.com\/pt\/wp-json\/wp\/v2\/users\/1"}],"replies":[{"embeddable":true,"href":"https:\/\/tvbrazilusa.com\/pt\/wp-json\/wp\/v2\/comments?post=119124"}],"version-history":[{"count":1,"href":"https:\/\/tvbrazilusa.com\/pt\/wp-json\/wp\/v2\/posts\/119124\/revisions"}],"predecessor-version":[{"id":119126,"href":"https:\/\/tvbrazilusa.com\/pt\/wp-json\/wp\/v2\/posts\/119124\/revisions\/119126"}],"wp:featuredmedia":[{"embeddable":true,"href":"https:\/\/tvbrazilusa.com\/pt\/wp-json\/wp\/v2\/media\/119125"}],"wp:attachment":[{"href":"https:\/\/tvbrazilusa.com\/pt\/wp-json\/wp\/v2\/media?parent=119124"}],"wp:term":[{"taxonomy":"category","embeddable":true,"href":"https:\/\/tvbrazilusa.com\/pt\/wp-json\/wp\/v2\/categories?post=119124"},{"taxonomy":"post_tag","embeddable":true,"href":"https:\/\/tvbrazilusa.com\/pt\/wp-json\/wp\/v2\/tags?post=119124"}],"curies":[{"name":"wp","href":"https:\/\/api.w.org\/{rel}","templated":true}]}}