{"id":119147,"date":"2025-05-29T10:38:44","date_gmt":"2025-05-29T10:38:44","guid":{"rendered":"https:\/\/tvbrazilusa.com\/2025\/05\/29\/os-legisladores-de-connecticut-proximos-a-um-acordo-com-orcamento-estadual-de-dois-anos-diz-matt-ritter\/"},"modified":"2025-05-29T10:50:52","modified_gmt":"2025-05-29T10:50:52","slug":"os-legisladores-de-connecticut-proximos-a-um-acordo-com-orcamento-estadual-de-dois-anos-diz-matt-ritter","status":"publish","type":"post","link":"https:\/\/tvbrazilusa.com\/pt\/2025\/05\/29\/os-legisladores-de-connecticut-proximos-a-um-acordo-com-orcamento-estadual-de-dois-anos-diz-matt-ritter\/","title":{"rendered":"Os legisladores de Connecticut &#8216;pr\u00f3ximos a um acordo&#8217; com or\u00e7amento estadual de dois anos, diz Matt Ritter"},"content":{"rendered":"<script async src=\"https:\/\/pagead2.googlesyndication.com\/pagead\/js\/adsbygoogle.js?client=ca-pub-8864793242727901\"\r\n     crossorigin=\"anonymous\"><\/script>\n<p>Hartford, Connecticut (WTNH)-Com o rel\u00f3gio correndo no final da sess\u00e3o legislativa do estado em 4 de junho, o orador democrata da C\u00e2mara dos Deputados de Connecticut disse que os l\u00edderes est\u00e3o &#8220;substancialmente pr\u00f3ximos de um acordo&#8221; no pr\u00f3ximo or\u00e7amento do estado de dois anos.<\/p>\n<div class=\"nlp-ignore-block article-content rich-text\">\n<aside class=\"promo-link\">\n\t<a href=\"https:\/\/www.wtnh.com\/news\/connecticut\/lamont-state-democrats-battling-over-length-of-budget\/?ipid=promo-link-block1\" class=\"promo-link__link\"><\/p>\n<p>\t\tLamont, democratas estaduais lutando contra a dura\u00e7\u00e3o do or\u00e7amento\t<\/a><br \/>\n<\/aside>\n<\/div>\n<p>&#8220;Felizmente, teremos um contrato de aperto de m\u00e3o amanh\u00e3&#8221;, disse o deputado estadual Matt Ritter, o presidente da C\u00e2mara, na noite de quarta -feira.<\/p>\n<p>O an\u00fancio de que os l\u00edderes est\u00e3o chegando a um acordo final com o or\u00e7amento ocorre ap\u00f3s meses de vaiv\u00e9m sobre quanto aumentar os gastos estaduais. Os democratas legislativos, liderados pelo presidente do Ritter e do Senado do Estado, Martin Looney, pediram constantemente aumentos maiores do que os propostos pelo governador Ned Lamont em sua proposta de or\u00e7amento, lan\u00e7ada em fevereiro.<\/p>\n<p>As negocia\u00e7\u00f5es de or\u00e7amento entre os l\u00edderes legislativos democratas e a administra\u00e7\u00e3o do governador cresceram em intensidade nas \u00faltimas semanas, com uma troca particularmente not\u00e1vel se desenrolando em p\u00fablico ao longo do dia na quarta -feira.<\/p>\n<p>Na manh\u00e3 de quarta-feira, Ritter sugeriu publicamente que o estado adotasse um or\u00e7amento de um ano, e n\u00e3o o tradicional plano de gastos de dois anos. \u00c9 uma manobra que n\u00e3o tem precedentes na hist\u00f3ria recente da legislatura estadual, mas que Ritter disse que poderia ajudar o estado a abordar uma s\u00e9rie de enigmas de financiamento sobrepostos que enfrenta no momento.<\/p>\n<p>O pr\u00f3ximo or\u00e7amento estadual, disse Ritter, exigir\u00e1 que os l\u00edderes enfatizem delicadamente uma agulha entre v\u00e1rios interesses concorrentes. Os legisladores devem lidar com o sistema de controles de gastos legais do estado, incluindo um limite no tamanho geral do or\u00e7amento, al\u00e9m de tentar responder aos pedidos de distritos escolares locais, organiza\u00e7\u00f5es de servi\u00e7os sem fins lucrativos, profissionais de sa\u00fade, advogados de assist\u00eancia infantil e institui\u00e7\u00f5es de ensino superior &#8211; todos que clamam mais financiamento estatal. As quest\u00f5es complicantes s\u00e3o o potencial de cortes de financiamento do governo federal.<\/p>\n<p>Uma boa maneira de enfiar a agulha entre todos esses fatores, Ritter sugeriu na quarta-feira de manh\u00e3, \u00e9 um or\u00e7amento de um ano.<\/p>\n<p>V\u00e1rias horas depois que Ritter fez seus coment\u00e1rios sobre a sabedoria de um or\u00e7amento de um ano, Lamont convocou rep\u00f3rteres ao seu escrit\u00f3rio para responder.<\/p>\n<p>&#8220;Acho que devemos sentar e tentar novamente, em vez de sair e dizer: &#8216;Desisti e vamos fazer um or\u00e7amento de um ano'&#8221;, disse Lamont. &#8220;Isso quebra todos os compromissos que assumimos aos contribuintes do estado nos \u00faltimos 40, 45 anos&#8221;.<\/p>\n<p>A apreens\u00e3o de Lamont em rela\u00e7\u00e3o \u00e0 id\u00e9ia de abandonar sua pr\u00e1tica de or\u00e7amento de d\u00e9cadas em ciclos de dois anos foi compartilhada pelos principais republicanos da legislatura.<\/p>\n<p>&#8220;Eu acho que isso \u00e9 irresponsabilidade fiscal&#8221;, disse o senador estadual Steve Harding, l\u00edder do caucus republicano de 11 membros do Senado do Estado. &#8220;\u00c9 postura pol\u00edtica e, francamente, o que vai acontecer \u00e9 que voc\u00ea ver\u00e1 em casa, aumentos de impostos compensam essa postura pol\u00edtica, essa irresponsabilidade fiscal acontecendo, esse planejamento de curto prazo em andamento&#8221;.<\/p>\n<p>Embora o governador n\u00e3o fosse t\u00e3o expl\u00edcito em suas cr\u00edticas ao conceito de or\u00e7amento de um ano, ele disse que estava inclinado a vetar esse plano se alguma vez chegasse \u00e0 sua mesa.<\/p>\n<p>Ap\u00f3s o voleio p\u00fablico entre Ritter e Lamont, as discuss\u00f5es de portas fechadas entre os dois campos foram retomadas.<\/p>\n<p>Na noite de quarta -feira, os principais funcion\u00e1rios do governo Lamont se reuniram no escrit\u00f3rio de Ritter para uma reuni\u00e3o com os dois l\u00edderes democratas. Quando os dois campos conclu\u00edram suas conversas, come\u00e7aram a se espalhar entre legisladores e especialistas em capitol de que um acordo or\u00e7ament\u00e1rio de dois anos estava pr\u00f3ximo. V\u00e1rios legisladores informados sobre as negocia\u00e7\u00f5es disseram \u00e0s not\u00edcias 8 que esperavam que o acordo fosse anunciado na quinta -feira, ecoando as declara\u00e7\u00f5es de Ritter.<\/p>\n<p>Os detalhes exatos do acordo discutido na noite de quarta -feira n\u00e3o estavam dispon\u00edveis imediatamente, mas Ritter ofereceu informa\u00e7\u00f5es sobre os contornos amplos do acordo que ele espera que seja acordado informalmente na quinta -feira.<\/p>\n<p>&#8220;Acho que mudamos um longo caminho, acho que somos capazes de financiar coisas que n\u00e3o conseguimos financiar antes&#8221;, disse Ritter.<\/p>\n<p>Os legisladores devem se reunir na quinta -feira de manh\u00e3.<\/p>\n<p>Fique com o News 8 \u00e0 medida que essa hist\u00f3ria se desenrola.<\/p>\n<p><br \/>\n<br \/><a href=\"https:\/\/www.wtnh.com\/news\/connecticut\/connecticut-lawmakers-close-to-a-deal-on-two-year-state-budget-speaker-matt-ritter-says\/\">Source link <\/a><\/p>","protected":false},"excerpt":{"rendered":"<p>Hartford, Connecticut (WTNH)-Com o rel\u00f3gio correndo no final da sess\u00e3o legislativa do estado em 4 de junho, o orador democrata da C\u00e2mara dos Deputados de Connecticut disse que os l\u00edderes&hellip;<\/p>","protected":false},"author":1,"featured_media":55330,"comment_status":"closed","ping_status":"open","sticky":false,"template":"","format":"standard","meta":{"content-type":"","footnotes":""},"categories":[1],"tags":[],"class_list":["post-119147","post","type-post","status-publish","format-standard","has-post-thumbnail","hentry","category-uncategorized"],"_links":{"self":[{"href":"https:\/\/tvbrazilusa.com\/pt\/wp-json\/wp\/v2\/posts\/119147","targetHints":{"allow":["GET"]}}],"collection":[{"href":"https:\/\/tvbrazilusa.com\/pt\/wp-json\/wp\/v2\/posts"}],"about":[{"href":"https:\/\/tvbrazilusa.com\/pt\/wp-json\/wp\/v2\/types\/post"}],"author":[{"embeddable":true,"href":"https:\/\/tvbrazilusa.com\/pt\/wp-json\/wp\/v2\/users\/1"}],"replies":[{"embeddable":true,"href":"https:\/\/tvbrazilusa.com\/pt\/wp-json\/wp\/v2\/comments?post=119147"}],"version-history":[{"count":1,"href":"https:\/\/tvbrazilusa.com\/pt\/wp-json\/wp\/v2\/posts\/119147\/revisions"}],"predecessor-version":[{"id":119148,"href":"https:\/\/tvbrazilusa.com\/pt\/wp-json\/wp\/v2\/posts\/119147\/revisions\/119148"}],"wp:featuredmedia":[{"embeddable":true,"href":"https:\/\/tvbrazilusa.com\/pt\/wp-json\/wp\/v2\/media\/55330"}],"wp:attachment":[{"href":"https:\/\/tvbrazilusa.com\/pt\/wp-json\/wp\/v2\/media?parent=119147"}],"wp:term":[{"taxonomy":"category","embeddable":true,"href":"https:\/\/tvbrazilusa.com\/pt\/wp-json\/wp\/v2\/categories?post=119147"},{"taxonomy":"post_tag","embeddable":true,"href":"https:\/\/tvbrazilusa.com\/pt\/wp-json\/wp\/v2\/tags?post=119147"}],"curies":[{"name":"wp","href":"https:\/\/api.w.org\/{rel}","templated":true}]}}