{"id":119177,"date":"2025-05-29T19:06:10","date_gmt":"2025-05-29T19:06:10","guid":{"rendered":"https:\/\/tvbrazilusa.com\/2025\/05\/29\/proximo-presidente-do-conselho-busca-um-novo-caminho-para-o-desenvolvimento-do-centro-da-cidade-jacksonville-hoje\/"},"modified":"2025-05-29T19:08:37","modified_gmt":"2025-05-29T19:08:37","slug":"proximo-presidente-do-conselho-busca-um-novo-caminho-para-o-desenvolvimento-do-centro-da-cidade-jacksonville-hoje","status":"publish","type":"post","link":"https:\/\/tvbrazilusa.com\/pt\/2025\/05\/29\/proximo-presidente-do-conselho-busca-um-novo-caminho-para-o-desenvolvimento-do-centro-da-cidade-jacksonville-hoje\/","title":{"rendered":"Pr\u00f3ximo Presidente do Conselho busca um novo caminho para o desenvolvimento do centro da cidade | Jacksonville hoje"},"content":{"rendered":"<p> <script async src=\"https:\/\/pagead2.googlesyndication.com\/pagead\/js\/adsbygoogle.js?client=ca-pub-8864793242727901\"\r\n     crossorigin=\"anonymous\"><\/script><br \/>\n<\/p>\n<div>\n<p>O presidente do Conselho da Cidade, Kevin Carrico, diz que a revitaliza\u00e7\u00e3o do centro ser\u00e1 uma prioridade quando seu mandato de um ano come\u00e7ar em 1\u00ba de julho, e ele quer come\u00e7ar com reformas da autoridade de investimento do centro da cidade. <\/p>\n<p>Carrico <a href=\"https:\/\/jaxcityc.legistar.com\/LegislationDetail.aspx?ID=7407827&#038;GUID=29669645-6274-42A1-A910-A0D54A54F7A2&#038;Options=ID%7CText%7C&#038;Search=Downtown+Investment+Authority\" rel=\"nofollow noopener\" target=\"_blank\">legisla\u00e7\u00e3o cointroduzida<\/a> Na noite de ter\u00e7a -feira, isso exigiria que o Conselho confirme a escolha do Conselho do DIA para liderar a ag\u00eancia e daria aos legisladores da cidade a autoridade para remover o CEO. <\/p>\n<p>O projeto, co-introduzido com o membro do conselho Joe Carlucci, permitiria \u00e0 ag\u00eancia ignorar o comit\u00ea de revis\u00e3o do prefeito e enviar uma legisla\u00e7\u00e3o sobre acordos de incentivo que negocia com promotores imobili\u00e1rios privados diretamente com o Conselho da Cidade. <\/p>\n<p>Atualmente, o CEO da DIA precisa obter aprova\u00e7\u00e3o do escrit\u00f3rio do prefeito para registrar contas no Conselho. <\/p>\n<p>&#8220;Eles j\u00e1 s\u00e3o examinados. Eles t\u00eam um conselho nomeado pelo prefeito e possui um CEO escolhido por esse conselho. Eles j\u00e1 t\u00eam seu processo&#8221;, disse Carrico. \u201c\u00c9 quase como um processo de comit\u00ea. Eles trabalham no acordo, negociam o acordo, votam no acordo. Eles devem ser capazes de registrar isso (legisla\u00e7\u00e3o) conosco\u201d. <\/p>\n<p>De acordo com a legisla\u00e7\u00e3o, o limite do Conselho do DIA para aprovar acordos de incentivo independente do Conselho seria reduzido de US $ 18 milh\u00f5es para US $ 10 milh\u00f5es, com uma exce\u00e7\u00e3o realizada de descontos em impostos sobre a propriedade, conhecidos como recaps\u00f5es de valor aprimorado, que ainda iriam ao conselho.<\/p>\n<p>Carrico diz que a remo\u00e7\u00e3o da pe\u00e7a de desconto de impostos &#8211; que historicamente \u00e9 milh\u00f5es para dezenas de milh\u00f5es de d\u00f3lares &#8211; permitiria que o DIA aprovasse independentemente mais acordos de incentivo. <\/p>\n<p>O presidente-designado do conselho diz que espera que as mudan\u00e7as acelerem a verifica\u00e7\u00e3o e a aprova\u00e7\u00e3o dos acordos de reconstru\u00e7\u00e3o apoiados pela cidade no centro da cidade e d\u00ea ao DIA-o coordenador da cidade para atrair investimentos privados no Northbank e Southbank-mais autonomia.<\/p>\n<p>&#8220;N\u00e3o \u00e9 uma viagem de poder, \u00e9 uma coisa de responsabilidade&#8221;, disse Carrico durante uma reuni\u00e3o na quinta -feira do comit\u00ea especial do Conselho sobre o futuro do centro da cidade.<\/p>\n<p>Alguns membros do conselho, incluindo Jimmy Peluso, cujo distrito inclui o centro da cidade, conversaram sobre mudan\u00e7as no projeto de lei na quinta -feira. Peluso quer a capacidade do conselho de remover o CEO retirado da conta. Ele disse que se preocupa que pudesse politizar a posi\u00e7\u00e3o de CEO da ag\u00eancia. <\/p>\n<p>&#8220;O que todo mundo est\u00e1 pulando e me ligando \u00e9 a parte da legisla\u00e7\u00e3o em que esse CEO seria confirmado pelo conselho e seria capaz de ser removido pelo conselho&#8221;, disse Carrico \u00e0 <em>Jacksonville hoje. <\/em><\/p>\n<p>&#8220;Estamos apenas pedindo uma negocia\u00e7\u00e3o. Vamos lhe dar mais autonomia. Em troca, gostar\u00edamos de um pouco de responsabilidade.&#8221;<\/p>\n<p>O empurr\u00e3o de Carrico vem como <a href=\"https:\/\/www.jaxdailyrecord.com\/news\/2025\/mar\/04\/search-begins-for-downtown-investment-authority-ceo\/\" rel=\"nofollow noopener\" target=\"_blank\">A ag\u00eancia est\u00e1 pesquisando<\/a> Para seu pr\u00f3ximo CEO, substituir Lori Boyer, que est\u00e1 se aposentando quando seu contato expira em meados de junho depois de liderar o DIA desde 2019.<\/p>\n<p>O Conselho e a empresa de recrutamento executivos Jorgensen Pace, contratados pela DIA para ajudar a busca, n\u00e3o divulgaram uma lista de finalistas. Mas Carrico diz que se encontrar\u00e1 com todos os candidatos que devem ser entrevistados por um painel do DIA no in\u00edcio de junho. Se o projeto for aprovado, poder\u00e1 dar uma opini\u00e3o no Conselho no pr\u00f3ximo CEO. <\/p>\n<p>&#8220;Mas qual \u00e9 a vis\u00e3o? Alguma vis\u00e3o de ver qual \u00e9 o objetivo final? Como fazemos o backup disso? Como usamos nossa experi\u00eancia para chegar a esse objetivo?&#8221; Carrico perguntou. \u201cObviamente, (os candidatos ao CEO) precisam saber um pouco sobre o processo e ter essa experi\u00eancia, seja em outro mercado ou neste mercado, mas realmente uma pessoa vision\u00e1ria que pode viajar confortavelmente e encontrar grupos de investidores de todo o pa\u00eds que est\u00e3o dispostos a colocar recursos no centro de Jacksonville.<\/p>\n<p>&#8220;Ent\u00e3o, algu\u00e9m com esse tipo de rede de indiv\u00edduos que tem vis\u00e3o e tamb\u00e9m tem habilidade, ou pelo menos a intelig\u00eancia, de contratar as pessoas certas com a habilidade de tomar boas decis\u00f5es e fazer o desenvolvimento respons\u00e1vel acontecer.&#8221; <\/p>\n<h3 class=\"wp-block-heading\">Presidente e Vice-Presidente Designado <\/h3>\n<p>O projeto de lei de Carrico foi apresentado nos membros da mesma noite do conselho votou 17-1 para selecionar o republicano de 42 anos e segundo mandato como seu pr\u00f3ximo presidente, sem nenhum outro candidato desafiando o local.<\/p>\n<p>O membro do conselho, Matt Carlucci, foi o \u00fanico voto, e Michael Boylan estava ausente na reuni\u00e3o na ter\u00e7a -feira.<\/p>\n<p>Nick Howland, membro do Conselho Republicano em geral e CEO da organiza\u00e7\u00e3o sem fins lucrativos da Preven\u00e7\u00e3o de Suic\u00eddio dos Veteranos, ser\u00e1 vice-presidente no ano do conselho de 2025-26. Ele foi selecionado em uma vota\u00e7\u00e3o de 18-0.<\/p>\n<p>Carrico venceu uma elei\u00e7\u00e3o especial em 2020 para representar o Distrito 5 e foi eleito para um mandato completo em 2023. Atualmente, ele \u00e9 vice -presidente de iniciativas estrat\u00e9gicas para os clubes de meninos e meninas do nordeste da Fl\u00f3rida e anteriormente foi vice -presidente de opera\u00e7\u00f5es da Miss\u00e3o Clara White. <\/p>\n<p>Ele diz que a seguran\u00e7a p\u00fablica e o desenvolvimento da juventude s\u00e3o duas de suas outras prioridades importantes.<\/p>\n<p>&#8220;Temos que manter as pessoas seguras&#8221;, disse Carrico. \u201cTemos que fazer o que for necess\u00e1rio (o Departamento de Inc\u00eandio e Resgate de Jacksonville), com (o escrit\u00f3rio do xerife de Jacksonville) para garantir que possamos estar na vanguarda da tecnologia e acompanhar nosso crescimento na cidade. Ent\u00e3o, trabalharei com esses caras desde o primeiro dia perguntando a eles o que eles precisam e como podemos ajud\u00e1 -los a alcan\u00e7ar seus objetivos, que \u00e9 meu objetivo de manter a comunidade.<\/p>\n<p>Em mar\u00e7o, Carrico introduziu um <a href=\"https:\/\/jaxtoday.org\/2025\/03\/26\/council-approves-immigration-crackdown-8-million-purchase-option-for-uf-campus-site\/\">Legisla\u00e7\u00e3o controversa<\/a> Isso estabeleceu novas penalidades locais, incluindo pris\u00e3o, por imigrantes sem documentos encontrados em Jacksonville. Tamb\u00e9m financiou mais 25 scanners de impress\u00e3o digital m\u00f3veis para a pol\u00edcia. Passou pelo Conselho em uma vota\u00e7\u00e3o de 12 a 5.<\/p>\n<p>O presidente-designado contou <em>Jacksonville hoje <\/em>Ap\u00f3s a vota\u00e7\u00e3o, ele quer trabalhar com a Kids Hope Alliance, a administra\u00e7\u00e3o da prefeita Donna Deegan, o conselho escolar e outras ag\u00eancias da cidade para programas de desenvolvimento de jovens. <\/p>\n<\/div>\n<p><br \/>\n<br \/><a href=\"https:\/\/jaxtoday.org\/2025\/05\/29\/next-council-president-seeks-new-path-for-downtown-development\/\">Source link <\/a><\/p>","protected":false},"excerpt":{"rendered":"<p>O presidente do Conselho da Cidade, Kevin Carrico, diz que a revitaliza\u00e7\u00e3o do centro ser\u00e1 uma prioridade quando seu mandato de um ano come\u00e7ar em 1\u00ba de julho, e ele&hellip;<\/p>","protected":false},"author":1,"featured_media":119178,"comment_status":"closed","ping_status":"open","sticky":false,"template":"","format":"standard","meta":{"content-type":"","footnotes":""},"categories":[1],"tags":[],"class_list":["post-119177","post","type-post","status-publish","format-standard","has-post-thumbnail","hentry","category-uncategorized"],"_links":{"self":[{"href":"https:\/\/tvbrazilusa.com\/pt\/wp-json\/wp\/v2\/posts\/119177","targetHints":{"allow":["GET"]}}],"collection":[{"href":"https:\/\/tvbrazilusa.com\/pt\/wp-json\/wp\/v2\/posts"}],"about":[{"href":"https:\/\/tvbrazilusa.com\/pt\/wp-json\/wp\/v2\/types\/post"}],"author":[{"embeddable":true,"href":"https:\/\/tvbrazilusa.com\/pt\/wp-json\/wp\/v2\/users\/1"}],"replies":[{"embeddable":true,"href":"https:\/\/tvbrazilusa.com\/pt\/wp-json\/wp\/v2\/comments?post=119177"}],"version-history":[{"count":1,"href":"https:\/\/tvbrazilusa.com\/pt\/wp-json\/wp\/v2\/posts\/119177\/revisions"}],"predecessor-version":[{"id":119179,"href":"https:\/\/tvbrazilusa.com\/pt\/wp-json\/wp\/v2\/posts\/119177\/revisions\/119179"}],"wp:featuredmedia":[{"embeddable":true,"href":"https:\/\/tvbrazilusa.com\/pt\/wp-json\/wp\/v2\/media\/119178"}],"wp:attachment":[{"href":"https:\/\/tvbrazilusa.com\/pt\/wp-json\/wp\/v2\/media?parent=119177"}],"wp:term":[{"taxonomy":"category","embeddable":true,"href":"https:\/\/tvbrazilusa.com\/pt\/wp-json\/wp\/v2\/categories?post=119177"},{"taxonomy":"post_tag","embeddable":true,"href":"https:\/\/tvbrazilusa.com\/pt\/wp-json\/wp\/v2\/tags?post=119177"}],"curies":[{"name":"wp","href":"https:\/\/api.w.org\/{rel}","templated":true}]}}