{"id":119235,"date":"2025-05-30T16:57:06","date_gmt":"2025-05-30T16:57:06","guid":{"rendered":"https:\/\/tvbrazilusa.com\/2025\/05\/30\/designer-de-connecticut-por-tras-de-jaquetas-unicas-manchadas-em-atletas-de-alto-nivel\/"},"modified":"2025-05-30T17:03:52","modified_gmt":"2025-05-30T17:03:52","slug":"designer-de-connecticut-por-tras-de-jaquetas-unicas-manchadas-em-atletas-de-alto-nivel","status":"publish","type":"post","link":"https:\/\/tvbrazilusa.com\/pt\/2025\/05\/30\/designer-de-connecticut-por-tras-de-jaquetas-unicas-manchadas-em-atletas-de-alto-nivel\/","title":{"rendered":"Designer de Connecticut por tr\u00e1s de jaquetas \u00fanicas manchadas em atletas de alto n\u00edvel"},"content":{"rendered":"<p> <script async src=\"https:\/\/pagead2.googlesyndication.com\/pagead\/js\/adsbygoogle.js?client=ca-pub-8864793242727901\"\r\n     crossorigin=\"anonymous\"><\/script><br \/>\n<\/p>\n<p>NOVA YORK (WTNH)-Um designer de Connecticut est\u00e1 por tr\u00e1s de uma jaqueta \u00fanica recebendo muita aten\u00e7\u00e3o recentemente, depois que dois atletas de alto n\u00edvel exibiram seus designs. <\/p>\n<p>Alex Ruffin, 32 anos, est\u00e1 fazendo jaquetas e vendendo-as on-line, mas seus neg\u00f3cios receberam muito mais aten\u00e7\u00e3o quando o Jazz Chisholm Jr. usava uma jaqueta da s\u00e9rie &#8220;Hometown Hero&#8221;, com os Knicks em uma manga e os Rangers do outro. <\/p>\n<div class=\"nlp-ignore-block article-content rich-text\">\n<aside class=\"promo-link\">\n\t<a href=\"https:\/\/www.wtnh.com\/sports\/ap-new-york-mets-hire-lew-sherr-from-the-us-open-tennis-tournament-as-president-of-business-operations\/?ipid=promo-link-block1\" class=\"promo-link__link\" target=\"\"_blank\"\"><\/p>\n<p>\t\tNew York Mets contrate Lew Sherr, do Torneio de T\u00eanis do Aberto dos EUA, como Presidente de Opera\u00e7\u00f5es de Neg\u00f3cios\t<\/a><br \/>\n<\/aside>\n<\/div>\n<p>A jaqueta foi capturada no Jumbotron no Madison Square Garden. <\/p>\n<p>&#8220;Estou sentado aqui, e fico tipo, assistindo a hist\u00f3ria dele&#8221;, disse Ruffin <a href=\"https:\/\/abc7ny.com\/post\/knicks-star-jalen-brunson-wears-connecticut-designers-madison-square-guardian-jacket\/16591621\/\" target=\"_blank\" rel=\"noreferrer noopener\">Not\u00edcias da WABC-TV\/Eyewitness<\/a>. &#8220;Ent\u00e3o, eu o vejo a caminho do jogo e com a jaqueta, porque posso dizer pelo colarinho, e eu fico tipo, oh meu Deus, ele est\u00e1 com minha jaqueta.&#8221;<\/p>\n<p>Ruffin tamb\u00e9m presenteou um para o guarda estrela de Knicks, Jalen Brunson, que usava uma jaqueta &#8220;Madison Square Guardian&#8221; antes de um jogo.<\/p>\n<p>&#8220;Eu peguei as fotos de volta e fiquei tipo, uau, isso \u00e9 loucura&#8221;, disse Ruffin. <\/p>\n<div class=\"wp-block-jetpack-slideshow aligncenter\" data-effect=\"slide\">\n<div class=\"wp-block-jetpack-slideshow_container swiper-container\">\n<ul class=\"wp-block-jetpack-slideshow_swiper-wrapper swiper-wrapper\">\n<li class=\"wp-block-jetpack-slideshow_slide swiper-slide\">\n<figure><figcaption class=\"wp-block-jetpack-slideshow_caption gallery-caption\">Designer de Connecticut, por tr\u00e1s de jaquetas \u00fanicas, vistas em atletas de alto n\u00edvel.<\/figcaption><\/figure>\n<\/li>\n<li class=\"wp-block-jetpack-slideshow_slide swiper-slide\">\n<figure><img loading=\"lazy\" decoding=\"async\" width=\"1653\" height=\"924\" alt=\"\" class=\"wp-block-jetpack-slideshow_image wp-image-2237404\" data-id=\"2237404\" src=\"https:\/\/www.wtnh.com\/wp-content\/uploads\/sites\/100\/2025\/05\/Screenshot-2025-05-30-125310.png?w=900\" \/><figcaption class=\"wp-block-jetpack-slideshow_caption gallery-caption\">Designer de Connecticut, por tr\u00e1s de jaquetas \u00fanicas, vistas em atletas de alto n\u00edvel.<\/figcaption><\/figure>\n<\/li>\n<li class=\"wp-block-jetpack-slideshow_slide swiper-slide\">\n<figure><img loading=\"lazy\" decoding=\"async\" width=\"1645\" height=\"918\" alt=\"\" class=\"wp-block-jetpack-slideshow_image wp-image-2237403\" data-id=\"2237403\" src=\"https:\/\/www.wtnh.com\/wp-content\/uploads\/sites\/100\/2025\/05\/Screenshot-2025-05-30-125353.png?w=900\" \/><figcaption class=\"wp-block-jetpack-slideshow_caption gallery-caption\">O designer de Connecticut, Alex Ruffin, atr\u00e1s de jaquetas \u00fanicas, manchadas de atletas de alto n\u00edvel.<\/figcaption><\/figure>\n<\/li>\n<li class=\"wp-block-jetpack-slideshow_slide swiper-slide\">\n<figure><img loading=\"lazy\" decoding=\"async\" width=\"1632\" height=\"911\" alt=\"\" class=\"wp-block-jetpack-slideshow_image wp-image-2237402\" data-id=\"2237402\" src=\"https:\/\/www.wtnh.com\/wp-content\/uploads\/sites\/100\/2025\/05\/Screenshot-2025-05-30-125401.png?w=900\" \/><figcaption class=\"wp-block-jetpack-slideshow_caption gallery-caption\">Designer de Connecticut, por tr\u00e1s de jaquetas \u00fanicas, vistas em atletas de alto n\u00edvel.<\/figcaption><\/figure>\n<\/li>\n<li class=\"wp-block-jetpack-slideshow_slide swiper-slide\">\n<figure><img loading=\"lazy\" decoding=\"async\" width=\"1653\" height=\"920\" alt=\"\" class=\"wp-block-jetpack-slideshow_image wp-image-2237401\" data-id=\"2237401\" src=\"https:\/\/www.wtnh.com\/wp-content\/uploads\/sites\/100\/2025\/05\/Screenshot-2025-05-30-125414.png?w=900\" \/><figcaption class=\"wp-block-jetpack-slideshow_caption gallery-caption\">Designer de Connecticut, por tr\u00e1s de jaquetas \u00fanicas, vistas em atletas de alto n\u00edvel.<\/figcaption><\/figure>\n<\/li>\n<\/ul>\n<p><a class=\"wp-block-jetpack-slideshow_button-prev swiper-button-prev swiper-button-white\" role=\"button\"><\/a><a class=\"wp-block-jetpack-slideshow_button-next swiper-button-next swiper-button-white\" role=\"button\"><\/a><a aria-label=\"Pause Slideshow\" class=\"wp-block-jetpack-slideshow_button-pause\" role=\"button\"><\/a><\/p>\n<div class=\"wp-block-jetpack-slideshow_pagination swiper-pagination swiper-pagination-white\"><\/div>\n<\/div>\n<\/div>\n<p>&#8220;Tudo isso est\u00e1 acontecendo na mesma temporada, a prop\u00f3sito, ent\u00e3o pessoal, Chisholm sendo um grande componente dos Yankees agora, e Jalen Brunson obviamente \u00e9 o ponto de partida do Knicks. Como, isso \u00e9 algo aqui que tem sido, como, al\u00e9m de humilhante. \u00c9 um feito incr\u00edvel&#8221;, ele continuou. <\/p>\n<p>Ruffin disse \u00e0 Eyewitness News que a conquista \u00e9 uma de que seu pai, que faleceu, teria orgulho. <\/p>\n<p>&#8220;Meu pai era grande nas equipes de Nova York e outros enfeites&#8221;, disse Ruffin. &#8220;E isso meio que esfrega voc\u00ea, ent\u00e3o voc\u00ea cresce e voc\u00ea est\u00e1 tipo, eu estou vendo tudo isso aqui, e literalmente, \u00e9 algo que fica com voc\u00ea para sempre.&#8221;<\/p>\n<p><br \/>\n<br \/><a href=\"https:\/\/www.wtnh.com\/news\/connecticut\/connecticut-designer-behind-unique-jackets-spotted-on-high-profile-athletes-alex-ruffin-jazz-chrisholm-jr-jalen-brunson\/\">Source link <\/a><\/p>","protected":false},"excerpt":{"rendered":"<p>NOVA YORK (WTNH)-Um designer de Connecticut est\u00e1 por tr\u00e1s de uma jaqueta \u00fanica recebendo muita aten\u00e7\u00e3o recentemente, depois que dois atletas de alto n\u00edvel exibiram seus designs. Alex Ruffin, 32&hellip;<\/p>","protected":false},"author":1,"featured_media":119236,"comment_status":"closed","ping_status":"open","sticky":false,"template":"","format":"standard","meta":{"content-type":"","footnotes":""},"categories":[1],"tags":[],"class_list":["post-119235","post","type-post","status-publish","format-standard","has-post-thumbnail","hentry","category-uncategorized"],"_links":{"self":[{"href":"https:\/\/tvbrazilusa.com\/pt\/wp-json\/wp\/v2\/posts\/119235","targetHints":{"allow":["GET"]}}],"collection":[{"href":"https:\/\/tvbrazilusa.com\/pt\/wp-json\/wp\/v2\/posts"}],"about":[{"href":"https:\/\/tvbrazilusa.com\/pt\/wp-json\/wp\/v2\/types\/post"}],"author":[{"embeddable":true,"href":"https:\/\/tvbrazilusa.com\/pt\/wp-json\/wp\/v2\/users\/1"}],"replies":[{"embeddable":true,"href":"https:\/\/tvbrazilusa.com\/pt\/wp-json\/wp\/v2\/comments?post=119235"}],"version-history":[{"count":1,"href":"https:\/\/tvbrazilusa.com\/pt\/wp-json\/wp\/v2\/posts\/119235\/revisions"}],"predecessor-version":[{"id":119237,"href":"https:\/\/tvbrazilusa.com\/pt\/wp-json\/wp\/v2\/posts\/119235\/revisions\/119237"}],"wp:featuredmedia":[{"embeddable":true,"href":"https:\/\/tvbrazilusa.com\/pt\/wp-json\/wp\/v2\/media\/119236"}],"wp:attachment":[{"href":"https:\/\/tvbrazilusa.com\/pt\/wp-json\/wp\/v2\/media?parent=119235"}],"wp:term":[{"taxonomy":"category","embeddable":true,"href":"https:\/\/tvbrazilusa.com\/pt\/wp-json\/wp\/v2\/categories?post=119235"},{"taxonomy":"post_tag","embeddable":true,"href":"https:\/\/tvbrazilusa.com\/pt\/wp-json\/wp\/v2\/tags?post=119235"}],"curies":[{"name":"wp","href":"https:\/\/api.w.org\/{rel}","templated":true}]}}