{"id":119249,"date":"2025-05-30T20:10:59","date_gmt":"2025-05-30T20:10:59","guid":{"rendered":"https:\/\/tvbrazilusa.com\/2025\/05\/30\/os-legisladores-honram-os-trabalhadores-que-morreram-em-estradas-de-connecticut-no-ano-passado\/"},"modified":"2025-05-30T20:19:21","modified_gmt":"2025-05-30T20:19:21","slug":"os-legisladores-honram-os-trabalhadores-que-morreram-em-estradas-de-connecticut-no-ano-passado","status":"publish","type":"post","link":"https:\/\/tvbrazilusa.com\/pt\/2025\/05\/30\/os-legisladores-honram-os-trabalhadores-que-morreram-em-estradas-de-connecticut-no-ano-passado\/","title":{"rendered":"Os legisladores honram os trabalhadores que morreram em estradas de Connecticut no ano passado"},"content":{"rendered":"<script async src=\"https:\/\/pagead2.googlesyndication.com\/pagead\/js\/adsbygoogle.js?client=ca-pub-8864793242727901\"\r\n     crossorigin=\"anonymous\"><\/script>\n<p>HARTFORD, Connecticut (WTNH) &#8211; Os legisladores em Hartford homenagearam trabalhadores que perderam a vida nas estradas de Connecticut na sexta -feira no Capit\u00f3lio.<\/p>\n<div class=\"nlp-ignore-block article-content rich-text\">\n<aside class=\"promo-link\">\n\t<a href=\"https:\/\/www.wtnh.com\/news\/connecticut\/connecticut-lawmakers-close-to-a-deal-on-two-year-state-budget-speaker-matt-ritter-says\/?ipid=promo-link-block1\" class=\"promo-link__link\" target=\"\"_blank\"\"><\/p>\n<p>\t\tOs legisladores de Connecticut &#8216;pr\u00f3ximos a um acordo&#8217; com or\u00e7amento estadual de dois anos, diz Matt Ritter\t<\/a><br \/>\n<\/aside>\n<\/div>\n<p>Aaron Pelletier de primeira classe e o trabalhador do Departamento de Transportes de Connecticut (DOT), Andrew Didomenico, morreu no ver\u00e3o passado enquanto trabalhava nas rodovias de Connecticut.<\/p>\n<p>O deputado estadual Aimee Berger-Girvalo (D), presidente do Comit\u00ea de Transporte, disse que existem v\u00e1rios projetos de lei focados na zona de trabalho e na seguran\u00e7a de pedestres nesta temporada.<\/p>\n<p>&#8220;Al\u00e9m de aprovar alguma legisla\u00e7\u00e3o de seguran\u00e7a rodovi\u00e1ria, tamb\u00e9m estamos homenageando o soldado Pelletier, bem como Andrew Didomenico, o trabalhador de pontos que foi morto em nossas estradas em maio passado, acredito&#8221;, disse Berger-Girvalo.<\/p>\n<p>Ela continuou dizendo que as estradas em Connecticut tamb\u00e9m ser\u00e3o nomeadas em homenagem a Pelletier e Didomenico.<\/p>\n<p><br \/>\n<br \/><a href=\"https:\/\/www.wtnh.com\/news\/connecticut\/lawmakers-honor-workers-who-died-on-connecticut-roads-last-year\/\">Source link <\/a><\/p>","protected":false},"excerpt":{"rendered":"<p>HARTFORD, Connecticut (WTNH) &#8211; Os legisladores em Hartford homenagearam trabalhadores que perderam a vida nas estradas de Connecticut na sexta -feira no Capit\u00f3lio. Os legisladores de Connecticut &#8216;pr\u00f3ximos a um&hellip;<\/p>","protected":false},"author":1,"featured_media":119250,"comment_status":"closed","ping_status":"open","sticky":false,"template":"","format":"standard","meta":{"content-type":"","footnotes":""},"categories":[1],"tags":[],"class_list":["post-119249","post","type-post","status-publish","format-standard","has-post-thumbnail","hentry","category-uncategorized"],"_links":{"self":[{"href":"https:\/\/tvbrazilusa.com\/pt\/wp-json\/wp\/v2\/posts\/119249","targetHints":{"allow":["GET"]}}],"collection":[{"href":"https:\/\/tvbrazilusa.com\/pt\/wp-json\/wp\/v2\/posts"}],"about":[{"href":"https:\/\/tvbrazilusa.com\/pt\/wp-json\/wp\/v2\/types\/post"}],"author":[{"embeddable":true,"href":"https:\/\/tvbrazilusa.com\/pt\/wp-json\/wp\/v2\/users\/1"}],"replies":[{"embeddable":true,"href":"https:\/\/tvbrazilusa.com\/pt\/wp-json\/wp\/v2\/comments?post=119249"}],"version-history":[{"count":1,"href":"https:\/\/tvbrazilusa.com\/pt\/wp-json\/wp\/v2\/posts\/119249\/revisions"}],"predecessor-version":[{"id":119251,"href":"https:\/\/tvbrazilusa.com\/pt\/wp-json\/wp\/v2\/posts\/119249\/revisions\/119251"}],"wp:featuredmedia":[{"embeddable":true,"href":"https:\/\/tvbrazilusa.com\/pt\/wp-json\/wp\/v2\/media\/119250"}],"wp:attachment":[{"href":"https:\/\/tvbrazilusa.com\/pt\/wp-json\/wp\/v2\/media?parent=119249"}],"wp:term":[{"taxonomy":"category","embeddable":true,"href":"https:\/\/tvbrazilusa.com\/pt\/wp-json\/wp\/v2\/categories?post=119249"},{"taxonomy":"post_tag","embeddable":true,"href":"https:\/\/tvbrazilusa.com\/pt\/wp-json\/wp\/v2\/tags?post=119249"}],"curies":[{"name":"wp","href":"https:\/\/api.w.org\/{rel}","templated":true}]}}