{"id":119252,"date":"2025-05-30T20:46:06","date_gmt":"2025-05-30T20:46:06","guid":{"rendered":"https:\/\/tvbrazilusa.com\/2025\/05\/30\/60-veiculos-ainda-presos-na-garagem-do-aeroporto-queimado-jacksonville-hoje\/"},"modified":"2025-05-30T20:50:21","modified_gmt":"2025-05-30T20:50:21","slug":"60-veiculos-ainda-presos-na-garagem-do-aeroporto-queimado-jacksonville-hoje","status":"publish","type":"post","link":"https:\/\/tvbrazilusa.com\/pt\/2025\/05\/30\/60-veiculos-ainda-presos-na-garagem-do-aeroporto-queimado-jacksonville-hoje\/","title":{"rendered":"60 ve\u00edculos ainda presos na garagem do aeroporto queimado | Jacksonville hoje"},"content":{"rendered":"<p> <script async src=\"https:\/\/pagead2.googlesyndication.com\/pagead\/js\/adsbygoogle.js?client=ca-pub-8864793242727901\"\r\n     crossorigin=\"anonymous\"><\/script><br \/>\n<\/p>\n<div>\n<p>Duas semanas depois de um <a href=\"https:\/\/jaxtoday.org\/2025\/05\/16\/parking-garage-fire-shuts-down-jacksonvilles-airport\/\">inc\u00eandio maci\u00e7o<\/a> Atravesse uma garagem no Aeroporto Internacional de Jacksonville, cerca de 60 ve\u00edculos permanecem presos nos pisos mais seriamente danificados.<\/p>\n<p>Os ve\u00edculos ficam no terceiro e quarto andares da garagem, enquanto uma investiga\u00e7\u00e3o do inc\u00eandio continua. Os funcion\u00e1rios do aeroporto continuam a apoiar os decks mais baixos, preparando -se para remover os ve\u00edculos com seguran\u00e7a ainda em seus decks superiores.<\/p>\n<p>O porta -voz da Autoridade do Aeroporto, Michael Stewart, disse que o peso combinado de ve\u00edculos no \u00faltimo andar (o quarto) est\u00e1 aumentando a instabilidade da estrutura. Ningu\u00e9m pode chegar perto deles ou os 18 ainda inacess\u00edveis no terceiro andar, o que diminui parte da investiga\u00e7\u00e3o, disse ele.<\/p>\n<p>&#8220;A \u00faltima coisa que queremos fazer \u00e9 que algu\u00e9m entre l\u00e1, e um peda\u00e7o de concreto atinge algu\u00e9m, seja um dono de carro ou n\u00f3s&#8221;, disse Stewart. &#8220;Ent\u00e3o n\u00e3o, eu n\u00e3o poderia lhe dizer, nem uma estimativa sobre quando o escoramento do terceiro andar estar\u00e1 completo.&#8221;<\/p>\n<p>Enquanto isso, o advogado cujo escrit\u00f3rio de advocacia representa de 20 a 25 clientes afetados pelo inc\u00eandio disse que alertou alguns deles que seus ve\u00edculos poderiam ser uma causa perdida.<\/p>\n<p>&#8220;H\u00e1 uma boa probabilidade de que eles estejam mais pr\u00f3ximos do inc\u00eandio; portanto, as chances de o carro serem severamente danificadas ou totalizadas s\u00e3o muito boas, de que devem registrar uma reclama\u00e7\u00e3o com sua transportadora de seguros e informar as circunst\u00e2ncias&#8221;, disse o advogado de Morgan e Morgan, Ryan Will.<\/p>\n<p>Will disse que nenhum processo foi movido, pois sua equipe aguarda as conclus\u00f5es do marechal de bombeiros estaduais sobre a causa e a origem do inc\u00eandio.<\/p>\n<p>O inc\u00eandio foi relatado por volta do meio -dia 16 de maio na parte sul da garagem por hora ao lado dos lotes da superf\u00edcie. Logo se espalhou para cerca de 50 outros ve\u00edculos, danificando os estacionados no terceiro e quarto decks da garagem e causando um colapso parcial da estrutura de estacionamento.<\/p>\n<p>A causa permanece desconhecida, mas o relat\u00f3rio policial inicial indicou que o inc\u00eandio come\u00e7ou em um BMW estacionado no terceiro andar por volta das 8h<\/p>\n<p>Parte da investiga\u00e7\u00e3o envolver\u00e1 o carro que Stewart disse que os investigadores acreditam ser &#8220;o marco zero, que causou o inc\u00eandio inicial&#8221;. A proposta agora \u00e9 obter a BMW e os ve\u00edculos de ambos os lados para investiga\u00e7\u00e3o, o que pode acontecer em cerca de duas semanas, disse ele.<\/p>\n<p>Primeiro, as equipes est\u00e3o instalando aparelhos no primeiro e no segundo andar para refor\u00e7\u00e1 -lo, disse ele.<\/p>\n<figure class=\"wp-block-image size-large\"><figcaption class=\"wp-element-caption\">A rajamento foi adicionada ao primeiro andar da garagem por hora, duas semanas depois que um inc\u00eandio danificou seriamente o terceiro e o quarto decks. | Autoridade do aeroporto de Jacksonville<\/figcaption><\/figure>\n<p>&#8220;O escoramento come\u00e7ou no primeiro andar e \u00e9 conclu\u00eddo. Ele mudou para o segundo andar e eles est\u00e3o chegando perto de complet\u00e1 -lo no segundo andar&#8221;, disse Stewart. &#8220;Eles ter\u00e3o que fazer escoramento no terceiro andar. Ent\u00e3o, at\u00e9 que os engenheiros estruturais entrem l\u00e1 e determinem qu\u00e3o mais extensos danos ou instabilidade existe, esse escoramento do terceiro andar n\u00e3o ser\u00e1 t\u00e3o r\u00e1pido quanto um e dois&#8221;.<\/p>\n<p>Stewart disse que pode levar &#8220;v\u00e1rias semanas a v\u00e1rios meses&#8221; para concluir a investiga\u00e7\u00e3o. Tamb\u00e9m n\u00e3o h\u00e1 estimativa de quando os carros presos podem ser removidos ou quando seus propriet\u00e1rios podem chegar at\u00e9 eles.<\/p>\n<p>Will disse que os ve\u00edculos dos clientes de Morgan e Morgan foram basicamente &#8220;apreendidos&#8221; at\u00e9 que a investiga\u00e7\u00e3o seja feita.<\/p>\n<p>&#8220;\u00c9 dif\u00edcil reunir qualquer informa\u00e7\u00e3o sobre onde eles est\u00e3o localizados e quais danos foram sofridos&#8221;, disse ele. &#8220;Esperamos que as informa\u00e7\u00f5es sejam lan\u00e7adas nas pr\u00f3ximas duas semanas&#8221;.<\/p>\n<p>Para ajudar na estabiliza\u00e7\u00e3o da garagem, a Autoridade do Aeroporto remover\u00e1 pain\u00e9is solares que tocavam o n\u00edvel superior, disse Stewart.<\/p>\n<p>&#8220;Essa ser\u00e1 a pr\u00f3xima coisa que voc\u00ea ver\u00e1&#8221;, disse ele. \u201cHaver\u00e1 alguns problemas de seguran\u00e7a que faremos. Depois, traremos um guindaste, e eles ter\u00e3o que ser soltos e derrubados. Isso tamb\u00e9m ajuda na pr\u00f3pria estrutura porque est\u00e1 descarregando algum peso.\u201c<\/p>\n<p>O pr\u00f3ximo passo seria tirar os carros do conv\u00e9s superior.<\/p>\n<p>&#8220;Mas entenda, mesmo isso pode causar um pouco&#8221;, disse Stewart. &#8220;O que n\u00e3o queremos fazer \u00e9 colocar peso adicional l\u00e1 em cima para remover um pouco de peso at\u00e9 saber o qu\u00e3o ruim \u00e9 esse quarto andar&#8221;, disse ele.<\/p>\n<p>Qualquer pessoa que ainda possa ter um ve\u00edculo dentro da garagem pode verificar seu status ou entrar em contato com o aeroporto para obter assist\u00eancia indo para <a href=\"https:\/\/www.flyjax.com\/\" rel=\"nofollow noopener\" target=\"_blank\">flyjax.com<\/a>.<\/p>\n<\/div>\n<p><br \/>\n<br \/><a href=\"https:\/\/jaxtoday.org\/2025\/05\/30\/60-vehicles-still-trapped-in-burned-airport-parking-garage\/\">Source link <\/a><\/p>","protected":false},"excerpt":{"rendered":"<p>Duas semanas depois de um inc\u00eandio maci\u00e7o Atravesse uma garagem no Aeroporto Internacional de Jacksonville, cerca de 60 ve\u00edculos permanecem presos nos pisos mais seriamente danificados. Os ve\u00edculos ficam no&hellip;<\/p>","protected":false},"author":1,"featured_media":119253,"comment_status":"closed","ping_status":"open","sticky":false,"template":"","format":"standard","meta":{"content-type":"","footnotes":""},"categories":[1],"tags":[],"class_list":["post-119252","post","type-post","status-publish","format-standard","has-post-thumbnail","hentry","category-uncategorized"],"_links":{"self":[{"href":"https:\/\/tvbrazilusa.com\/pt\/wp-json\/wp\/v2\/posts\/119252","targetHints":{"allow":["GET"]}}],"collection":[{"href":"https:\/\/tvbrazilusa.com\/pt\/wp-json\/wp\/v2\/posts"}],"about":[{"href":"https:\/\/tvbrazilusa.com\/pt\/wp-json\/wp\/v2\/types\/post"}],"author":[{"embeddable":true,"href":"https:\/\/tvbrazilusa.com\/pt\/wp-json\/wp\/v2\/users\/1"}],"replies":[{"embeddable":true,"href":"https:\/\/tvbrazilusa.com\/pt\/wp-json\/wp\/v2\/comments?post=119252"}],"version-history":[{"count":1,"href":"https:\/\/tvbrazilusa.com\/pt\/wp-json\/wp\/v2\/posts\/119252\/revisions"}],"predecessor-version":[{"id":119254,"href":"https:\/\/tvbrazilusa.com\/pt\/wp-json\/wp\/v2\/posts\/119252\/revisions\/119254"}],"wp:featuredmedia":[{"embeddable":true,"href":"https:\/\/tvbrazilusa.com\/pt\/wp-json\/wp\/v2\/media\/119253"}],"wp:attachment":[{"href":"https:\/\/tvbrazilusa.com\/pt\/wp-json\/wp\/v2\/media?parent=119252"}],"wp:term":[{"taxonomy":"category","embeddable":true,"href":"https:\/\/tvbrazilusa.com\/pt\/wp-json\/wp\/v2\/categories?post=119252"},{"taxonomy":"post_tag","embeddable":true,"href":"https:\/\/tvbrazilusa.com\/pt\/wp-json\/wp\/v2\/tags?post=119252"}],"curies":[{"name":"wp","href":"https:\/\/api.w.org\/{rel}","templated":true}]}}