{"id":119276,"date":"2025-05-31T02:29:36","date_gmt":"2025-05-31T02:29:36","guid":{"rendered":"https:\/\/tvbrazilusa.com\/2025\/05\/31\/os-democratas-otimistas-no-orcamento-do-estado-enquanto-os-republicanos-se-concentram-no-pura\/"},"modified":"2025-05-31T02:35:38","modified_gmt":"2025-05-31T02:35:38","slug":"os-democratas-otimistas-no-orcamento-do-estado-enquanto-os-republicanos-se-concentram-no-pura","status":"publish","type":"post","link":"https:\/\/tvbrazilusa.com\/pt\/2025\/05\/31\/os-democratas-otimistas-no-orcamento-do-estado-enquanto-os-republicanos-se-concentram-no-pura\/","title":{"rendered":"Os democratas otimistas no or\u00e7amento do estado, enquanto os republicanos se concentram no Pura"},"content":{"rendered":"<script async src=\"https:\/\/pagead2.googlesyndication.com\/pagead\/js\/adsbygoogle.js?client=ca-pub-8864793242727901\"\r\n     crossorigin=\"anonymous\"><\/script>\n<p>HARTFORD, Connecticut (WTNH) &#8211; O rel\u00f3gio est\u00e1 correndo no final da sess\u00e3o legislativa do estado.<\/p>\n<p>Na sexta-feira, os legisladores fizeram uma atualiza\u00e7\u00e3o sobre o pr\u00f3ximo or\u00e7amento de dois anos do estado durante os briefings de not\u00edcias. O presidente democrata da C\u00e2mara, Matt Ritter, disse que o or\u00e7amento est\u00e1 sendo &#8220;redigido&#8221;.<\/p>\n<div class=\"nlp-ignore-block article-content rich-text\">\n<aside class=\"promo-link\">\n\t<a href=\"https:\/\/www.wtnh.com\/news\/connecticut\/gov-lamont-budget-on-the-1-yard-line\/?ipid=promo-link-block1\" class=\"promo-link__link\"><\/p>\n<p>\t\tGov. Lamont: Or\u00e7amento na &#8216;linha de 1 jardas&#8217;\t<\/a><br \/>\n<\/aside>\n<\/div>\n<p>Espera-se que seja votado no in\u00edcio da pr\u00f3xima semana, depois de muita coisa de volta.<\/p>\n<p>&#8220;N\u00e3o sei segunda -feira, talvez ter\u00e7a -feira&#8221;, disse Ritter. &#8220;No lado dos gastos, parece que reconciliamos todos os n\u00fameros de acordo com esses itens de 25 linhas e descobrimos isso.&#8221;<\/p>\n<p>Enquanto isso, os l\u00edderes republicanos da C\u00e2mara conversaram sobre sua &#8220;agenda ambiciosa&#8221; na sexta -feira, dizendo que n\u00e3o recuar\u00e3o no Lei 4 do Senado, focado nos custos da conta de energia e na composi\u00e7\u00e3o da Autoridade Reguladora de Servi\u00e7os P\u00fablicos (Pura).<\/p>\n<p>&#8220;Acho que se n\u00e3o abordar a estrutura da Pura&#8221;, disse o l\u00edder da minoria republicana, Vincent Candelora. &#8220;Para garantir que esteja operando de maneira transparente, com um corpo de cinco decis\u00f5es, sim, eu bloquearia essa conta&#8221;.<\/p>\n<p>Os legisladores se reunir\u00e3o neste fim de semana. A sess\u00e3o legislativa termina em 4 de junho.<\/p>\n<p><br \/>\n<br \/><a href=\"https:\/\/www.wtnh.com\/news\/connecticut\/democrats-optimistic-on-state-budget-as-republicans-focus-on-pura\/\">Source link <\/a><\/p>","protected":false},"excerpt":{"rendered":"<p>HARTFORD, Connecticut (WTNH) &#8211; O rel\u00f3gio est\u00e1 correndo no final da sess\u00e3o legislativa do estado. Na sexta-feira, os legisladores fizeram uma atualiza\u00e7\u00e3o sobre o pr\u00f3ximo or\u00e7amento de dois anos do&hellip;<\/p>","protected":false},"author":1,"featured_media":119277,"comment_status":"closed","ping_status":"open","sticky":false,"template":"","format":"standard","meta":{"content-type":"","footnotes":""},"categories":[1],"tags":[],"class_list":["post-119276","post","type-post","status-publish","format-standard","has-post-thumbnail","hentry","category-uncategorized"],"_links":{"self":[{"href":"https:\/\/tvbrazilusa.com\/pt\/wp-json\/wp\/v2\/posts\/119276","targetHints":{"allow":["GET"]}}],"collection":[{"href":"https:\/\/tvbrazilusa.com\/pt\/wp-json\/wp\/v2\/posts"}],"about":[{"href":"https:\/\/tvbrazilusa.com\/pt\/wp-json\/wp\/v2\/types\/post"}],"author":[{"embeddable":true,"href":"https:\/\/tvbrazilusa.com\/pt\/wp-json\/wp\/v2\/users\/1"}],"replies":[{"embeddable":true,"href":"https:\/\/tvbrazilusa.com\/pt\/wp-json\/wp\/v2\/comments?post=119276"}],"version-history":[{"count":1,"href":"https:\/\/tvbrazilusa.com\/pt\/wp-json\/wp\/v2\/posts\/119276\/revisions"}],"predecessor-version":[{"id":119278,"href":"https:\/\/tvbrazilusa.com\/pt\/wp-json\/wp\/v2\/posts\/119276\/revisions\/119278"}],"wp:featuredmedia":[{"embeddable":true,"href":"https:\/\/tvbrazilusa.com\/pt\/wp-json\/wp\/v2\/media\/119277"}],"wp:attachment":[{"href":"https:\/\/tvbrazilusa.com\/pt\/wp-json\/wp\/v2\/media?parent=119276"}],"wp:term":[{"taxonomy":"category","embeddable":true,"href":"https:\/\/tvbrazilusa.com\/pt\/wp-json\/wp\/v2\/categories?post=119276"},{"taxonomy":"post_tag","embeddable":true,"href":"https:\/\/tvbrazilusa.com\/pt\/wp-json\/wp\/v2\/tags?post=119276"}],"curies":[{"name":"wp","href":"https:\/\/api.w.org\/{rel}","templated":true}]}}