{"id":119282,"date":"2025-05-30T15:46:50","date_gmt":"2025-05-30T15:46:50","guid":{"rendered":"https:\/\/tvbrazilusa.com\/2025\/05\/30\/show-da-manha-dr-ives-gandra-martins-o-verdadeiro-supremo-30-05-2025-2\/"},"modified":"2025-05-31T15:15:50","modified_gmt":"2025-05-31T15:15:50","slug":"show-da-manha-dr-ives-gandra-martins-o-verdadeiro-supremo-30-05-2025-2","status":"publish","type":"post","link":"https:\/\/tvbrazilusa.com\/pt\/2025\/05\/30\/show-da-manha-dr-ives-gandra-martins-o-verdadeiro-supremo-30-05-2025-2\/","title":{"rendered":"SHOW DA MANH\u00c3 \u2013 DR. IVES GANDRA MARTINS: O VERDADEIRO SUPREMO \u2013 30\/05\/2025"},"content":{"rendered":"<p> <script async src=\"https:\/\/pagead2.googlesyndication.com\/pagead\/js\/adsbygoogle.js?client=ca-pub-8864793242727901\"\r\n     crossorigin=\"anonymous\"><\/script><br \/>\n<\/p>\n<p>Apresentado por Marco Ant\u00f4nio Costa.<br \/>\nConvidados: Ver. Adrilles Jorge e Paula Marisa.<br \/>\nParticipa\u00e7\u00e3o Especial: Dep. Fed. Adriana Ventura e Dr. Ives\u00a0Gandra\u00a0Martins.<\/p>\n<p>O Show da Manh\u00e3 vai ao ar de segunda a sexta, das 10h \u00e0s 12h.<\/p>\n<p>NOVIDADES NO FIO DIA\u0301RIO! ASSINE COM 33% OFF NO PLANO ANUAL OU 66% OFF NO DEZ A FIO! <img decoding=\"async\" src=\"https:\/\/s.w.org\/images\/core\/emoji\/15.1.0\/72x72\/1f449.png\" alt=\"\ud83d\udc49\" class=\"wp-smiley\" style=\"height: 1em;max-height: 1em\" \/> https:\/\/fiodiario.com<\/p>\n<p><img decoding=\"async\" src=\"https:\/\/s.w.org\/images\/core\/emoji\/15.1.0\/72x72\/1f525.png\" alt=\"\ud83d\udd25\" class=\"wp-smiley\" style=\"height: 1em;max-height: 1em\" \/>CAMISETAS FIO DIA\u0301RIO (CUPOM \u201cFIODIARIO10\u201d PARA 10% DE DESCONTO) <img decoding=\"async\" src=\"https:\/\/s.w.org\/images\/core\/emoji\/15.1.0\/72x72\/1f449.png\" alt=\"\ud83d\udc49\" class=\"wp-smiley\" style=\"height: 1em;max-height: 1em\" \/> https:\/\/loja.fiodiario.com<\/p>\n<p><img decoding=\"async\" src=\"https:\/\/s.w.org\/images\/core\/emoji\/15.1.0\/72x72\/1f525.png\" alt=\"\ud83d\udd25\" class=\"wp-smiley\" style=\"height: 1em;max-height: 1em\" \/>APROVEITE AS PROMO\u00c7\u00d5ES DA LIVRARIA FIO DI\u00c1RIO E N\u00c3O CAIA EM NARRATIVAS! <img decoding=\"async\" src=\"https:\/\/s.w.org\/images\/core\/emoji\/15.1.0\/72x72\/1f449.png\" alt=\"\ud83d\udc49\" class=\"wp-smiley\" style=\"height: 1em;max-height: 1em\" \/> https:\/\/livraria.fiodiario.com<\/p>\n<p>Inscreva-se no nosso Canal!<\/p>\n<p>Ou\u00e7a no Spotify: https:\/\/open.spotify.com\/show\/4apGkQd\u2026<\/p>\n<p>Siga no Instagram:<\/p>\n<p>Marco Ant\u00f4nio Costa:<br \/>\nhttps:\/\/www.instagram.com\/marco.antonio.costa\/<\/p>\n<p>Fio Di\u00e1rio:<br \/>\nhttps:\/\/www.instagram.com\/fio_diario\/<\/p>\n<p>Fabiano Silva (Charges):<br \/>\nInstagram:<br \/>\nhttps:\/\/www.instagram.com\/fabianosilvaart<br \/>\nhttps:\/\/www.instagram.com\/universo.hbquadrinhos<br \/>\nhttps:\/\/universohbquadrinhos.com.br\/<\/p>\n<p><a href=\"https:\/\/www.youtube.com\/watch?v=Pzihs523KSQ\">source<\/a><\/p>\n<p><script async src=\"\/\/www.instagram.com\/embed.js\"><\/script><br \/>\n<br \/><br \/>\n<br \/><a href=\"https:\/\/tvfloridausa.com\/2025\/05\/30\/show-da-manha-dr-ives-gandra-martins-o-verdadeiro-supremo-30-05-2025\/\">Source link <\/a><\/p>","protected":false},"excerpt":{"rendered":"<p>Apresentado por Marco Ant\u00f4nio Costa. Convidados: Ver. Adrilles Jorge e Paula Marisa. Participa\u00e7\u00e3o Especial: Dep. Fed. Adriana Ventura e Dr. Ives\u00a0Gandra\u00a0Martins. O Show da Manh\u00e3 vai ao ar de segunda&hellip;<\/p>","protected":false},"author":1,"featured_media":119118,"comment_status":"closed","ping_status":"open","sticky":false,"template":"","format":"standard","meta":{"content-type":"","footnotes":""},"categories":[22],"tags":[],"class_list":["post-119282","post","type-post","status-publish","format-standard","has-post-thumbnail","hentry","category-tv-florida-usa"],"_links":{"self":[{"href":"https:\/\/tvbrazilusa.com\/pt\/wp-json\/wp\/v2\/posts\/119282","targetHints":{"allow":["GET"]}}],"collection":[{"href":"https:\/\/tvbrazilusa.com\/pt\/wp-json\/wp\/v2\/posts"}],"about":[{"href":"https:\/\/tvbrazilusa.com\/pt\/wp-json\/wp\/v2\/types\/post"}],"author":[{"embeddable":true,"href":"https:\/\/tvbrazilusa.com\/pt\/wp-json\/wp\/v2\/users\/1"}],"replies":[{"embeddable":true,"href":"https:\/\/tvbrazilusa.com\/pt\/wp-json\/wp\/v2\/comments?post=119282"}],"version-history":[{"count":1,"href":"https:\/\/tvbrazilusa.com\/pt\/wp-json\/wp\/v2\/posts\/119282\/revisions"}],"predecessor-version":[{"id":119283,"href":"https:\/\/tvbrazilusa.com\/pt\/wp-json\/wp\/v2\/posts\/119282\/revisions\/119283"}],"wp:featuredmedia":[{"embeddable":true,"href":"https:\/\/tvbrazilusa.com\/pt\/wp-json\/wp\/v2\/media\/119118"}],"wp:attachment":[{"href":"https:\/\/tvbrazilusa.com\/pt\/wp-json\/wp\/v2\/media?parent=119282"}],"wp:term":[{"taxonomy":"category","embeddable":true,"href":"https:\/\/tvbrazilusa.com\/pt\/wp-json\/wp\/v2\/categories?post=119282"},{"taxonomy":"post_tag","embeddable":true,"href":"https:\/\/tvbrazilusa.com\/pt\/wp-json\/wp\/v2\/tags?post=119282"}],"curies":[{"name":"wp","href":"https:\/\/api.w.org\/{rel}","templated":true}]}}