{"id":119355,"date":"2025-06-02T15:57:19","date_gmt":"2025-06-02T15:57:19","guid":{"rendered":"https:\/\/tvbrazilusa.com\/2025\/06\/02\/ex-procurador-geral-carl-r-ajello-morre-aos-92\/"},"modified":"2025-06-02T16:12:08","modified_gmt":"2025-06-02T16:12:08","slug":"ex-procurador-geral-carl-r-ajello-morre-aos-92","status":"publish","type":"post","link":"https:\/\/tvbrazilusa.com\/pt\/2025\/06\/02\/ex-procurador-geral-carl-r-ajello-morre-aos-92\/","title":{"rendered":"Ex -procurador -geral Carl R. Ajello morre aos 92"},"content":{"rendered":"<script async src=\"https:\/\/pagead2.googlesyndication.com\/pagead\/js\/adsbygoogle.js?client=ca-pub-8864793242727901\"\r\n     crossorigin=\"anonymous\"><\/script>\n<p>HARTFORD, Connecticut (WTNH) &#8211; O ex -procurador -geral de Connecticut Carl R. Ajello (D) morreu, disse o escrit\u00f3rio do procurador -geral.<\/p>\n<p>Ajello atuou como procurador -geral de Connecticut de 1975 a 1983. <\/p>\n<p>Ele tamb\u00e9m atuou como presidente da Associa\u00e7\u00e3o Nacional de Procuradores-Gerais de 1979 a 1980.<\/p>\n<div class=\"nlp-ignore-block article-content rich-text\">\n<aside class=\"promo-link\">\n\t<a href=\"https:\/\/www.wtnh.com\/news\/connecticut\/hartford\/connecticut-lawmakers-reach-deal-on-two-year-budget-gov-ned-lamont-says\/?ipid=promo-link-block1\" class=\"promo-link__link\" target=\"\"_blank\"\"><\/p>\n<p>\t\tOs legisladores de Connecticut atingem o acordo com or\u00e7amento de dois anos, votos para a vota\u00e7\u00e3o dom\u00e9stica\t<\/a><br \/>\n<\/aside>\n<\/div>\n<p>Ajello nasceu em Ansonia em 1932 e serviu como Justi\u00e7a da Paz pela cidade de 1960-1962. Ele foi eleito para a Assembl\u00e9ia Geral de Connecticut em 1963 e atuou como l\u00edder assistente da maioria da casa na sess\u00e3o de 1967, l\u00edder da maioria da C\u00e2mara em 1969 e nas sess\u00f5es de 1969 e 1971-1972. Ele tamb\u00e9m atuou como l\u00edder da minoria da C\u00e2mara nas sess\u00f5es de 1973-1974. <\/p>\n<p>O procurador -geral William Tong divulgou a seguinte declara\u00e7\u00e3o:<\/p>\n<p><em>\u201cAttorney General Ajello was a giant in the Connecticut legal community, and a highly respected state legislator. He left a proud and lasting legacy on this office, the state, his hometown of Ansonia, and the community of attorneys general nationwide through his service as Connecticut&#8217;s first President of the National Association of Attorneys General. It is a great honor to pass his portrait every day as I enter my office, and to follow his example into the General Assembly, the Office of the O procurador -geral e a lideran\u00e7a em nossa Associa\u00e7\u00e3o Nacional.<\/em><\/p>\n<p>Ele tinha 92 anos. <\/p>\n<\/p>\n<p><br \/>\n<br \/><a href=\"https:\/\/www.wtnh.com\/news\/connecticut\/former-attorney-general-carl-j-ajello-dies\/\">Source link <\/a><\/p>","protected":false},"excerpt":{"rendered":"<p>HARTFORD, Connecticut (WTNH) &#8211; O ex -procurador -geral de Connecticut Carl R. Ajello (D) morreu, disse o escrit\u00f3rio do procurador -geral. Ajello atuou como procurador -geral de Connecticut de 1975&hellip;<\/p>","protected":false},"author":1,"featured_media":119356,"comment_status":"closed","ping_status":"open","sticky":false,"template":"","format":"standard","meta":{"content-type":"","footnotes":""},"categories":[1],"tags":[],"class_list":["post-119355","post","type-post","status-publish","format-standard","has-post-thumbnail","hentry","category-uncategorized"],"_links":{"self":[{"href":"https:\/\/tvbrazilusa.com\/pt\/wp-json\/wp\/v2\/posts\/119355","targetHints":{"allow":["GET"]}}],"collection":[{"href":"https:\/\/tvbrazilusa.com\/pt\/wp-json\/wp\/v2\/posts"}],"about":[{"href":"https:\/\/tvbrazilusa.com\/pt\/wp-json\/wp\/v2\/types\/post"}],"author":[{"embeddable":true,"href":"https:\/\/tvbrazilusa.com\/pt\/wp-json\/wp\/v2\/users\/1"}],"replies":[{"embeddable":true,"href":"https:\/\/tvbrazilusa.com\/pt\/wp-json\/wp\/v2\/comments?post=119355"}],"version-history":[{"count":1,"href":"https:\/\/tvbrazilusa.com\/pt\/wp-json\/wp\/v2\/posts\/119355\/revisions"}],"predecessor-version":[{"id":119357,"href":"https:\/\/tvbrazilusa.com\/pt\/wp-json\/wp\/v2\/posts\/119355\/revisions\/119357"}],"wp:featuredmedia":[{"embeddable":true,"href":"https:\/\/tvbrazilusa.com\/pt\/wp-json\/wp\/v2\/media\/119356"}],"wp:attachment":[{"href":"https:\/\/tvbrazilusa.com\/pt\/wp-json\/wp\/v2\/media?parent=119355"}],"wp:term":[{"taxonomy":"category","embeddable":true,"href":"https:\/\/tvbrazilusa.com\/pt\/wp-json\/wp\/v2\/categories?post=119355"},{"taxonomy":"post_tag","embeddable":true,"href":"https:\/\/tvbrazilusa.com\/pt\/wp-json\/wp\/v2\/tags?post=119355"}],"curies":[{"name":"wp","href":"https:\/\/api.w.org\/{rel}","templated":true}]}}