{"id":119381,"date":"2025-06-03T03:13:17","date_gmt":"2025-06-03T03:13:17","guid":{"rendered":"https:\/\/tvbrazilusa.com\/2025\/06\/03\/a-legislacao-do-senado-do-estado-de-connecticut-com-o-objetivo-de-diminuir-as-contas-de-eletricidade\/"},"modified":"2025-06-03T03:19:09","modified_gmt":"2025-06-03T03:19:09","slug":"a-legislacao-do-senado-do-estado-de-connecticut-com-o-objetivo-de-diminuir-as-contas-de-eletricidade","status":"publish","type":"post","link":"https:\/\/tvbrazilusa.com\/pt\/2025\/06\/03\/a-legislacao-do-senado-do-estado-de-connecticut-com-o-objetivo-de-diminuir-as-contas-de-eletricidade\/","title":{"rendered":"A legisla\u00e7\u00e3o do Senado do Estado de Connecticut, com o objetivo de diminuir as contas de eletricidade"},"content":{"rendered":"<script async src=\"https:\/\/pagead2.googlesyndication.com\/pagead\/js\/adsbygoogle.js?client=ca-pub-8864793242727901\"\r\n     crossorigin=\"anonymous\"><\/script>\n<p>Connecticut (WTNH) &#8211; Ap\u00f3s um breve debate e uma vota\u00e7\u00e3o quase un\u00e2nime, o Senado do Estado de Connecticut avan\u00e7ou uma grande legisla\u00e7\u00e3o energ\u00e9tica que, segundo os defensores, proporcionar\u00e1 uma redu\u00e7\u00e3o modesta das contas el\u00e9tricas para os contribuintes em todo o estado.<\/p>\n<p>A legisla\u00e7\u00e3o ocorreu ap\u00f3s meses de delicadas negocia\u00e7\u00f5es de portas fechadas entre legisladores e membros do governo Lamont que enfrentaram uma rede emaranhada de interesses concorrentes no ecossistema energ\u00e9tico de Connecticut.<\/p>\n<div class=\"nlp-ignore-block article-content rich-text\">\n<aside class=\"promo-link\">\n\t<a href=\"https:\/\/www.wtnh.com\/news\/connecticut\/gov-lamont-budget-on-the-1-yard-line\/?ipid=promo-link-block1\" class=\"promo-link__link\" target=\"\"_blank\"\"><\/p>\n<p>\t\tGov. Lamont: Or\u00e7amento na &#8216;linha de 1 jardas&#8217;\t<\/a><br \/>\n<\/aside>\n<\/div>\n<p>&#8220;Tentamos enfiar a agulha com muito cuidado&#8221;, disse o senador estadual Norm Needleman, co-presidente democrata do comit\u00ea de energia e tecnologia do Legislativo.<\/p>\n<p>Ao enfiar a agulha, os formuladores de pol\u00edticas disseram que optaram por mudan\u00e7as que poderiam oferecer at\u00e9 US $ 200 em redu\u00e7\u00f5es anuais aos contribuintes &#8211; dependendo do tamanho de sua conta e de outros fatores.<\/p>\n<p>Essa redu\u00e7\u00e3o ser\u00e1 entregue ao alterar certos custos da parte dos benef\u00edcios p\u00fablicos das contas de contribuintes. A receita da cobran\u00e7a de benef\u00edcios p\u00fablicos \u00e9 usada para financiar uma s\u00e9rie de programas de energia direcionados ao governo, incluindo a aquisi\u00e7\u00e3o de energia renov\u00e1vel. <\/p>\n<p>A acusa\u00e7\u00e3o estava no epicentro da indigna\u00e7\u00e3o do contribuinte no ver\u00e3o passado, quando uma conflu\u00eancia de fatores, incluindo o clima historicamente quente e os custos associados \u00e0 opera\u00e7\u00e3o da usina nuclear de Millstone, fez com que as projetos dejam spike. <\/p>\n<p>Os custos relacionados a Millstone foram o principal fator do aumento do Spike no ver\u00e3o passado na acusa\u00e7\u00e3o de benef\u00edcios p\u00fablicos e, desde ent\u00e3o, sa\u00edram das contas dos contribuintes conforme o planejado, mas a enxurrada de aten\u00e7\u00e3o dada \u00e0 parte dos benef\u00edcios p\u00fablicos do projeto estimulou os legisladores a examinar outros programas financiados pela acusa\u00e7\u00e3o.<\/p>\n<p>&#8220;Algumas das acusa\u00e7\u00f5es de benef\u00edcios p\u00fablicas j\u00e1 ca\u00edram da lei&#8221;, disse Needleman, referenciando os custos de pedra de moinho. &#8220;Eu argumentei h\u00e1 muito tempo que houve um pico \u00fanico que aconteceu rapidamente, mas est\u00e1 descendo a um ritmo mais lento. Ent\u00e3o, estamos apenas acrescentando a rapidez com que est\u00e1 descendo&#8221;.<\/p>\n<p>Em vez de colocar os custos de certos programas nas costas dos contribuintes, os legisladores utilizar\u00e3o a liga\u00e7\u00e3o &#8211; essencialmente deslizar\u00e3o o cart\u00e3o de cr\u00e9dito do estado &#8211; e corta em determinadas \u00e1reas.<\/p>\n<p>Para os republicanos, esses cortes s\u00e3o bem -vindos, mas n\u00e3o t\u00e3o expansivos quanto gostariam de ver. O senador estadual Ryan Fazio, o principal senador republicano do Comit\u00ea de Energia e Tecnologia, h\u00e1 muito tempo argumenta que toda a quantia dos programas financiados pelos benef\u00edcios p\u00fablicos acusados \u200b\u200bde contas de contribuintes. <\/p>\n<p>Sob essa proposta, os programas n\u00e3o seriam cobertos pelos contribuintes ou pelo cart\u00e3o de cr\u00e9dito do estado. Em vez disso, esses programas estariam sujeitos ao processo or\u00e7ament\u00e1rio bianual da legislatura &#8211; um processo que, com toda a probabilidade, significaria a elimina\u00e7\u00e3o total de alguns programas.<\/p>\n<p>&#8220;Os republicanos do Senado e eu discutimos h\u00e1 anos que devemos eliminar a acusa\u00e7\u00e3o de benef\u00edcios p\u00fablicos&#8221;, disse Fazio. &#8220;Mas estamos pelo menos felizes por encontrarmos um compromisso com nosso Partido Democrata e aprovar legisla\u00e7\u00e3o que entregue o primeiro corte de qualquer significado nos programas de benef\u00edcios p\u00fablicos&#8221;.<\/p>\n<p>O projeto agora vai para a C\u00e2mara dos Deputados do Estado para considera\u00e7\u00e3o.<\/p>\n<p><br \/>\n<br \/><a href=\"https:\/\/www.wtnh.com\/news\/politics\/connecticut-state-senate-advances-legislation-aimed-at-lowering-electricity-bills\/\">Source link <\/a><\/p>","protected":false},"excerpt":{"rendered":"<p>Connecticut (WTNH) &#8211; Ap\u00f3s um breve debate e uma vota\u00e7\u00e3o quase un\u00e2nime, o Senado do Estado de Connecticut avan\u00e7ou uma grande legisla\u00e7\u00e3o energ\u00e9tica que, segundo os defensores, proporcionar\u00e1 uma redu\u00e7\u00e3o&hellip;<\/p>","protected":false},"author":1,"featured_media":119382,"comment_status":"closed","ping_status":"open","sticky":false,"template":"","format":"standard","meta":{"content-type":"","footnotes":""},"categories":[1],"tags":[],"class_list":["post-119381","post","type-post","status-publish","format-standard","has-post-thumbnail","hentry","category-uncategorized"],"_links":{"self":[{"href":"https:\/\/tvbrazilusa.com\/pt\/wp-json\/wp\/v2\/posts\/119381","targetHints":{"allow":["GET"]}}],"collection":[{"href":"https:\/\/tvbrazilusa.com\/pt\/wp-json\/wp\/v2\/posts"}],"about":[{"href":"https:\/\/tvbrazilusa.com\/pt\/wp-json\/wp\/v2\/types\/post"}],"author":[{"embeddable":true,"href":"https:\/\/tvbrazilusa.com\/pt\/wp-json\/wp\/v2\/users\/1"}],"replies":[{"embeddable":true,"href":"https:\/\/tvbrazilusa.com\/pt\/wp-json\/wp\/v2\/comments?post=119381"}],"version-history":[{"count":1,"href":"https:\/\/tvbrazilusa.com\/pt\/wp-json\/wp\/v2\/posts\/119381\/revisions"}],"predecessor-version":[{"id":119383,"href":"https:\/\/tvbrazilusa.com\/pt\/wp-json\/wp\/v2\/posts\/119381\/revisions\/119383"}],"wp:featuredmedia":[{"embeddable":true,"href":"https:\/\/tvbrazilusa.com\/pt\/wp-json\/wp\/v2\/media\/119382"}],"wp:attachment":[{"href":"https:\/\/tvbrazilusa.com\/pt\/wp-json\/wp\/v2\/media?parent=119381"}],"wp:term":[{"taxonomy":"category","embeddable":true,"href":"https:\/\/tvbrazilusa.com\/pt\/wp-json\/wp\/v2\/categories?post=119381"},{"taxonomy":"post_tag","embeddable":true,"href":"https:\/\/tvbrazilusa.com\/pt\/wp-json\/wp\/v2\/tags?post=119381"}],"curies":[{"name":"wp","href":"https:\/\/api.w.org\/{rel}","templated":true}]}}