{"id":119396,"date":"2025-06-03T19:04:34","date_gmt":"2025-06-03T19:04:34","guid":{"rendered":"https:\/\/tvbrazilusa.com\/2025\/06\/03\/pa-o-novo-ceo-do-904ward-descreve-seus-planos-em-meio-a-mudanca-de-paisagem-dei-jacksonville-hoje\/"},"modified":"2025-06-03T19:05:16","modified_gmt":"2025-06-03T19:05:16","slug":"pa-o-novo-ceo-do-904ward-descreve-seus-planos-em-meio-a-mudanca-de-paisagem-dei-jacksonville-hoje","status":"publish","type":"post","link":"https:\/\/tvbrazilusa.com\/pt\/2025\/06\/03\/pa-o-novo-ceo-do-904ward-descreve-seus-planos-em-meio-a-mudanca-de-paisagem-dei-jacksonville-hoje\/","title":{"rendered":"P&#038;A | O novo CEO do 904ward descreve seus planos em meio \u00e0 mudan\u00e7a de paisagem dei | Jacksonville hoje"},"content":{"rendered":"<p> <script async src=\"https:\/\/pagead2.googlesyndication.com\/pagead\/js\/adsbygoogle.js?client=ca-pub-8864793242727901\"\r\n     crossorigin=\"anonymous\"><\/script><br \/>\n<\/p>\n<div>\n<p>Na ter\u00e7a <a href=\"https:\/\/jaxtoday.org\/?s=904Ward\">904ward<\/a>Audrieanna Burgin discutiu sua jornada, sua cidade natal e como ela imagina a organiza\u00e7\u00e3o avan\u00e7ando quando entra em sua segunda d\u00e9cada.<\/p>\n<p><strong>P: Como algu\u00e9m que \u00e9 uma pessoa de 904 anos &#8211; voc\u00ea \u00e9 um produto das escolas p\u00fablicas do condado de Duval, \u00e9 formado pela Universidade do Norte da Fl\u00f3rida &#8211; voc\u00ea \u00e9 um verdadeiro duval at\u00e9 que voc\u00ea morra. O que significa ter essas ra\u00edzes e ter essa posi\u00e7\u00e3o que voc\u00ea tem?<\/strong><\/p>\n<p><strong>UM:<\/strong> Significa o mundo para mim. \u00c9 um pouco surreal. Estou super empolgado com a comunidade me abra\u00e7ar assim, uma comunidade que me deu muito. Eu dei muito a esta comunidade. Eu amo Jacksonville. Meus pais migraram aqui. Eles passaram quase 40 anos aqui. \u00c9 um momento super especial. Este \u00e9 um momento crucial para 904ward e Jacksonville. Estou animado por estar no comando de ambos.<\/p>\n<p><strong>P: A equidade \u00e9 uma palavra que tem sido usada por muitas pessoas diferentes, em muitos lugares diferentes, de uma maneira que provavelmente n\u00e3o foi usada anteriormente. Para voc\u00ea, o que \u00e9 a equidade e como \u00e9 a parte 904ward dela?<\/strong><\/p>\n<p><strong>UM:<\/strong> A equidade \u00e9 a oportunidade para todos pertencer, para que todos tenham o mesmo acesso, a mesma oportunidade, os mesmos recursos e um verdadeiro assento \u00e0 mesa. Cabe a construirmos o legado das gera\u00e7\u00f5es que vieram antes de n\u00f3s e realmente prosperar em todas as \u00e1reas.<\/p>\n<p>No 904ward, nossa miss\u00e3o \u00e9 acabar com o racismo em Jacksonville e al\u00e9m. Para n\u00f3s, estamos garantindo que todos tenham voz e nossa comunidade seja ouvida. Fizemos parte de tanta cura racial.<\/p>\n<p>Muitas vezes, avan\u00e7amos sem reconciliar o passado. Muito do nosso trabalho tem reconciliado o passado com a verdadeira cura racial. Para mim, a equidade n\u00e3o \u00e9 apenas estar na sala, mas sentir que voc\u00ea pertence a uma sala.<\/p>\n<p><strong>P: Com a maneira como a equidade foi entregue &#8211; essa palavra, assim como a diversidade e a inclus\u00e3o, foram entregues por funcion\u00e1rios eleitos &#8211; isso torna seu trabalho mais desafiador?<\/strong><\/p>\n<p><strong>UM:<\/strong> Eu acho que isso torna o trabalho mais desafiador em algumas \u00e1reas. Acho que nunca recuamos de um desafio. Essa \u00e9 a raiz de 904ward. Tivemos as conversas quando a conversa \u00e9 desconfort\u00e1vel. Fizemos o trabalho quando foi dif\u00edcil. Estivemos na sala, \u00e0s vezes, quando as pessoas se levantam e sa\u00edram.<\/p>\n<p>O desafio tamb\u00e9m trouxe oportunidade para n\u00f3s. Alguns dos maiores projetos que fizemos surgiram diante das adversidades.<\/p>\n<p>Minha vida em Jacksonville, e meu trabalho em Jacksonville, tem sido muitas vezes diante das adversidades.<\/p>\n<p>Fizemos muito trabalho na Universidade do Norte da Fl\u00f3rida de Diversidade e Comunidade de Construir (assim como) comunidades de apoio a estudantes de cor, porque faltava isso. Sim, houve alguns desafios para 904ward, para todos. Mas, enfrentar esses desafios \u00e9 a nossa miss\u00e3o.<\/p>\n<p><strong>Q:<\/strong> <strong>Em seu mandato como cabe\u00e7a do <a href=\"https:\/\/jaxtoday.org\/2022\/09\/05\/unf-alum-leads-diversity-in-business-program-to-recruit-more-black-students\/\">Programa de diversidade em neg\u00f3cios na Universidade do Norte da Fl\u00f3rida<\/a>voc\u00ea teve a oportunidade de trabalhar e se envolver com alguns dos maiores l\u00edderes empresariais de Jacksonville nessa posi\u00e7\u00e3o. Como essa experi\u00eancia o ajudou? E como isso ajudar\u00e1 o 904ward \u00e0 medida que voc\u00ea faz a transi\u00e7\u00e3o para esse papel?<\/strong><\/p>\n<p><strong>UM:<\/strong> Eu sou um economista. Eu saio do Coggin College of Business da Universidade do Norte da Fl\u00f3rida, ent\u00e3o os neg\u00f3cios eram minha funda\u00e7\u00e3o. Como meus pais eram pastores, eu estava fazendo tanto trabalho comunit\u00e1rio que a comunidade era um t\u00f3pico ainda mais profundo para mim.<\/p>\n<p>Telavizar os juntos no programa Diversity in Business realmente me impulsionou para a frente neste momento agora. Mesmo com as mudan\u00e7as pelas quais passamos em diversidade, equidade e inclus\u00e3o l\u00e1, ela construiu meu m\u00fasculo para o que estamos prestes a fazer para a pr\u00f3xima fase.<\/p>\n<p>Vendo a comunidade empresarial avan\u00e7ar dessa maneira e apoiar diversos grupos de estudantes, deixe -me saber o que \u00e9 poss\u00edvel. Deixe -me saber o que podemos fazer. Trazer esse tipo de parceria e vis\u00f5es estrat\u00e9gicas para 904ward \u00e9 a pr\u00f3xima fase para n\u00f3s.<\/p>\n<p>Temos um legado incr\u00edvel para construir nos \u00faltimos 10 anos. <a href=\"https:\/\/www.youtube.com\/watch?v=qfvIUgSkIOI\" rel=\"nofollow noopener\" target=\"_blank\">Dr. Kimberley Allen<\/a> E muitos outros levaram essa organiza\u00e7\u00e3o adiante. Eu acho que todo l\u00edder traz uma nova era. Eu sou um economista. Voc\u00ea ver\u00e1 uma conex\u00e3o comercial mais profunda. Voc\u00ea vai ver um desenvolvimento econ\u00f4mico mais profundo. Voc\u00ea ver\u00e1 maior foco na mobilidade econ\u00f4mica.<\/p>\n<p>Q: <strong>Voc\u00ea mencionou que os economistas s\u00e3o capazes de entender o custo das coisas. Qual \u00e9 o custo de exclus\u00e3o?<\/strong><\/p>\n<p><strong>UM:<\/strong> Acho que, quando temos uma conversa sobre diversidade, equidade e inclus\u00e3o, esquecemos os incr\u00edveis transbordamentos de diversidade, equidade e inclus\u00e3o. Os repercuss\u00e3o do que acontece quando uma pessoa sente que pode trazer seu eu pleno para a mesa.<\/p>\n<p>Quando sinto que posso trazer meu eu pleno para a mesa, toda a minha inova\u00e7\u00e3o, toda a minha ingenuidade, todo o meu talento surge.<\/p>\n<p>Quando me sinto exclu\u00eddo, voc\u00ea est\u00e1 sentindo muita falta. Voc\u00ea est\u00e1 perdendo tanto de seu capital humano, seus conhecimentos, conhecimento, sua vis\u00e3o. Quando todos sentem que est\u00e3o sentados \u00e0 mesa, os repercuss\u00f5es que acontecem a partir disso, para o condado de Duval, para Jacksonville e al\u00e9m, s\u00e3o incomensur\u00e1veis.<\/p>\n<p>Q; <strong>Muitas vezes, quando rep\u00f3rteres e jornalistas conversam com o eleitorado &#8211; sejam eleitores locais ou pessoas interessadas em pol\u00edtica federal &#8211; continuo ouvindo (das pessoas entrevistadas) que as pessoas se sentem in\u00e9ditas por seus funcion\u00e1rios eleitos. Eu queria voltar a me sentir in\u00e9dito. O que a audi\u00e7\u00e3o faz para Jacksonville? Como as pessoas que est\u00e3o sendo ouvidas melhora esta cidade da sua perspectiva?<\/strong><\/p>\n<p><strong>UM:<\/strong> Quando as pessoas se sentem ouvidas, a primeira coisa que faz \u00e9 reduzir parte da frustra\u00e7\u00e3o e parte da tens\u00e3o. Quando as pessoas se sentem ouvidas, para elas, a pr\u00f3xima parte \u00e9 mudar. Porque se voc\u00ea me ouvir, ent\u00e3o voc\u00ea me considera. Eu acho que isso \u00e9 realmente importante para avan\u00e7ar Jacksonville.<\/p>\n<p>Q: <strong>Falamos sobre a equidade. Conversamos sobre ouvir pessoas. N\u00f3s conversamos sobre a linguagem.<\/strong><\/p>\n<p><strong>Penso em algo que Toni Morrison disse quando ganhou o Pr\u00eamio Nobel h\u00e1 algumas d\u00e9cadas: \u201cA saia sistem\u00e1tica da linguagem pode ser reconhecida pela tend\u00eancia de seus usu\u00e1rios renunciarem a sua linguagem indulgente e complexa e complexa, que \u00e9 a viol\u00eancia; \u00e9 mais do que o conhecimento da repress\u00e3o; a linguagem \u00e9 mais que a viol\u00eancia; a viol\u00eancia \u00e9 a viol\u00eancia; a viol\u00eancia; \u00e9 mais do que o conhecimento; da m\u00eddia irracional; seja a linguagem orgulhosa, mas calcificada, da Academia ou a L\u00edngua da Ci\u00eancia, seja a linguagem maligna da lei-\u00e9tica ou a linguagem projetada para o afastamento das minorias, escondendo sua pilhagem racista em sua bochecha liter\u00e1ria-deve ser rejeitada, altera\u00e7\u00f5es e expostas.<\/strong>\u201c\u201c<\/p>\n<p><strong>Para voc\u00ea, como algu\u00e9m que tem um doutorado, voc\u00ea \u00e9 pesquisador, sabe como encontrar informa\u00e7\u00f5es e compartilhar informa\u00e7\u00f5es. Em 2025, onde voc\u00ea acha que a linguagem est\u00e1 em nossa comunidade aqui em Jacksonville? E como isso faz a diferen\u00e7a no discurso que n\u00f3s, Jaxsons, estamos tendo entre n\u00f3s?<\/strong><\/p>\n<p><strong>UM:<\/strong> A diversidade na linguagem, na alfabetiza\u00e7\u00e3o, no conhecimento e na informa\u00e7\u00e3o que consumimos e temos acesso sempre foi um fio central de 904ward atrav\u00e9s do nosso trabalho com o <a href=\"https:\/\/jaxtoday.org\/2023\/02\/16\/little-free-diverse-library-finds-a-home-during-book-debate\/\">Little diversas bibliotecas.<\/a> Quando os livros come\u00e7aram a ser banidos nas escolas, dissemos: &#8216;Estamos voltando as costas e vamos colocar algumas bibliotecas pequenas, gratuitas e diversas em todo o estado&#8217;.<\/p>\n<p>Para n\u00f3s, o acesso a informa\u00e7\u00f5es e diversidade na alfabetiza\u00e7\u00e3o tem sido super importante.<\/p>\n<p>Eu tamb\u00e9m sinto que um fio de 904ward \u00e9 amor. 904ward faz tudo enraizado no amor, equidade e cura. Ent\u00e3o, certificando -se da maneira como conversamos um com o outro \u00e9 gentil, enraizado no amor e est\u00e1 enraizado em nos levar a um lugar de cura, acho que \u00e9 mais importante levar Jacksonville para a frente.<\/p>\n<p><strong>P: Por fim, onde voc\u00ea v\u00ea 904ward sob sua lideran\u00e7a?<\/strong><\/p>\n<p><strong>UM:<\/strong> Eu vejo 904ward fazendo parte do avan\u00e7o de Jacksonville. Todo o crescimento que est\u00e1 acontecendo na cidade, queremos fazer parte disso. Eu nos vejo expandindo nosso alcance. Nossa miss\u00e3o, estamos terminando o racismo em Jacksonville e al\u00e9m.<\/p>\n<p>Ent\u00e3o, vamos explorar isso al\u00e9m de um pouco e ver como \u00e9 isso. J\u00e1 temos v\u00e1rios projetos em andamento l\u00e1.<\/p>\n<p>Eu nos vejo ainda mais enraizados na comunidade, continuando nossa conversa e construindo o legado do Dr. Allen e os 10 anos incr\u00edveis que j\u00e1 tivemos. Sou economista, ent\u00e3o a economia est\u00e1 passando pela porta dos fundos e acho que \u00e9 definitivamente um lugar para isso aqui.<\/p>\n<p>Estou honrado em ser apoiado por uma equipe t\u00e3o incr\u00edvel que me abra\u00e7ou, me capacitou e me amou. A passagem da tocha do Dr. Allen, ela \u00e9 absolutamente incr\u00edvel e ser\u00e1 um bom passeio para o qual estou pronto.<\/p>\n<p><em>Esta sess\u00e3o de perguntas e respostas foi editada e condensada por clareza.<\/em><\/p>\n<\/div>\n<p><br \/>\n<br \/><a href=\"https:\/\/jaxtoday.org\/2025\/06\/03\/qa-new-904ward-ceo-outlines-her-plans-amid-shifting-dei-landscape\/\">Source link <\/a><\/p>","protected":false},"excerpt":{"rendered":"<p>Na ter\u00e7a 904wardAudrieanna Burgin discutiu sua jornada, sua cidade natal e como ela imagina a organiza\u00e7\u00e3o avan\u00e7ando quando entra em sua segunda d\u00e9cada. P: Como algu\u00e9m que \u00e9 uma pessoa&hellip;<\/p>","protected":false},"author":1,"featured_media":119397,"comment_status":"closed","ping_status":"open","sticky":false,"template":"","format":"standard","meta":{"content-type":"","footnotes":""},"categories":[1],"tags":[],"class_list":["post-119396","post","type-post","status-publish","format-standard","has-post-thumbnail","hentry","category-uncategorized"],"_links":{"self":[{"href":"https:\/\/tvbrazilusa.com\/pt\/wp-json\/wp\/v2\/posts\/119396","targetHints":{"allow":["GET"]}}],"collection":[{"href":"https:\/\/tvbrazilusa.com\/pt\/wp-json\/wp\/v2\/posts"}],"about":[{"href":"https:\/\/tvbrazilusa.com\/pt\/wp-json\/wp\/v2\/types\/post"}],"author":[{"embeddable":true,"href":"https:\/\/tvbrazilusa.com\/pt\/wp-json\/wp\/v2\/users\/1"}],"replies":[{"embeddable":true,"href":"https:\/\/tvbrazilusa.com\/pt\/wp-json\/wp\/v2\/comments?post=119396"}],"version-history":[{"count":1,"href":"https:\/\/tvbrazilusa.com\/pt\/wp-json\/wp\/v2\/posts\/119396\/revisions"}],"predecessor-version":[{"id":119398,"href":"https:\/\/tvbrazilusa.com\/pt\/wp-json\/wp\/v2\/posts\/119396\/revisions\/119398"}],"wp:featuredmedia":[{"embeddable":true,"href":"https:\/\/tvbrazilusa.com\/pt\/wp-json\/wp\/v2\/media\/119397"}],"wp:attachment":[{"href":"https:\/\/tvbrazilusa.com\/pt\/wp-json\/wp\/v2\/media?parent=119396"}],"wp:term":[{"taxonomy":"category","embeddable":true,"href":"https:\/\/tvbrazilusa.com\/pt\/wp-json\/wp\/v2\/categories?post=119396"},{"taxonomy":"post_tag","embeddable":true,"href":"https:\/\/tvbrazilusa.com\/pt\/wp-json\/wp\/v2\/tags?post=119396"}],"curies":[{"name":"wp","href":"https:\/\/api.w.org\/{rel}","templated":true}]}}