{"id":119466,"date":"2025-06-04T17:09:45","date_gmt":"2025-06-04T17:09:45","guid":{"rendered":"https:\/\/tvbrazilusa.com\/2025\/06\/04\/presidente-da-uf-pick-rejeitado-jacksonville-hoje\/"},"modified":"2025-06-04T17:14:18","modified_gmt":"2025-06-04T17:14:18","slug":"presidente-da-uf-pick-rejeitado-jacksonville-hoje","status":"publish","type":"post","link":"https:\/\/tvbrazilusa.com\/pt\/2025\/06\/04\/presidente-da-uf-pick-rejeitado-jacksonville-hoje\/","title":{"rendered":"Presidente da UF Pick rejeitado | Jacksonville hoje"},"content":{"rendered":"<p> <script async src=\"https:\/\/pagead2.googlesyndication.com\/pagead\/js\/adsbygoogle.js?client=ca-pub-8864793242727901\"\r\n     crossorigin=\"anonymous\"><\/script><br \/>\n<\/p>\n<div>\n<p>TALAHASSEE &#8211; Ap\u00f3s uma campanha coordenada de conservadores que atacam sua &#8220;evolu\u00e7\u00e3o&#8221; sobre os esfor\u00e7os de diversidade, equidade e inclus\u00e3o, um Conselho de Governadores de Sistema Universit\u00e1rio Estadual dividido na ter\u00e7a -feira bloqueou a Santa Ono de se tornar o pr\u00f3ximo presidente da Universidade da Fl\u00f3rida.<\/p>\n<p>A vota\u00e7\u00e3o de 10 a 6 de ter\u00e7a-feira foi uma grande repreens\u00e3o para o Conselho de Administra\u00e7\u00e3o da UF, que na semana passada selecionou por unanimidade ONO para o cargo, e o presidente dos curadores Mori Hosseini, um influente doador republicano com la\u00e7os de longa data com o sistema universit\u00e1rio estadual.<\/p>\n<p>Ono, um imunologista que recentemente deixou o cargo de presidente da Universidade de Michigan, atraiu cr\u00edticas ferozes de conservadores de alto n\u00edvel dentro e fora da Fl\u00f3rida para quest\u00f5es como seu passado de diversidade, equidade e inclus\u00e3o ou dei, programas, al\u00e9m de seu manuseio de protestos no campus ap\u00f3s os ataques de 2023 por Isra.<\/p>\n<p>Ecoando o que ele disse aos curadores da UF na semana passada, Ono enfatizou na ter\u00e7a-feira que sua posi\u00e7\u00e3o em Dei-que DeSantis e o Legislativo controlado pelos republicanos proibiram as escolas e universidades p\u00fablicas-evolu\u00edram, como em muitos outros l\u00edderes de educa\u00e7\u00e3o superior em todo o pa\u00eds.<\/p>\n<p>&#8220;Todos n\u00f3s nos \u00faltimos anos, houve uma mudan\u00e7a s\u00edsmica&#8221;, disse Ono. &#8220;Todos n\u00f3s tivemos que navegar por isso, e o que estou dizendo para voc\u00ea \u00e9 que acredito que a dire\u00e7\u00e3o da Fl\u00f3rida \u00e9 a certa.&#8221;<\/p>\n<p>Mas as garantias de Ono n\u00e3o convenceram alguns de seus cr\u00edticos mais severos do conselho, incluindo o ex-presidente da C\u00e2mara do Estado Paul Renner, que postou um documento de 22 p\u00e1ginas intitulado &#8220;O caso contra o Dr. Santa Ono&#8221; nas m\u00eddias sociais ap\u00f3s o in\u00edcio da reuni\u00e3o de ter\u00e7a-feira. O documento inclu\u00eda uma se\u00e7\u00e3o chamada &#8220;A linha do tempo na convers\u00e3o DEI&#8221; e outra chamada &#8220;falsifica\u00e7\u00f5es de Santa Ono para os curadores da UF&#8221;.<\/p>\n<p>\u201cNo centro das cr\u00edticas est\u00e1 a longa hist\u00f3ria de coment\u00e1rios p\u00fablicos de Santa Ono sobre o racismo sist\u00eamico na Am\u00e9rica como &#8216;um de seus maiores pecados&#8217;, a politiza\u00e7\u00e3o da crise clim\u00e1tica nas universidades que ele administrou, desinvestimento das doa\u00e7\u00f5es de sua universidade, desde as empresas de combust\u00edveis f\u00f3sseis para combater o aquecimento global e apoiar as prefer\u00eancias raciais nas admiss\u00f5es\u201d.<\/p>\n<p>Renner apimentou Ono com perguntas sobre suas declara\u00e7\u00f5es anteriores sobre os esfor\u00e7os da DEI na Universidade de Michigan e posi\u00e7\u00f5es que ele defendia do racismo sist\u00eamico de rejei\u00e7\u00e3o enquanto era presidente da Universidade da Col\u00fambia Brit\u00e2nica.<\/p>\n<p>&#8220;Voc\u00ea acredita que a sociedade americana hoje \u00e9 sistemicamente racista?&#8221; Renner perguntou.<\/p>\n<p>&#8220;Eu n\u00e3o. E acredito que esse tipo de ideologia \u00e9 divisivo, e \u00e9 por isso que a reforma que est\u00e1 acontecendo na Fl\u00f3rida \u00e9 atraente para mim&#8221;, disse Ono.<\/p>\n<p>Ono tamb\u00e9m enfrentou perguntas ferozes dos membros do conselho Alan Levine, Tim Cerio e do ex -presidente da C\u00e2mara, Jos\u00e9 Oliva.<\/p>\n<p>&#8220;Sua recente revers\u00e3o em uma arquitetura inteira de ideologia \u00e9 incr\u00edvel&#8221;, disse Oliva.<\/p>\n<p>Ono disse anteriormente que interrompeu os programas da DEI na Universidade de Michigan este ano e se baseou repetidamente em seu hist\u00f3rico como cientista ao se defender contra ataques.<\/p>\n<p>Oliva pediu a Ono para explicar a ci\u00eancia por tr\u00e1s dos programas e servi\u00e7os da DEI. Ono disse que sua &#8220;evolu\u00e7\u00e3o&#8221; foi baseada em suas experi\u00eancias pessoais.<\/p>\n<p>&#8220;Todo mundo est\u00e1 evoluindo, n\u00e3o apenas eu como cientista, mas o setor est\u00e1 evoluindo&#8221;, disse Ono, acrescentando que &#8220;a Fl\u00f3rida est\u00e1 apontada na dire\u00e7\u00e3o certa&#8221;.<\/p>\n<p>Charlie Lydecker, um membro do conselho que atuou no Comit\u00ea de Pesquisa Presidencial da UF, disse que Ono &#8220;\u00e9 o l\u00edder que acreditamos que poderia ajudar a Universidade da Fl\u00f3rida a se tornar a universidade p\u00fablica n\u00famero um da Am\u00e9rica&#8221;.<\/p>\n<p>Mas o membro Aubrey Edge n\u00e3o estava convencido. <\/p>\n<p>&#8220;Voc\u00ea teve muito, o que parece ser, princ\u00edpios de longa data e, ent\u00e3o, 18 meses atr\u00e1s, eles meio que mudaram&#8221;, disse Edge. &#8220;Para mim, o problema \u00e9 que isso n\u00e3o \u00e9 lideran\u00e7a. A verdadeira lideran\u00e7a est\u00e1 realmente defendendo os princ\u00edpios, n\u00e3o importa o que seja o ambiente.&#8221;<\/p>\n<p>A investiga\u00e7\u00e3o dos cr\u00edticos de Ono foi t\u00e3o intensa que provocou uma rea\u00e7\u00e3o aquecida de Lydecker, que disse que o Conselho de Governadores pretendia &#8220;ratificar, subir ou descer&#8221; uma sele\u00e7\u00e3o feita por unanimidade pelos curadores da UF.<\/p>\n<p>&#8220;Este n\u00e3o \u00e9 um tribunal. Estou no conselho h\u00e1 cinco, seis anos, e nunca usamos isso como um f\u00f3rum para interrogar e, neste caso, parece -me patentemente injusto&#8221;, disse Lydecker. &#8220;Soldidamente, esse processo n\u00e3o parece justo para mim.&#8221;<\/p>\n<p>O contrato presidencial de Ono teria vinculado seu desempenho no trabalho \u00e0 sua ades\u00e3o a cargos que fazem parte da revis\u00e3o de DeSantis do sistema de educa\u00e7\u00e3o superior do estado.<\/p>\n<p>Hosseini chamou o ceticismo em torno de Ono de &#8220;comovente&#8221; e apontou para a metamorfose do ex -presidente Ronald Reagan de um democrata que apoiou os sindicatos a um dos republicanos mais amados do pa\u00eds. Ele disse que o Conselho de Governadores precisava confiar nos curadores da UF, que interviram depois que foram levantadas perguntas sobre o curto mandato do ex -presidente da UF, Ben Sasse.<\/p>\n<p>&#8220;O Conselho de Curadores est\u00e1 l\u00e1 como um backstop. Portanto, se esse homem n\u00e3o faz o que ele diz que vai fazer, estamos l\u00e1. Somos suas botas no ch\u00e3o &#8230; essa \u00e9 a base deste conselho de governadores e, no entanto, todos voc\u00eas decidiram que hoje \u00e9 o dia em que vamos derrubar algu\u00e9m&#8221;, disse Hosseini.<\/p>\n<p>Hosseini tamb\u00e9m fez uma refer\u00eancia velada a Christopher Rufo, um proeminente conservador e membro do Conselho de Administra\u00e7\u00e3o do New College of Florida que ajudou a liderar a cruzada contra o ONO.<\/p>\n<p>&#8220;N\u00e3o devemos deixar para apenas um administrador de outra universidade, que entra nas m\u00eddias sociais e diz alguma coisa&#8221;, pediu Hosseini. \u201cD\u00ea a esse homem (Ono), como os americanos fizeram ao presidente Reagan.<\/p>\n<p>A animosidade entre a fac\u00e7\u00e3o pr\u00f3-Ono e seus cr\u00edticos tamb\u00e9m entrou em erup\u00e7\u00e3o quando o membro do conselho, Eric Silagy, perguntou a Hosseini sobre &#8220;v\u00e1rios detratores nesse processo&#8221; que podem ter manifestado interesse na presid\u00eancia da UF.<\/p>\n<p>&#8220;Quem no Conselho de Governadores queria ser presidente da Universidade da Fl\u00f3rida?&#8221; Silagy perguntou.<\/p>\n<p>&#8220;Paul Renner&#8221;, disse Hosseini, provocando uma resposta imediata do ex -presidente da C\u00e2mara.<\/p>\n<p>&#8220;Eu n\u00e3o iniciei isso&#8221;, disse Renner.<\/p>\n<p>Renner disse que um administrador da UF perguntou sobre o cargo presidencial.<\/p>\n<p>&#8220;Entrei em contato com o escrit\u00f3rio do governador. Disseram -me para conversar com Mori Hosseini, e ele disse que n\u00e3o estava interessado, e esse \u00e9 o fim&#8221;, disse Renner. A conversa ocorreu antes que DeSantis o nomeasse para o Conselho de Governadores em fevereiro.<\/p>\n<p>&#8220;Sob nenhuma circunst\u00e2ncia, eu serviria neste momento na Universidade da Fl\u00f3rida&#8221;, disse Renner.<\/p>\n<p>O voto contra o nome do presidente da ONO parecia pegar Brian Lamb, presidente do Conselho de Governadores, de surpresa.<\/p>\n<p>&#8220;Ok, o movimento falha. Primeira vez que isso realmente aconteceu, ent\u00e3o deixe -me reagir a isso&#8221;, disse ele.<\/p>\n<\/div>\n<p><br \/>\n<br \/><a href=\"https:\/\/jaxtoday.org\/2025\/06\/04\/uf-president-pick-rejected\/\">Source link <\/a><\/p>","protected":false},"excerpt":{"rendered":"<p>TALAHASSEE &#8211; Ap\u00f3s uma campanha coordenada de conservadores que atacam sua &#8220;evolu\u00e7\u00e3o&#8221; sobre os esfor\u00e7os de diversidade, equidade e inclus\u00e3o, um Conselho de Governadores de Sistema Universit\u00e1rio Estadual dividido na&hellip;<\/p>","protected":false},"author":1,"featured_media":117853,"comment_status":"closed","ping_status":"open","sticky":false,"template":"","format":"standard","meta":{"content-type":"","footnotes":""},"categories":[1],"tags":[],"class_list":["post-119466","post","type-post","status-publish","format-standard","has-post-thumbnail","hentry","category-uncategorized"],"_links":{"self":[{"href":"https:\/\/tvbrazilusa.com\/pt\/wp-json\/wp\/v2\/posts\/119466","targetHints":{"allow":["GET"]}}],"collection":[{"href":"https:\/\/tvbrazilusa.com\/pt\/wp-json\/wp\/v2\/posts"}],"about":[{"href":"https:\/\/tvbrazilusa.com\/pt\/wp-json\/wp\/v2\/types\/post"}],"author":[{"embeddable":true,"href":"https:\/\/tvbrazilusa.com\/pt\/wp-json\/wp\/v2\/users\/1"}],"replies":[{"embeddable":true,"href":"https:\/\/tvbrazilusa.com\/pt\/wp-json\/wp\/v2\/comments?post=119466"}],"version-history":[{"count":1,"href":"https:\/\/tvbrazilusa.com\/pt\/wp-json\/wp\/v2\/posts\/119466\/revisions"}],"predecessor-version":[{"id":119467,"href":"https:\/\/tvbrazilusa.com\/pt\/wp-json\/wp\/v2\/posts\/119466\/revisions\/119467"}],"wp:featuredmedia":[{"embeddable":true,"href":"https:\/\/tvbrazilusa.com\/pt\/wp-json\/wp\/v2\/media\/117853"}],"wp:attachment":[{"href":"https:\/\/tvbrazilusa.com\/pt\/wp-json\/wp\/v2\/media?parent=119466"}],"wp:term":[{"taxonomy":"category","embeddable":true,"href":"https:\/\/tvbrazilusa.com\/pt\/wp-json\/wp\/v2\/categories?post=119466"},{"taxonomy":"post_tag","embeddable":true,"href":"https:\/\/tvbrazilusa.com\/pt\/wp-json\/wp\/v2\/tags?post=119466"}],"curies":[{"name":"wp","href":"https:\/\/api.w.org\/{rel}","templated":true}]}}