{"id":119486,"date":"2025-06-04T22:16:16","date_gmt":"2025-06-04T22:16:16","guid":{"rendered":"https:\/\/tvbrazilusa.com\/2025\/06\/04\/os-advogados-lgbtq-falam-sobre-desafios-da-comunidade-no-ct-capitol\/"},"modified":"2025-06-04T22:25:06","modified_gmt":"2025-06-04T22:25:06","slug":"os-advogados-lgbtq-falam-sobre-desafios-da-comunidade-no-ct-capitol","status":"publish","type":"post","link":"https:\/\/tvbrazilusa.com\/pt\/2025\/06\/04\/os-advogados-lgbtq-falam-sobre-desafios-da-comunidade-no-ct-capitol\/","title":{"rendered":"Os advogados LGBTQ+ falam sobre desafios da comunidade no CT Capitol"},"content":{"rendered":"<script async src=\"https:\/\/pagead2.googlesyndication.com\/pagead\/js\/adsbygoogle.js?client=ca-pub-8864793242727901\"\r\n     crossorigin=\"anonymous\"><\/script>\n<p>HARTFORD, Connecticut (WTNH) &#8211; Os advogados LGBTQ+ foram ao Capit\u00f3lio na quarta -feira para falar sobre os desafios que a comunidade enfrenta. <\/p>\n<p>Os organizadores organizaram um painel de discuss\u00e3o que abordou t\u00f3picos como sa\u00fade mental, sistemas de apoio e sistemas de cura baseados na comunidade.<\/p>\n<div class=\"nlp-ignore-block article-content rich-text\">\n<aside class=\"promo-link\">\n\t<a href=\"https:\/\/www.wtnh.com\/news\/connecticut\/hartford\/connecticut-officials-underscore-challenges-for-lgbtq-community-during-pride-month\/?ipid=promo-link-block1\" class=\"promo-link__link\" target=\"\"_blank\"\"><\/p>\n<p>\t\tOs funcion\u00e1rios de Connecticut ressaltam desafios para a comunidade LGBTQ+ durante o m\u00eas do orgulho\t<\/a><br \/>\n<\/aside>\n<\/div>\n<p>&#8220;Falamos sobre comportamento, conversamos sobre o que est\u00e1 acontecendo com nossos jovens, h\u00e1 apoio suficiente para a sa\u00fade mental para eles na escola?&#8221; disse Melvette Hill, comiss\u00e3o de diretor executivo de mulheres, crian\u00e7as, idosos, patrim\u00f4nio e oportunidade. &#8220;Queremos coloc\u00e1 -los em uma faixa de sa\u00fade comportamental, queremos jog\u00e1 -los em um arm\u00e1rio literalmente, mas quando eles nos dizem quem s\u00e3o, o que querem, quando nos dizem o que precisam, qual \u00e9 a nossa resposta a eles?&#8221;<\/p>\n<p>O M\u00eas do Pride \u00e9 dado durante todo o m\u00eas de junho. <\/p>\n<p><br \/>\n<br \/><a href=\"https:\/\/www.wtnh.com\/news\/connecticut\/hartford\/lgbtq-advocates-speak-about-community-challenges-at-ct-capitol\/\">Source link <\/a><\/p>","protected":false},"excerpt":{"rendered":"<p>HARTFORD, Connecticut (WTNH) &#8211; Os advogados LGBTQ+ foram ao Capit\u00f3lio na quarta -feira para falar sobre os desafios que a comunidade enfrenta. Os organizadores organizaram um painel de discuss\u00e3o que&hellip;<\/p>","protected":false},"author":1,"featured_media":119487,"comment_status":"closed","ping_status":"open","sticky":false,"template":"","format":"standard","meta":{"content-type":"","footnotes":""},"categories":[1],"tags":[],"class_list":["post-119486","post","type-post","status-publish","format-standard","has-post-thumbnail","hentry","category-uncategorized"],"_links":{"self":[{"href":"https:\/\/tvbrazilusa.com\/pt\/wp-json\/wp\/v2\/posts\/119486","targetHints":{"allow":["GET"]}}],"collection":[{"href":"https:\/\/tvbrazilusa.com\/pt\/wp-json\/wp\/v2\/posts"}],"about":[{"href":"https:\/\/tvbrazilusa.com\/pt\/wp-json\/wp\/v2\/types\/post"}],"author":[{"embeddable":true,"href":"https:\/\/tvbrazilusa.com\/pt\/wp-json\/wp\/v2\/users\/1"}],"replies":[{"embeddable":true,"href":"https:\/\/tvbrazilusa.com\/pt\/wp-json\/wp\/v2\/comments?post=119486"}],"version-history":[{"count":1,"href":"https:\/\/tvbrazilusa.com\/pt\/wp-json\/wp\/v2\/posts\/119486\/revisions"}],"predecessor-version":[{"id":119488,"href":"https:\/\/tvbrazilusa.com\/pt\/wp-json\/wp\/v2\/posts\/119486\/revisions\/119488"}],"wp:featuredmedia":[{"embeddable":true,"href":"https:\/\/tvbrazilusa.com\/pt\/wp-json\/wp\/v2\/media\/119487"}],"wp:attachment":[{"href":"https:\/\/tvbrazilusa.com\/pt\/wp-json\/wp\/v2\/media?parent=119486"}],"wp:term":[{"taxonomy":"category","embeddable":true,"href":"https:\/\/tvbrazilusa.com\/pt\/wp-json\/wp\/v2\/categories?post=119486"},{"taxonomy":"post_tag","embeddable":true,"href":"https:\/\/tvbrazilusa.com\/pt\/wp-json\/wp\/v2\/tags?post=119486"}],"curies":[{"name":"wp","href":"https:\/\/api.w.org\/{rel}","templated":true}]}}