{"id":119506,"date":"2025-06-05T14:50:19","date_gmt":"2025-06-05T14:50:19","guid":{"rendered":"https:\/\/tvbrazilusa.com\/2025\/06\/05\/o-critico-de-trump-e-o-ex-congressista-do-partido-republicano-concorrerao-ao-governador-da-fl-como-democrata\/"},"modified":"2025-06-05T15:45:53","modified_gmt":"2025-06-05T15:45:53","slug":"o-critico-de-trump-e-o-ex-congressista-do-partido-republicano-concorrerao-ao-governador-da-fl-como-democrata","status":"publish","type":"post","link":"https:\/\/tvbrazilusa.com\/pt\/2025\/06\/05\/o-critico-de-trump-e-o-ex-congressista-do-partido-republicano-concorrerao-ao-governador-da-fl-como-democrata\/","title":{"rendered":"O cr\u00edtico de Trump e o ex -congressista do Partido Republicano concorrer\u00e3o ao governador da FL como democrata"},"content":{"rendered":"<p> <script async src=\"https:\/\/pagead2.googlesyndication.com\/pagead\/js\/adsbygoogle.js?client=ca-pub-8864793242727901\"\r\n     crossorigin=\"anonymous\"><\/script><br \/>\n<\/p>\n<div>\n<p>FLORIDA &#8211; O ex -deputado dos EUA David Jolly, que serviu no Congresso como republicano, anunciou sua candidatura ao governador da Fl\u00f3rida como democrata.<\/p>\n<\/div>\n<div>\n<p>O governador atual Ron DeSantis \u00e9 limitado e deixar\u00e1 o cargo ap\u00f3s as elei\u00e7\u00f5es de 2026.<br \/>Jolly, 52, <a href=\"https:\/\/docs.google.com\/document\/u\/0\/d\/1BngU3m575-kTByPys-zW0AOcXwZ39ASZ5LJ958mo38Q\/edit\" target=\"_blank\" rel=\"nofollow\">Disse o New York Times<\/a> que sua campanha se concentrar\u00e1 no alto custo de vida da Fl\u00f3rida e nas taxas de seguro de propriedades disparadas.<\/p>\n<p>&#8220;A edi\u00e7\u00e3o n\u00famero 1 na Fl\u00f3rida agora \u00e9 a crise de acessibilidade. Foi amplamente criada ou ignorada pelos republicanos em Tallahassee&#8221;, disse ele. <\/p>\n<\/div>\n<div>\n<p>Nenhum outro democrata entrou na corrida at\u00e9 agora. Prov\u00e1veis \u200b\u200bcandidatos republicanos incluem<\/p>\n<p>Presidente Donald Trump em mar\u00e7o endossou republicano <a href=\"https:\/\/www.politico.com\/news\/2025\/06\/05\/david-jolly-enters-race-florida-governor-00386873\" rel=\"nofollow\" target=\"_blank\">Rep. Byron Donalds<\/a> Para o governador, que \u00e9 o \u00fanico candidato importante a registrar, informou o Politico. A primeira -dama da Fl\u00f3rida, Casey DeSantis, tamb\u00e9m est\u00e1 considerando uma corrida para o emprego que o marido est\u00e1 desocupando.<\/p>\n<\/div>\n<div>\n<p>Senador estadual <a href=\"https:\/\/www.nytimes.com\/2025\/06\/05\/us\/former-gop-representative-enters-floridas-governor-race-as-a-democrat.html\" rel=\"nofollow\" target=\"_blank\">Jason WB Pizzo<\/a>Assim, <a class=\"css-yywogo\" href=\"https:\/\/www.nytimes.com\/2025\/04\/24\/us\/pizzo-florida-democratic-party.html\" title=\"\" rel=\"nofollow\" target=\"_blank\">um ex -democrata que deixou o partido<\/a> Em abril, disse que concorrer\u00e1 a governador como independente, disse o New York Times.<\/p>\n<p>Jolly foi eleito pela primeira vez para seu assento no Congresso da \u00e1rea de Tampa Bay durante uma elei\u00e7\u00e3o especial de 2014 e foi reeleito por um mandato. O advogado e ex -lobista passaram por uma evolu\u00e7\u00e3o pol\u00edtica que o estimulou a deixar o Partido Republicano em 2018 para se tornar um democrata independente e depois registrado. Ele construiu um perfil nacional como comentarista pol\u00edtico anti-Trump no MSNBC. <\/p>\n<\/div>\n<div>\n<p>Jolly disse que se considerou &#8220;parte da coaliz\u00e3o democr\u00e1tica&#8221; por cinco anos ou mais e acredita no que ele v\u00ea como os &#8220;valores fundamentais&#8221; do partido &#8211; que o governo pode ajudar as pessoas, que a economia deve ser &#8220;justa&#8221; para todos e que os imigrantes devem ser comemorados.<\/p>\n<p>&#8220;Eu lutei para exercer esses valores no Partido Republicano&#8221;, disse ele, continuando: &#8220;o registro real como democrata n\u00e3o era um piv\u00f4. Era uma esp\u00e9cie de formalidade&#8221;.<\/p>\n<\/div>\n<div>\n<p>Ele tamb\u00e9m reconheceu que tem um longo caminho pela frente, pois os republicanos superam em muito os democratas na Fl\u00f3rida. Ainda assim, ele espera alcan\u00e7ar eleitores apartid\u00e1rios e independentes, bem como republicanos que podem estar descontentes com seu pr\u00f3prio partido, <a href=\"https:\/\/www.fox13news.com\/news\/david-jolly-announces-campaign-florida-governor\" target=\"_blank\" rel=\"nofollow\">De acordo com a Fox 13<\/a>.<\/p>\n<p>&#8220;Em um super-estado republicano, onde os republicanos nos ir\u00e3o morrer e nos superar dois a um, a \u00fanica maneira de vencer uma elei\u00e7\u00e3o \u00e9 construir uma verdadeira coaliz\u00e3o de mudan\u00e7a&#8221;, disse Jolly. &#8220;Entre em comunidades onde n\u00e3o estamos h\u00e1 muito tempo e para mostrar que podemos construir confian\u00e7a e construir coaliz\u00f5es, ouvir um ao outro e realmente perceber que talvez dev\u00eassemos colocar mudan\u00e7as \u00e0 frente de nossa afilia\u00e7\u00e3o partid\u00e1ria&#8221;.<\/p>\n<p><em>Este artigo inclui relat\u00f3rios da Associated Press.<\/em><\/p>\n<\/p><\/div>\n<p><br \/>\n<br \/><a href=\"http:\/\/patch.com\/florida\/stpete\/former-fl-republican-run-governor-democrat?utm_source=article-mostrecent&#038;utm_medium=rss&#038;utm_term=politics%20%26%20government&#038;utm_campaign=recirc&#038;utm_content=aol\">Source link <\/a><\/p>","protected":false},"excerpt":{"rendered":"<p>FLORIDA &#8211; O ex -deputado dos EUA David Jolly, que serviu no Congresso como republicano, anunciou sua candidatura ao governador da Fl\u00f3rida como democrata. O governador atual Ron DeSantis \u00e9&hellip;<\/p>","protected":false},"author":1,"featured_media":119507,"comment_status":"closed","ping_status":"open","sticky":false,"template":"","format":"standard","meta":{"content-type":"","footnotes":""},"categories":[1],"tags":[],"class_list":["post-119506","post","type-post","status-publish","format-standard","has-post-thumbnail","hentry","category-uncategorized"],"_links":{"self":[{"href":"https:\/\/tvbrazilusa.com\/pt\/wp-json\/wp\/v2\/posts\/119506","targetHints":{"allow":["GET"]}}],"collection":[{"href":"https:\/\/tvbrazilusa.com\/pt\/wp-json\/wp\/v2\/posts"}],"about":[{"href":"https:\/\/tvbrazilusa.com\/pt\/wp-json\/wp\/v2\/types\/post"}],"author":[{"embeddable":true,"href":"https:\/\/tvbrazilusa.com\/pt\/wp-json\/wp\/v2\/users\/1"}],"replies":[{"embeddable":true,"href":"https:\/\/tvbrazilusa.com\/pt\/wp-json\/wp\/v2\/comments?post=119506"}],"version-history":[{"count":1,"href":"https:\/\/tvbrazilusa.com\/pt\/wp-json\/wp\/v2\/posts\/119506\/revisions"}],"predecessor-version":[{"id":119508,"href":"https:\/\/tvbrazilusa.com\/pt\/wp-json\/wp\/v2\/posts\/119506\/revisions\/119508"}],"wp:featuredmedia":[{"embeddable":true,"href":"https:\/\/tvbrazilusa.com\/pt\/wp-json\/wp\/v2\/media\/119507"}],"wp:attachment":[{"href":"https:\/\/tvbrazilusa.com\/pt\/wp-json\/wp\/v2\/media?parent=119506"}],"wp:term":[{"taxonomy":"category","embeddable":true,"href":"https:\/\/tvbrazilusa.com\/pt\/wp-json\/wp\/v2\/categories?post=119506"},{"taxonomy":"post_tag","embeddable":true,"href":"https:\/\/tvbrazilusa.com\/pt\/wp-json\/wp\/v2\/tags?post=119506"}],"curies":[{"name":"wp","href":"https:\/\/api.w.org\/{rel}","templated":true}]}}