{"id":119521,"date":"2025-06-05T19:31:17","date_gmt":"2025-06-05T19:31:17","guid":{"rendered":"https:\/\/tvbrazilusa.com\/2025\/06\/05\/deegan-nomeia-funcionario-da-cidade-de-27-anos-como-diretor-de-planejamento-jacksonville-hoje\/"},"modified":"2025-06-05T19:38:01","modified_gmt":"2025-06-05T19:38:01","slug":"deegan-nomeia-funcionario-da-cidade-de-27-anos-como-diretor-de-planejamento-jacksonville-hoje","status":"publish","type":"post","link":"https:\/\/tvbrazilusa.com\/pt\/2025\/06\/05\/deegan-nomeia-funcionario-da-cidade-de-27-anos-como-diretor-de-planejamento-jacksonville-hoje\/","title":{"rendered":"Deegan nomeia funcion\u00e1rio da cidade de 27 anos como diretor de planejamento | Jacksonville hoje"},"content":{"rendered":"<p> <script async src=\"https:\/\/pagead2.googlesyndication.com\/pagead\/js\/adsbygoogle.js?client=ca-pub-8864793242727901\"\r\n     crossorigin=\"anonymous\"><\/script><br \/>\n<\/p>\n<div>\n<p>A diretora interina de planejamento de Jacksonville, Helena Atalla Parola, foi nomeada como l\u00edder permanente do Departamento de Planejamento e Desenvolvimento. <\/p>\n<p>A administra\u00e7\u00e3o da prefeita Donna Deegan anunciou quinta-feira que est\u00e1 nomeando Parola-uma veterana de 27 anos do departamento-para preencher o papel que est\u00e1 vago desde abril, depois que o ex-diretor R. Brett James apresentou sua demiss\u00e3o. A nomea\u00e7\u00e3o est\u00e1 pendente de aprova\u00e7\u00e3o do Conselho da Cidade. <\/p>\n<p>Parola come\u00e7ou sua carreira na cidade em 1998 como supervisora \u200b\u200bdo planejador da cidade antes de passar o \u00faltimo ano como chefe interino da divis\u00e3o de planejamento da comunidade, de acordo com seu perfil do LinkedIn.<\/p>\n<p>Permitir c\u00f3digos e inspe\u00e7\u00f5es de uso, uso da terra, zoneamento e constru\u00e7\u00e3o, entre outros servi\u00e7os, todos se enquadram no <a href=\"https:\/\/www.jacksonville.gov\/departments\/planning-and-development\" rel=\"nofollow noopener\" target=\"_blank\">Guarda -chuva do departamento de planejamento e desenvolvimento<\/a>. O governo Deegan tem trabalhado para <a href=\"https:\/\/jaxtoday.org\/2024\/01\/10\/jacksonville-takes-steps-to-cut-permiting-delays\/\" data-type=\"link\" data-id=\"https:\/\/jaxtoday.org\/2024\/01\/10\/jacksonville-takes-steps-to-cut-permiting-delays\/\">simplificar o processo de permiss\u00e3o da cidade<\/a> por mais de um ano. <\/p>\n<p>&#8220;Como diretor, estou ansioso para trabalhar mais de perto com membros da comunidade, desenvolvedores e autoridades locais para criar um ambiente mais saud\u00e1vel por meio do processo de pol\u00edtica e planejamento&#8221;, disse Parola no comunicado de imprensa. \u201cEu realmente amo esta cidade e quero que todos que mora aqui se orgulhem de cham\u00e1 -lo de lar.<\/p>\n<p>O sal\u00e1rio de Parola como diretor de planejamento \u00e9 de US $ 190.550, o mesmo que o antecessor, o porta -voz do prefeito Phil Perry disse <em>Jacksonville hoje <\/em>em um email.<\/p>\n<p>Deegan nomeou o Diretor de Planejamento de James em fevereiro de 2024 e serviu por pouco mais de um ano. Ele tinha um <a href=\"https:\/\/www.jacksonville.gov\/welcome\/news\/r-brett-james,-lla,-aicp,-appointed-director-of-pl\" rel=\"nofollow noopener\" target=\"_blank\">Carreira naval dos EUA de 24 anos<\/a> Antes disso, era diretor de planejamento estrat\u00e9gico do Comando de Sistemas de Engenharia de Instala\u00e7\u00f5es Navais em San Diego, Calif\u00f3rnia. <\/p>\n<p>James enviou sua carta de demiss\u00e3o ao diretor administrativo da cidade, Karen Bowling, em abril, de acordo com um memorando de 11 de abril.<\/p>\n<p>&#8220;Ap\u00f3s a nossa discuss\u00e3o hoje cedo, estou renunciando \u00e0 cidade de Jacksonville a partir do final do per\u00edodo de pagamento em 25 de abril de 2025&#8221;, disse o memorando. &#8220;&#8230; estarei de acordo com a partida de amanh\u00e3 at\u00e9 essa data. Agrade\u00e7o a voc\u00ea e a muitos outros pela oportunidade de servir esta cidade maravilhosa.&#8221;<\/p>\n<p>De acordo com um comunicado de imprensa da cidade, Parola ser\u00e1 respons\u00e1vel pelo desenvolvimento e gerenciamento de todas as opera\u00e7\u00f5es do Departamento de Planejamento, que inclui a Divis\u00e3o de Planejamento da Comunidade, atual e transporte e o Escrit\u00f3rio de Resili\u00eancia. <\/p>\n<p>Antes de sua promo\u00e7\u00e3o, Parola tem atuado como liga\u00e7\u00e3o para departamentos e comiss\u00f5es da cidade, ag\u00eancias estaduais e regionais. O comunicado \u00e0 imprensa diz que Parola foi respons\u00e1vel mais recentemente pela interpreta\u00e7\u00e3o, gerenciamento e atualiza\u00e7\u00e3o do plano abrangente de 2045 da cidade, determinando a conformidade com os requisitos do estado, as altera\u00e7\u00f5es do uso da terra e as diretrizes hist\u00f3ricas de preserva\u00e7\u00e3o. <\/p>\n<p>Parola \u00e9 a esposa de Guy Parola, diretora de opera\u00e7\u00f5es da Autoridade de Investimentos da cidade.<\/p>\n<p>&#8220;Estou ansioso para Helena continuar seu servi\u00e7o de longa data como diretor de planejamento&#8221;, escreveu Deegan. &#8220;Ela traz uma nova perspectiva e uma riqueza de conhecimento para a posi\u00e7\u00e3o, os quais beneficiar\u00e3o seu departamento e, por sua vez, nossos cidad\u00e3os&#8221;.<\/p>\n<\/div>\n<p><br \/>\n<br \/><a href=\"https:\/\/jaxtoday.org\/2025\/06\/05\/deegan-appoints-27-year-city-employee-as-planning-director\/\">Source link <\/a><\/p>","protected":false},"excerpt":{"rendered":"<p>A diretora interina de planejamento de Jacksonville, Helena Atalla Parola, foi nomeada como l\u00edder permanente do Departamento de Planejamento e Desenvolvimento. A administra\u00e7\u00e3o da prefeita Donna Deegan anunciou quinta-feira que&hellip;<\/p>","protected":false},"author":1,"featured_media":119522,"comment_status":"closed","ping_status":"open","sticky":false,"template":"","format":"standard","meta":{"content-type":"","footnotes":""},"categories":[1],"tags":[],"class_list":["post-119521","post","type-post","status-publish","format-standard","has-post-thumbnail","hentry","category-uncategorized"],"_links":{"self":[{"href":"https:\/\/tvbrazilusa.com\/pt\/wp-json\/wp\/v2\/posts\/119521","targetHints":{"allow":["GET"]}}],"collection":[{"href":"https:\/\/tvbrazilusa.com\/pt\/wp-json\/wp\/v2\/posts"}],"about":[{"href":"https:\/\/tvbrazilusa.com\/pt\/wp-json\/wp\/v2\/types\/post"}],"author":[{"embeddable":true,"href":"https:\/\/tvbrazilusa.com\/pt\/wp-json\/wp\/v2\/users\/1"}],"replies":[{"embeddable":true,"href":"https:\/\/tvbrazilusa.com\/pt\/wp-json\/wp\/v2\/comments?post=119521"}],"version-history":[{"count":1,"href":"https:\/\/tvbrazilusa.com\/pt\/wp-json\/wp\/v2\/posts\/119521\/revisions"}],"predecessor-version":[{"id":119523,"href":"https:\/\/tvbrazilusa.com\/pt\/wp-json\/wp\/v2\/posts\/119521\/revisions\/119523"}],"wp:featuredmedia":[{"embeddable":true,"href":"https:\/\/tvbrazilusa.com\/pt\/wp-json\/wp\/v2\/media\/119522"}],"wp:attachment":[{"href":"https:\/\/tvbrazilusa.com\/pt\/wp-json\/wp\/v2\/media?parent=119521"}],"wp:term":[{"taxonomy":"category","embeddable":true,"href":"https:\/\/tvbrazilusa.com\/pt\/wp-json\/wp\/v2\/categories?post=119521"},{"taxonomy":"post_tag","embeddable":true,"href":"https:\/\/tvbrazilusa.com\/pt\/wp-json\/wp\/v2\/tags?post=119521"}],"curies":[{"name":"wp","href":"https:\/\/api.w.org\/{rel}","templated":true}]}}