{"id":119527,"date":"2025-06-05T20:23:12","date_gmt":"2025-06-05T20:23:12","guid":{"rendered":"https:\/\/tvbrazilusa.com\/2025\/06\/05\/tribunal-de-recursos-para-ouvir-a-oferta-de-reviver-jacksonville-confederate-monuments-process-jacksonville-hoje\/"},"modified":"2025-06-05T20:25:59","modified_gmt":"2025-06-05T20:25:59","slug":"tribunal-de-recursos-para-ouvir-a-oferta-de-reviver-jacksonville-confederate-monuments-process-jacksonville-hoje","status":"publish","type":"post","link":"https:\/\/tvbrazilusa.com\/pt\/2025\/06\/05\/tribunal-de-recursos-para-ouvir-a-oferta-de-reviver-jacksonville-confederate-monuments-process-jacksonville-hoje\/","title":{"rendered":"Tribunal de Recursos para ouvir a oferta de reviver Jacksonville Confederate Monuments Process | Jacksonville hoje"},"content":{"rendered":"<p> <script async src=\"https:\/\/pagead2.googlesyndication.com\/pagead\/js\/adsbygoogle.js?client=ca-pub-8864793242727901\"\r\n     crossorigin=\"anonymous\"><\/script><br \/>\n<\/p>\n<div>\n<p>Um advogado local de direitos civis enfrentar\u00e1 um tribunal federal de apela\u00e7\u00f5es de tr\u00eas ju\u00edzes na sexta-feira, lutando para obter seu processo de 2021, exceto a cidade e o estado de gastar fundos para preservar qualquer homenagem p\u00fablica aos confederados de volta aos trilhos depois de ser demitido.<\/p>\n<p>Earl Johnson Jr. argumenta que homenagens confederadas em terras p\u00fablicas, apoiadas por seus d\u00f3lares fiscais, violam a Constitui\u00e7\u00e3o dos EUA e a Lei dos Direitos Civis de 1964. E como descendente negro de pessoas escravizadas, ele diz que esses s\u00e3o &#8220;s\u00edmbolos da ideologia da supremacia branca que se rebaixam, menosprezam e o diminuem&#8221;. <\/p>\n<p>Os monumentos, argumenta Johnson, infringem seus direitos federais de estarem livres de discrimina\u00e7\u00e3o racial em locais p\u00fablicos.<\/p>\n<p>Seu processo de julho de 2021 foi demitido em junho de 2023 pela ju\u00edza do distrito dos EUA, Marcia Morales Howard, que disse que n\u00e3o tinha posi\u00e7\u00e3o. Mas a demiss\u00e3o n\u00e3o decidiu se seus argumentos tinham algum m\u00e9rito. A decis\u00e3o do juiz ocorreu depois que os advogados da cidade e do estado pediram aos tribunais federais que demitissem o caso de Johnson em uma audi\u00eancia de 2021.<\/p>\n<p>Mesmo depois <a href=\"https:\/\/jaxtoday.org\/2023\/12\/27\/confederate-monument-comes-down-at-springfield-park\/\">As est\u00e1tuas de \u201ctributo \u00e0s mulheres da confedera\u00e7\u00e3o do sul\u201d de 108 anos foram retiradas<\/a> Sua base no final de 2023, em Springfield Park, Johnson acredita que tem uma posi\u00e7\u00e3o legal para um apelo porque est\u00e1 sendo ferido por qualquer um desses monumentos &#8211; uma les\u00e3o estigm\u00e1tica &#8220;que \u00e9 real&#8221;, disse ele.<\/p>\n<p>&#8220;Um estigma \u00e9 um s\u00edmbolo de negatividade baseado na pessoa de algu\u00e9m e, portanto, o que a Constitui\u00e7\u00e3o faz nas emendas 13, 14 e 15, muitas vezes chamadas de emendas dos direitos civis, \u00e9 proteger contra esse estigma&#8221;, disse Johnson em <a href=\"https:\/\/news.wjct.org\/show\/first-coast-connect\/2025-06-04\/on-thursdays-show-npr-pbs-funding-confederate-monuments-lawsuit\" rel=\"nofollow noopener\" target=\"_blank\">First Coast Connect de quinta -feira no WJCT News 89.9<\/a>. <\/p>\n<p>&#8220;A 13\u00aa Emenda diz que a escravid\u00e3o \u00e9 abolida; mas tamb\u00e9m diz que os distintivos da escravid\u00e3o s\u00e3o abolidos, o estigma da escravid\u00e3o \u00e9 abolido&#8221;, disse ele.<\/p>\n<p>Jon Phillips, ex -consultor geral assistente s\u00eanior que defendeu o processo em nome da cidade, ainda acredita que a reivindica\u00e7\u00e3o n\u00e3o tem m\u00e9rito.<\/p>\n<p>&#8220;H\u00e1 certas coisas que simplesmente n\u00e3o s\u00e3o legalmente apropriadas para lit\u00edgios&#8221;, disse Phillips. &#8220;\u00c9 claro que as pessoas podem discordar disso, e eu sei que o Sr. Johnson discorda, mas sentimos que era bem claro que ele n\u00e3o tinha posi\u00e7\u00e3o.&#8221; <\/p>\n<p>Johnson organizou a organiza\u00e7\u00e3o sem fins lucrativos que o retire a Inc. para fazer lobby pela remo\u00e7\u00e3o de qualquer monumentos confederados em terras p\u00fablicas. Seu falecido pai era o advogado dos direitos civis do Hall of Fame, Earl M. Johnson, que representou Martin Luther King Jr., e ajudou a Desgregar as escolas da Fl\u00f3rida e os locais p\u00fablicos na d\u00e9cada de 1960.<\/p>\n<p>Juntamente com a alega\u00e7\u00e3o de que os monumentos confederados em propriedade p\u00fablica violam a Lei de Constitui\u00e7\u00e3o e Direitos Civis, o processo original de Johnson argumenta que gastar dinheiro com contribuintes em homenagem \u00e0 Confedera\u00e7\u00e3o viola a Constitui\u00e7\u00e3o dos EUA <a href=\"https:\/\/12ft.io\/proxy?q=https%3A%2F%2Fshec.ashp.cuny.edu%2Fitems%2Fshow%2F1524\" data-type=\"link\" data-id=\"https:\/\/12ft.io\/proxy?q=https%3A%2F%2Fshec.ashp.cuny.edu%2Fitems%2Fshow%2F1524\" rel=\"nofollow noopener\" target=\"_blank\">13\u00aa e 14\u00aa Emenda<\/a>. Johnson disse que deveria ter o direito de estar livre de qualquer vest\u00edgio da escravid\u00e3o.<\/p>\n<p>Os advogados do governo argumentaram no tribunal federal em novembro de 2021 que Johnson n\u00e3o demonstrou uma amea\u00e7a real a si mesmo que precisava ser resolvida pelos tribunais e pediu que seu processo original fosse demitido. E em junho de 2023, Howard descartou o processo de Johnson.<\/p>\n<p>Quando seu traje foi arquivado, o Springfield Park ainda era o lar de uma est\u00e1tua em homenagem \u00e0 feminilidade confederada, enquanto havia um pedestal vazio no James Weldon Johnson Park, nos arredores da prefeitura, que uma vez abrigava uma est\u00e1tua do veterano da Guerra Civil Charles Hemming.<\/p>\n<p>Mas isso <a href=\"https:\/\/news.wjct.org\/first-coast\/2020-06-15\/confederate-park-has-one-of-jacksonvilles-most-prominent-civil-war-monuments\" rel=\"nofollow noopener\" target=\"_blank\">Monumento Confederado<\/a> Em Springfield Park foi removido no final de 2023, a prefeita Donna Deegan dizendo que o trabalho foi realizado com financiamento do Jessie Ball Dupont Fund e doadores an\u00f4nimos para a 904ward, uma organiza\u00e7\u00e3o sem fins lucrativos que promove a equidade racial em Jacksonville. Ex -prefeita Lenny Curry <a href=\"https:\/\/news.wjct.org\/first-coast\/2020-06-09\/curry-marches-with-jags-players-says-all-confederate-monuments-in-jax-coming-down\" rel=\"nofollow noopener\" target=\"_blank\">pediu a remo\u00e7\u00e3o da noite<\/a> da est\u00e1tua confederada no que \u00e9 hoje James Weldon Johnson Park. O pedestal foi posteriormente removido pelo governo Deegan.<\/p>\n<p>Durante o primeiro programa de quinta -feira Coast Connect, Phillips concordou que os monumentos confederados s\u00e3o &#8220;ofensivos para algumas pessoas&#8221;, mas provavelmente nem todos.<\/p>\n<p>&#8220;Pessoalmente, n\u00e3o sou a favor de tributos confederados&#8221;, disse Phillips. \u201cA quest\u00e3o nesse processo foi para n\u00f3s na cidade, era se Johnson estava em p\u00e9 e se essa \u00e9 uma maneira apropriada de lidar com isso, em oposi\u00e7\u00e3o ao processo pol\u00edtico. Observaria que uma das est\u00e1tuas de James Weldon Johnson Park foi retirada antes do processo, e o processo foi movido. <\/p>\n<p>Mas Johnson disse que ainda acredita que seu processo original corresponde \u00e0 Lei dos Direitos Civis de 1964, que disse que &#8220;as pessoas devem estar livres de racial, religioso, esses tipos de discrimina\u00e7\u00f5es em locais p\u00fablicos&#8221;.<\/p>\n<p>&#8220;As acomoda\u00e7\u00f5es p\u00fablicas s\u00e3o obviamente lugares como escolas, parques, e tamb\u00e9m inclui ruas, estradas, nomes dos condados, por exemplo&#8221;, disse Johnson. \u201cE o processo &#8230; afirma que existem mais de 40 tributos confederados no Distrito M\u00e9dio da Fl\u00f3rida, que vai de Jacksonville Southwest; inclui Orlando e Tampa, at\u00e9 Fort Myers. Nessa faixa da Fl\u00f3rida, estou afirmando que os monumentos confederados s\u00e3o s\u00edmbolos da supremacia branca\u201d, \u201d<\/p>\n<p>Wells Todd, fundador da Take &#8216;Em Down Jax, e Kelly Frazier, presidente da Coaliz\u00e3o Northside de Jacksonville, se juntar\u00e3o a Johnson na audi\u00eancia do Tribunal de Apela\u00e7\u00f5es de sexta -feira. Todd e Frazier, filha do tardio ativista dos direitos civis Ben Frazier, h\u00e1 muito tempo defendem a remo\u00e7\u00e3o de tributos confederados de terras p\u00fablicas. <\/p>\n<\/div>\n<p><br \/>\n<br \/><a href=\"https:\/\/jaxtoday.org\/2025\/06\/05\/appeals-court-to-hear-bid-to-revive-jacksonville-confederate-monuments-lawsuit\/\">Source link <\/a><\/p>","protected":false},"excerpt":{"rendered":"<p>Um advogado local de direitos civis enfrentar\u00e1 um tribunal federal de apela\u00e7\u00f5es de tr\u00eas ju\u00edzes na sexta-feira, lutando para obter seu processo de 2021, exceto a cidade e o estado&hellip;<\/p>","protected":false},"author":1,"featured_media":119528,"comment_status":"closed","ping_status":"open","sticky":false,"template":"","format":"standard","meta":{"content-type":"","footnotes":""},"categories":[1],"tags":[],"class_list":["post-119527","post","type-post","status-publish","format-standard","has-post-thumbnail","hentry","category-uncategorized"],"_links":{"self":[{"href":"https:\/\/tvbrazilusa.com\/pt\/wp-json\/wp\/v2\/posts\/119527","targetHints":{"allow":["GET"]}}],"collection":[{"href":"https:\/\/tvbrazilusa.com\/pt\/wp-json\/wp\/v2\/posts"}],"about":[{"href":"https:\/\/tvbrazilusa.com\/pt\/wp-json\/wp\/v2\/types\/post"}],"author":[{"embeddable":true,"href":"https:\/\/tvbrazilusa.com\/pt\/wp-json\/wp\/v2\/users\/1"}],"replies":[{"embeddable":true,"href":"https:\/\/tvbrazilusa.com\/pt\/wp-json\/wp\/v2\/comments?post=119527"}],"version-history":[{"count":1,"href":"https:\/\/tvbrazilusa.com\/pt\/wp-json\/wp\/v2\/posts\/119527\/revisions"}],"predecessor-version":[{"id":119529,"href":"https:\/\/tvbrazilusa.com\/pt\/wp-json\/wp\/v2\/posts\/119527\/revisions\/119529"}],"wp:featuredmedia":[{"embeddable":true,"href":"https:\/\/tvbrazilusa.com\/pt\/wp-json\/wp\/v2\/media\/119528"}],"wp:attachment":[{"href":"https:\/\/tvbrazilusa.com\/pt\/wp-json\/wp\/v2\/media?parent=119527"}],"wp:term":[{"taxonomy":"category","embeddable":true,"href":"https:\/\/tvbrazilusa.com\/pt\/wp-json\/wp\/v2\/categories?post=119527"},{"taxonomy":"post_tag","embeddable":true,"href":"https:\/\/tvbrazilusa.com\/pt\/wp-json\/wp\/v2\/tags?post=119527"}],"curies":[{"name":"wp","href":"https:\/\/api.w.org\/{rel}","templated":true}]}}