{"id":11975,"date":"2024-07-29T23:56:03","date_gmt":"2024-07-29T23:56:03","guid":{"rendered":"https:\/\/tvbrazilusa.com\/2024\/07\/29\/alexandre-de-moraes-autoriza-investigacao-contra-prefeito-que-sugeriu-coloca-lo-na-guilhotina\/"},"modified":"2024-07-30T04:31:39","modified_gmt":"2024-07-30T04:31:39","slug":"alexandre-de-moraes-autoriza-investigacao-contra-prefeito-que-sugeriu-coloca-lo-na-guilhotina","status":"publish","type":"post","link":"https:\/\/tvbrazilusa.com\/pt\/2024\/07\/29\/alexandre-de-moraes-autoriza-investigacao-contra-prefeito-que-sugeriu-coloca-lo-na-guilhotina\/","title":{"rendered":"Alexandre de Moraes autoriza Investiga\u00e7\u00e3o contra prefeito que sugeriu coloc\u00e1-lo na guilhotina"},"content":{"rendered":"<p> <script async src=\"https:\/\/pagead2.googlesyndication.com\/pagead\/js\/adsbygoogle.js?client=ca-pub-8864793242727901\"\r\n     crossorigin=\"anonymous\"><\/script><br \/>\n<\/p>\n<div>\n<p>O ministro Alexandre de Moraes, do Supremo Tribunal Federal (STF), autorizou, nesta segunda-feira (29), a abertura de uma investiga\u00e7\u00e3o pela Pol\u00edcia Federal (PF) contra o prefeito de Farroupilha (RS), Fabiano Feltrin (PL). O inqu\u00e9rito ir\u00e1 apurar um poss\u00edvel crime de incita\u00e7\u00e3o ap\u00f3s Feltrin sugerir que Moraes fosse colocado na guilhotina. A declara\u00e7\u00e3o foi feita durante uma transmiss\u00e3o ao vivo nas redes sociais na \u00faltima quinta-feira (25).<\/p>\n<p>O coment\u00e1rio pol\u00eamico ocorreu durante uma visita do ex-presidente Jair Bolsonaro (PL) ao munic\u00edpio de Farroupilha. Durante a live, Feltrin afirmou: \u201cA homenagem a ele (Moraes) eu vou mostrar. \u00c9 s\u00f3 colocar ele aqui na guilhotina\u201d. Na sequ\u00eancia do v\u00eddeo, o prefeito encenou a decapita\u00e7\u00e3o do ministro, gesto que causou grande repercuss\u00e3o.<\/p>\n<h2 class=\"wp-block-heading\">Investiga\u00e7\u00e3o contra Prefeito Fabiano Feltrin<\/h2>\n<p>Ap\u00f3s o incidente, a Procuradoria-Geral da Rep\u00fablica (PGR) acionou o STF. A investiga\u00e7\u00e3o inicial estava sob sigilo, mas a decis\u00e3o de Moraes tornou o inqu\u00e9rito p\u00fablico. O ministro solicitou que a PF apresente um relat\u00f3rio detalhado em at\u00e9 dois meses, especificando todas as medidas adotadas durante o processo investigativo.<\/p>\n<h2 class=\"wp-block-heading\">Por que a Declara\u00e7\u00e3o Causou Pol\u00eamica?<\/h2>\n<p>A declara\u00e7\u00e3o de Feltrin gerou uma onda de indigna\u00e7\u00e3o nas redes sociais e entre autoridades. Sugerir a execu\u00e7\u00e3o de uma autoridade p\u00fablica configura uma poss\u00edvel incita\u00e7\u00e3o \u00e0 viol\u00eancia, algo que \u00e9 considerado crime segundo as leis brasileiras. A situa\u00e7\u00e3o \u00e9 ainda mais grave quando se trata de um ministro do Supremo Tribunal Federal, uma corte que desempenha um papel crucial na manuten\u00e7\u00e3o do estado de direito e da democracia no pa\u00eds.<\/p>\n<h2 class=\"wp-block-heading\">Rea\u00e7\u00e3o do STF e da PGR<\/h2>\n<p>A r\u00e1pida resposta da PGR e a decis\u00e3o de Moraes em autorizar a investiga\u00e7\u00e3o s\u00e3o indicativos da seriedade com que o caso est\u00e1 sendo tratado. Em sua decis\u00e3o, Moraes declarou: \u201cAcolho a manifesta\u00e7\u00e3o da Procuradoria-Geral da Rep\u00fablica e determino o encaminhamento dos autos \u00e0 Pol\u00edcia Federal, para ado\u00e7\u00e3o das provid\u00eancias cab\u00edveis, apresentando relat\u00f3rio a esta Suprema Corte, no prazo de 60 (sessenta) dias\u201d.<\/p>\n<h2 class=\"wp-block-heading\">O que Podemos Esperar da Investiga\u00e7\u00e3o?<\/h2>\n<p>Com a autoriza\u00e7\u00e3o para prosseguir com o inqu\u00e9rito, a Pol\u00edcia Federal dever\u00e1:<\/p>\n<ul class=\"wp-block-list\">\n<li>Coletar depoimentos de todas as partes envolvidas, incluindo testemunhas.<\/li>\n<li>Analisar as provas, como o v\u00eddeo da transmiss\u00e3o ao vivo e demais registros.<\/li>\n<li>Avaliar se houve, de fato, incita\u00e7\u00e3o ao crime por parte do prefeito Fabiano Feltrin.<\/li>\n<\/ul>\n<p>\u00a0<\/p>\n<p>A investiga\u00e7\u00e3o n\u00e3o s\u00f3 esclarecer\u00e1 os fatos, mas tamb\u00e9m determinar\u00e1 as consequ\u00eancias legais para Feltrin, caso seja comprovado algum crime. Se for considerado culpado, ele poder\u00e1 enfrentar penalidades que variam de multas a at\u00e9 penas privativas de liberdade.<\/p>\n<p>A situa\u00e7\u00e3o atual revela a import\u00e2ncia de se manter um discurso respons\u00e1vel, especialmente por figuras p\u00fablicas com grande influ\u00eancia. Aguardamos os pr\u00f3ximos passos da investiga\u00e7\u00e3o e as medidas que ser\u00e3o adotadas para garantir a justi\u00e7a e a ordem democr\u00e1tica no Brasil.<\/p>\n<\/p><\/div>\n<p><br \/>\n<br \/><a href=\"https:\/\/terrabrasilnoticias.com\/2024\/07\/alexandre-de-moraes-autoriza-investigacao-contra-prefeito-que-sugeriu-coloca-lo-na-guilhotina\/\">Source link <\/a><\/p>","protected":false},"excerpt":{"rendered":"<p>O ministro Alexandre de Moraes, do Supremo Tribunal Federal (STF), autorizou, nesta segunda-feira (29), a abertura de uma investiga\u00e7\u00e3o pela Pol\u00edcia Federal (PF) contra o prefeito de Farroupilha (RS), Fabiano&hellip;<\/p>","protected":false},"author":1,"featured_media":11976,"comment_status":"closed","ping_status":"open","sticky":false,"template":"","format":"standard","meta":{"content-type":"","footnotes":""},"categories":[16],"tags":[],"class_list":["post-11975","post","type-post","status-publish","format-standard","has-post-thumbnail","hentry","category-noticias"],"_links":{"self":[{"href":"https:\/\/tvbrazilusa.com\/pt\/wp-json\/wp\/v2\/posts\/11975","targetHints":{"allow":["GET"]}}],"collection":[{"href":"https:\/\/tvbrazilusa.com\/pt\/wp-json\/wp\/v2\/posts"}],"about":[{"href":"https:\/\/tvbrazilusa.com\/pt\/wp-json\/wp\/v2\/types\/post"}],"author":[{"embeddable":true,"href":"https:\/\/tvbrazilusa.com\/pt\/wp-json\/wp\/v2\/users\/1"}],"replies":[{"embeddable":true,"href":"https:\/\/tvbrazilusa.com\/pt\/wp-json\/wp\/v2\/comments?post=11975"}],"version-history":[{"count":1,"href":"https:\/\/tvbrazilusa.com\/pt\/wp-json\/wp\/v2\/posts\/11975\/revisions"}],"predecessor-version":[{"id":11977,"href":"https:\/\/tvbrazilusa.com\/pt\/wp-json\/wp\/v2\/posts\/11975\/revisions\/11977"}],"wp:featuredmedia":[{"embeddable":true,"href":"https:\/\/tvbrazilusa.com\/pt\/wp-json\/wp\/v2\/media\/11976"}],"wp:attachment":[{"href":"https:\/\/tvbrazilusa.com\/pt\/wp-json\/wp\/v2\/media?parent=11975"}],"wp:term":[{"taxonomy":"category","embeddable":true,"href":"https:\/\/tvbrazilusa.com\/pt\/wp-json\/wp\/v2\/categories?post=11975"},{"taxonomy":"post_tag","embeddable":true,"href":"https:\/\/tvbrazilusa.com\/pt\/wp-json\/wp\/v2\/tags?post=11975"}],"curies":[{"name":"wp","href":"https:\/\/api.w.org\/{rel}","templated":true}]}}