{"id":119763,"date":"2025-06-11T15:50:38","date_gmt":"2025-06-11T15:50:38","guid":{"rendered":"https:\/\/tvbrazilusa.com\/2025\/06\/11\/protesto-de-nenhum-reis-a-ser-realizado-no-sabado-do-outro-lado-da-fl-o-que-saber\/"},"modified":"2025-06-11T16:23:12","modified_gmt":"2025-06-11T16:23:12","slug":"protesto-de-nenhum-reis-a-ser-realizado-no-sabado-do-outro-lado-da-fl-o-que-saber","status":"publish","type":"post","link":"https:\/\/tvbrazilusa.com\/pt\/2025\/06\/11\/protesto-de-nenhum-reis-a-ser-realizado-no-sabado-do-outro-lado-da-fl-o-que-saber\/","title":{"rendered":"Protesto de &#8216;Nenhum reis&#8217; a ser realizado no s\u00e1bado do outro lado da FL: o que saber"},"content":{"rendered":"<p> <script async src=\"https:\/\/pagead2.googlesyndication.com\/pagead\/js\/adsbygoogle.js?client=ca-pub-8864793242727901\"\r\n     crossorigin=\"anonymous\"><\/script><br \/>\n<\/p>\n<div>\n<p>Os manifestantes na Fl\u00f3rida e em todo o pa\u00eds v\u00e3o \u00e0s ruas no s\u00e1bado em \u201cNo Kings\u201d, re\u00fanem em todo o pa\u00eds para coincidir com um desfile militar comemorativo do 250\u00ba anivers\u00e1rio do Ex\u00e9rcito dos EUA que cai no 79\u00ba anivers\u00e1rio de Donald Trump. 14 de junho tamb\u00e9m \u00e9 o dia da bandeira.<\/p>\n<\/div>\n<div>\n<p>&#8220;Nenhum reis \u00e9 um dia de desafio em todo o pa\u00eds&#8221;, segundo os organizadores. &#8220;De quarteir\u00f5es da cidade a pequenas cidades, de degraus do tribunal a parques comunit\u00e1rios, estamos tomando medidas para rejeitar o autoritarismo &#8211; e mostrar ao mundo como a democracia realmente se parece.&#8221;<\/p>\n<p>N\u00e3o os eventos de reis na regi\u00e3o de Tampa incluem:<\/p>\n<\/div>\n<div>\n<ul>\n<li>Sarasota, 17:30 \u00e0s 20:30, JD Hamel Park<\/li>\n<li>Sarasota, 9 \u00e0s 10:30, University Parkway no lado sul<\/li>\n<li>S\u00e3o Petersburgo, das 10h30 ao meio -dia, Tyrone e 66th Street Area<\/li>\n<li>Tampa, das 15h \u00e0s 18h, prefeitura de Tampa<\/li>\n<li>Palm Harbor, meio -dia \u00e0s 14:00, US Highway 19 North e Curlew Road<\/li>\n<li>Brooksville\/Spring Hill, 10h a meio -dia, o endere\u00e7o do evento \u00e9 privado at\u00e9 voc\u00ea se registrar com anteced\u00eancia<\/li>\n<li>Ellenton, 9 \u00e0s 10:30, perto da Biblioteca Rocky Bluff<\/li>\n<li>Largo, 9 da manh\u00e3 ao meio -dia, Largo Central Park<\/li>\n<li>Largo, 17 \u00e0s 18:00, canto noroeste do Seminole Boulevard, perto do PNC Bank<\/li>\n<li>Plant City, 11h \u00e0s 14h, prefeitura<\/li>\n<li>New Port Richey, 10h ao meio -dia, Estado 54 e Little Road<\/li>\n<li>Riverview, das 15h \u00e0s 17h, o endere\u00e7o do evento \u00e9 privado at\u00e9 que voc\u00ea se registre com o Avance, pode encontrar mais locais e hor\u00e1rios para protestos na Fl\u00f3rida no <a href=\"https:\/\/www.nokings.org\/#map\" rel=\"nofollow\" target=\"_blank\">Sem site de reis<\/a>.<\/li>\n<\/ul>\n<p>Os organizadores disseram que um princ\u00edpio central por tr\u00e1s de todos os eventos do No Kings \u00e9 um compromisso com a n\u00e3o -viol\u00eancia.<\/p>\n<p>&#8220;Esperamos que todos os participantes procurem des-escalar qualquer confronto em potencial com aqueles que discordam de nossos valores e agirem legalmente nesses eventos&#8221;, de acordo com o site. &#8220;Armas de qualquer tipo, incluindo as legalmente permitidas, n\u00e3o devem ser levadas aos eventos.&#8221;<\/p>\n<\/div>\n<div>\n<p>Mais de 100 grupos de defesa pr\u00f3-democracia <a href=\"https:\/\/www.nokings.org\/partners\" rel=\"nofollow\" target=\"_blank\">Apoio a No Reis<\/a>. N\u00e3o haver\u00e1 um evento no Kings em Washington, DC, onde estima -se que o desfile militar e as festividades custem entre US $ 25 milh\u00f5es e US $ 45 milh\u00f5es.<\/p>\n<p>Espera -se que at\u00e9 200.000 pessoas participem da celebra\u00e7\u00e3o, que apresenta o desfile, fogos de artif\u00edcio, jogadores da NFL, competi\u00e7\u00f5es de fitness e displays em todo o National Mall. <\/p>\n<\/div>\n<div>\n<p>O desfile em si incluir\u00e1 28 tanques de batalha principais de M1 Abrams pesando mais de 60 toneladas cada, 28 ve\u00edculos de combate de Bradley rastreados, 28 ve\u00edculos de combate de Stryker com rodas, quatro rastreados no M-109 Paladin autopropulsou Howitzers e outros artilheiros rebocados. O Ex\u00e9rcito disse que est\u00e1 planejando o trabalho de asfalto protetor e colocar\u00e1 um novo preenchimento de borracha nos trilhos de metal dos tanques para tentar minimizar os danos nas ruas.<\/p>\n<p>Mais de 6.700 soldados viajar\u00e3o de bases em todo o pa\u00eds para participar do desfile e do festival. Para cada um dos principais conflitos do pa\u00eds, come\u00e7ando com a guerra revolucion\u00e1ria. Para cada conflito, 60 soldados usar\u00e3o uniformes de per\u00edodo fornecidos por uma empresa de eventos que representam essa guerra e ser\u00e3o seguidos por 400 soldados de sua mesma base nos uniformes atuais. Bn<\/p>\n<\/div>\n<div>\n<p>No final do desfile, a equipe de p\u00e1ra -quedas dos Cavaleiros de Ouro do Ex\u00e9rcito saltar\u00e1 sobre a Casa Branca, aterrissando perto de Trump para apresentar -lhe uma bandeira dobrada, e 250 novos recrutas ou membros do servi\u00e7o de reinscri\u00e7\u00e3o ser\u00e3o jurados ao ex\u00e9rcito por Trump.<\/p>\n<p>Mais de 50 helic\u00f3pteros e aeronaves que representam guerras diferentes voar\u00e3o sobre a cidade &#8211; combinando com as unidades no ch\u00e3o enquanto passam pelo presidente.<\/p>\n<p>Os gastos se tornaram um ponto de inflama\u00e7\u00e3o desde que chega em um momento em que o governo Trump est\u00e1 cortando financiamento para pessoal e programas em todo o governo federal, incluindo o Departamento de Defesa.<\/p>\n<p>Em testemunho perante o Comit\u00ea de Servi\u00e7os Armados da C\u00e2mara na semana passada, os l\u00edderes do Ex\u00e9rcito defenderam os gastos para a celebra\u00e7\u00e3o de 250 anos do ramo de servi\u00e7o, dizendo que ele aumentar\u00e1 o recrutamento. Alguns membros do Congresso argumentaram que o dinheiro poderia ser melhor gasto no quartel das tropas ou em outras prioridades.<\/p>\n<p><em>A Associated Press contribuiu com relat\u00f3rios.<\/em><\/p>\n<\/div>\n<p><br \/>\n<br \/><a href=\"http:\/\/patch.com\/florida\/stpete\/no-kings-protest-be-held-saturday-across-fl-what-know?utm_source=article-mostrecent&#038;utm_medium=rss&#038;utm_term=politics%20%26%20government&#038;utm_campaign=recirc&#038;utm_content=aol\">Source link <\/a><\/p>","protected":false},"excerpt":{"rendered":"<p>Os manifestantes na Fl\u00f3rida e em todo o pa\u00eds v\u00e3o \u00e0s ruas no s\u00e1bado em \u201cNo Kings\u201d, re\u00fanem em todo o pa\u00eds para coincidir com um desfile militar comemorativo do&hellip;<\/p>","protected":false},"author":1,"featured_media":119764,"comment_status":"closed","ping_status":"open","sticky":false,"template":"","format":"standard","meta":{"content-type":"","footnotes":""},"categories":[1],"tags":[],"class_list":["post-119763","post","type-post","status-publish","format-standard","has-post-thumbnail","hentry","category-uncategorized"],"_links":{"self":[{"href":"https:\/\/tvbrazilusa.com\/pt\/wp-json\/wp\/v2\/posts\/119763","targetHints":{"allow":["GET"]}}],"collection":[{"href":"https:\/\/tvbrazilusa.com\/pt\/wp-json\/wp\/v2\/posts"}],"about":[{"href":"https:\/\/tvbrazilusa.com\/pt\/wp-json\/wp\/v2\/types\/post"}],"author":[{"embeddable":true,"href":"https:\/\/tvbrazilusa.com\/pt\/wp-json\/wp\/v2\/users\/1"}],"replies":[{"embeddable":true,"href":"https:\/\/tvbrazilusa.com\/pt\/wp-json\/wp\/v2\/comments?post=119763"}],"version-history":[{"count":1,"href":"https:\/\/tvbrazilusa.com\/pt\/wp-json\/wp\/v2\/posts\/119763\/revisions"}],"predecessor-version":[{"id":119765,"href":"https:\/\/tvbrazilusa.com\/pt\/wp-json\/wp\/v2\/posts\/119763\/revisions\/119765"}],"wp:featuredmedia":[{"embeddable":true,"href":"https:\/\/tvbrazilusa.com\/pt\/wp-json\/wp\/v2\/media\/119764"}],"wp:attachment":[{"href":"https:\/\/tvbrazilusa.com\/pt\/wp-json\/wp\/v2\/media?parent=119763"}],"wp:term":[{"taxonomy":"category","embeddable":true,"href":"https:\/\/tvbrazilusa.com\/pt\/wp-json\/wp\/v2\/categories?post=119763"},{"taxonomy":"post_tag","embeddable":true,"href":"https:\/\/tvbrazilusa.com\/pt\/wp-json\/wp\/v2\/tags?post=119763"}],"curies":[{"name":"wp","href":"https:\/\/api.w.org\/{rel}","templated":true}]}}