{"id":119766,"date":"2025-06-11T16:34:51","date_gmt":"2025-06-11T16:34:51","guid":{"rendered":"https:\/\/tvbrazilusa.com\/2025\/06\/11\/juneteenth-2025-eventos-e-cerimonias-em-connecticut\/"},"modified":"2025-06-11T16:39:01","modified_gmt":"2025-06-11T16:39:01","slug":"juneteenth-2025-eventos-e-cerimonias-em-connecticut","status":"publish","type":"post","link":"https:\/\/tvbrazilusa.com\/pt\/2025\/06\/11\/juneteenth-2025-eventos-e-cerimonias-em-connecticut\/","title":{"rendered":"Juneteenth 2025: Eventos e cerim\u00f4nias em Connecticut"},"content":{"rendered":"<script async src=\"https:\/\/pagead2.googlesyndication.com\/pagead\/js\/adsbygoogle.js?client=ca-pub-8864793242727901\"\r\n     crossorigin=\"anonymous\"><\/script>\n<p>Connecticut (WTNH) &#8211; Juneteenth, tamb\u00e9m conhecido como Dia da Liberdade ou Dia de Emancipa\u00e7\u00e3o, est\u00e1 sendo comemorado em todo o pa\u00eds que antecedeu o feriado na quinta -feira, 19 de junho. <\/p>\n<p>O feriado marca o in\u00edcio do fim da escravid\u00e3o nos Estados Unidos, especificamente em 19 de junho de 1865, quando as pessoas escravizadas em Galveston, Texas, foram informadas de sua liberdade.<\/p>\n<div class=\"nlp-ignore-block article-content rich-text\">\n<aside class=\"promo-link\">\n\t<a href=\"https:\/\/www.wtnh.com\/news\/ap-us-news\/ap-juneteenth-started-with-handbills-proclaiming-freedom-heres-what-they-said\/?ipid=promo-link-block1\" class=\"promo-link__link\" target=\"\"_blank\"\"><\/p>\n<p>\t\tJuneteenth come\u00e7ou com os folhetos proclamando a liberdade. Aqui est\u00e1 o que eles disseram\t<\/a><br \/>\n<\/aside>\n<\/div>\n<p>Os americanos negros comemoraram o Juneteenth desde o s\u00e9culo XIX, no entanto, foi oficialmente reconhecido como um feriado federal nos \u00faltimos anos. <\/p>\n<p>Cerca de 28 estados, incluindo Connecticut, o tornaram um feriado pago ou legal permanente com legisla\u00e7\u00e3o ou a\u00e7\u00e3o executiva, de acordo com o Servi\u00e7o de Pesquisa do Congresso.<\/p>\n<p>Aqui est\u00e3o alguns eventos e comemora\u00e7\u00f5es que est\u00e3o sendo realizadas em todo o estado:<\/p>\n<p><strong>Bloomfield<\/strong><\/p>\n<ul>\n<li><a href=\"https:\/\/bluehillsfire.org\/2025-juneteenth-celebration\/\" target=\"_blank\" rel=\"noreferrer noopener\"><strong>Juneteenth Run\/Walk 5K Race &#038; Parade<\/strong><br \/><\/a>Data: S\u00e1bado, 21 de junho | 8h e 9h<br \/>Localiza\u00e7\u00e3o: Departamento de Bombeiros de Blue Hills, 1021 Blue Hills Ave.<\/li>\n<li><strong><a href=\"https:\/\/bluehillsfire.org\/2025-juneteenth-celebration\/\" target=\"_blank\" rel=\"noreferrer noopener\">Juneteenth Community Food, Craft &#038; Fun Festival<br \/><\/a><\/strong>Data: Domingo, 22 de junho | 13h<br \/>Localiza\u00e7\u00e3o: Departamento de Bombeiros de Blue Hills, 1021 Blue Hills Ave.<\/li>\n<\/ul>\n<p><strong>Branford<\/strong><\/p>\n<ul>\n<li><strong><a href=\"https:\/\/hartfordjazzsociety.com\/event\/afro-semitic-experience\/\" target=\"_blank\" rel=\"noreferrer noopener\">Experi\u00eancia afro-semita Juneteenth Concert<\/a><\/strong><br \/><strong>Data:<\/strong> Segunda -feira, 16 de junho | 18h \u00e0s 20h<br \/><strong>Localiza\u00e7\u00e3o:<\/strong> Biblioteca Blackstone, 758 Main St.<\/li>\n<\/ul>\n<p><strong>East Hartford<\/strong><\/p>\n<ul>\n<li><strong><a href=\"https:\/\/www.easthartfordct.gov\/Juneteenth2025\" target=\"_blank\" rel=\"noreferrer noopener\">Juneteenth Celebration<br \/><\/a>Data:<\/strong> S\u00e1bado, 14 de junho | 11h \u00e0s 16h<br \/><strong>Localiza\u00e7\u00e3o: <\/strong>East Hartford Town Green, 1047 Main St.<\/li>\n<\/ul>\n<p><strong>Enfield<\/strong><\/p>\n<ul>\n<li><a href=\"https:\/\/www.facebook.com\/events\/422449377415772\/?acontext=%7B%22event_action_history%22%3A[%7B%22mechanism%22%3A%22search_results%22%2C%22surface%22%3A%22bookmark_search%22%7D]%2C%22ref_notif_type%22%3Anull%7D\" target=\"_blank\" rel=\"noreferrer noopener\"><strong>Sinos para Juneteenth<\/strong><br \/><\/a><strong>Data: <\/strong>Quinta -feira, 19 de junho | Meio-dia<br \/><strong>Localiza\u00e7\u00e3o:<\/strong> Igreja de Cristo Enfield United, 1295 Enfield St.<\/li>\n<\/ul>\n<p><strong>Hamden<\/strong><\/p>\n<ul>\n<li><strong><a href=\"https:\/\/hamdenlibrary.org\/afrofacts-trivia-night-jun-18th\/\" target=\"_blank\" rel=\"noreferrer noopener\">Afrofacts Night Curtia<\/a><\/strong><br \/><strong>Data:<\/strong> Quarta -feira, 18 de junho | 18h \u00e0s 20h<br \/><strong>Localiza\u00e7\u00e3o:<\/strong> Miller Memorial Library, 2901 Dixwell Ave.<\/li>\n<li><strong><a href=\"https:\/\/hamdenlibrary.org\/2025\/05\/\" target=\"_blank\" rel=\"noreferrer noopener\">Leitura \u00e9 Liberdade de leitura<\/a><\/strong><br \/><strong>Data:<\/strong> S\u00e1bado, 21 de junho | 10h \u00e0s 16h30<br \/><strong>Localiza\u00e7\u00e3o:<\/strong> Miller Memorial Library<\/li>\n<li><strong><a href=\"https:\/\/belong.yale.edu\/be-involved\/engage\/june-focus-juneteenth\" target=\"_blank\" rel=\"noreferrer noopener\">Faith-Full Juneteenth Festival<\/a><\/strong><br \/><strong>Data:<\/strong> S\u00e1bado, 22 de junho | 15h<br \/><strong>Localiza\u00e7\u00e3o:<\/strong> Villano Park<\/li>\n<\/ul>\n<p><strong>Hartford <\/strong><\/p>\n<ul>\n<li><a href=\"https:\/\/www.facebook.com\/Hartford311\/photos\/join-us-for-the-hartford-african-american-parade-juneteenth-celebration-2025-sat\/1161044079398947\/?_rdr\" target=\"_blank\" rel=\"noreferrer noopener\"><strong>Parade Afro -Americana de Hartford e Juneteenth Celebration<\/strong><\/a><br \/><strong>Data:<\/strong> S\u00e1bado, 14 de junho | 10h \u00e0s 15h<br \/><strong>Localiza\u00e7\u00e3o: <\/strong>Keney Park, 337 Vine St.<\/li>\n<li><strong><a href=\"https:\/\/www.facebook.com\/events\/2126103231136340\/?acontext=%7B%22event_action_history%22%3A[%7B%22mechanism%22%3A%22search_results%22%2C%22surface%22%3A%22bookmark_search%22%7D]%2C%22ref_notif_type%22%3Anull%7D\" target=\"_blank\" rel=\"noreferrer noopener\">A verdadeira celebra\u00e7\u00e3o do Juneteenth: a ess\u00eancia da excel\u00eancia negra<br \/><\/a>Data:<\/strong> Quinta -feira, 19 de junho | 9:00 &#8211; 12:00<br \/><strong>Localiza\u00e7\u00e3o: <\/strong>The Artists Collective, 1200 Albany Ave.<\/li>\n<\/ul>\n<p><strong>Meriden<\/strong><\/p>\n<ul>\n<li><strong><a href=\"https:\/\/www.meridenlibrary.org\/event\/juneteenth-book-cover-bingo-23567\" target=\"_blank\" rel=\"noreferrer noopener\">Juneteenth Book Capa Bingo (crian\u00e7as)<\/a><\/strong><br \/><strong>Data:<\/strong> Quarta -feira, 18 de junho | 14:00<br \/><strong>Localiza\u00e7\u00e3o:<\/strong> Meriden Public Library, 105 Miller St.<\/li>\n<li><strong><a href=\"https:\/\/www.meridenlibrary.org\/event\/juneteenth-trivia-23395\" target=\"_blank\" rel=\"noreferrer noopener\">Juneteenth Curiosidades (adolescentes)<\/a><\/strong><br \/><strong>Data:<\/strong> Quarta -feira, 18 de junho | 14:00<br \/><strong>Localiza\u00e7\u00e3o:<\/strong> Meriden Public Library (quarto adolescente)<\/li>\n<li><strong><a href=\"https:\/\/www.meridenlibrary.org\/\" target=\"_blank\" rel=\"noreferrer noopener\">Juneteenth History Talk: \u201cO primeiro feriado nacional do s\u00e9culo 21\u201d<\/a><\/strong><br \/><strong>Data:<\/strong> Quarta -feira, 18 de junho | 18h \u00e0s 19h<br \/><strong>Localiza\u00e7\u00e3o:<\/strong> Meriden Public Library<\/li>\n<\/ul>\n<p><strong>Middletown<\/strong><\/p>\n<ul>\n<li><strong><a href=\"https:\/\/www.facebook.com\/pages\/Harbor-Park-Middletown-CT\/112912198853025\" target=\"_blank\" rel=\"noreferrer noopener\">3\u00ba Festival Anual do Dia da Parada e Liberta\u00e7\u00e3o<\/a><\/strong><br \/><strong>Data: <\/strong>Quinta -feira, 19 de junho | 22:30 &#8211; 18:00<br \/><strong>Localiza\u00e7\u00e3o: <\/strong>Harbor Park, 80 Harbor Dr.<\/li>\n<\/ul>\n<p><strong>Milford<\/strong><\/p>\n<ul>\n<li><a href=\"https:\/\/allinformilford.org\/website\/publish\/juneteenth\/juneteenthDetail.php?Juneteenth-Flag-Raising-with-Mayor-Anthony-Giannattasio-101\" target=\"_blank\" rel=\"noreferrer noopener\"><strong>Cerim\u00f4nia de levantamento de bandeira de Junete<\/strong><br \/><\/a><strong>Data:<\/strong> Sexta -feira, 13 de junho | 12:00<br \/><strong>Localiza\u00e7\u00e3o:<\/strong> Milford City Hall, 110 River St.<\/li>\n<li><strong><a href=\"https:\/\/irisct.org\/event\/celebrate-juneteenth\/\">6\u00ba <\/a><a href=\"https:\/\/irisct.org\/event\/celebrate-juneteenth\/\" target=\"_blank\" rel=\"noreferrer noopener\">Celebra\u00e7\u00e3o anual de Milford Juneteenth<\/a><\/strong><br \/><strong>Data:<\/strong> S\u00e1bado, 14 de junho | 11h \u00e0s 17h<br \/><strong>Localiza\u00e7\u00e3o:<\/strong> Milford Green<\/li>\n<\/ul>\n<p><strong>Mystic\/Stonington <\/strong><\/p>\n<ul>\n<li><a href=\"https:\/\/alexbreanne.org\/events\/mystic-juneteenth-2025#:~:text=Mystic%20Seaport%20Lecture:%20Connecticut%20&#038;%20Juneteenth%20*,19%2C%202025.%20*%203:00%20PM%204:30%20PM.\" target=\"_blank\" rel=\"noreferrer noopener\"><strong>Palestra Mystic Seaport: Connecticut e Juneteenth<\/strong><br \/><\/a><strong>Data: <\/strong>Quinta -feira, 19 de junho | 15-4: 30 pm<br \/><strong>Localiza\u00e7\u00e3o: <\/strong>Museu Mystic Seaport, 75 Greenmanville Ave.<\/li>\n<\/ul>\n<p><strong>Nova Gr\u00e3 -Bretanha<\/strong><\/p>\n<ul>\n<li><strong><a href=\"http:\/\/uwc.211ct.org\/event\/new-britains-juneteenth-celebration-6-19-2025\/#:~:text=Events%20for%20June%202025%20%E2%80%93%20United,be%20placed%20throughout%20the%20park.\" target=\"_blank\" rel=\"noreferrer noopener\">Juneteenth Celebration<br \/><\/a>Data: <\/strong>Quinta -feira, 19 de junho | 17:00 \u00e0s 20:30<br \/><strong>Localiza\u00e7\u00e3o: <\/strong>Central Park, 230 Main St.<\/li>\n<\/ul>\n<p><strong>New Haven<\/strong><\/p>\n<ul>\n<li><strong><a href=\"https:\/\/events.infonewhaven.com\/events\/juneteenth-jamboree?utm_source=chatgpt.com\" target=\"_blank\" rel=\"noreferrer noopener\">Juneteenth Celebration on the Green<\/a><\/strong><br \/><strong>Data:<\/strong> Sexta -feira, 14 de junho | 19:00 20:30<br \/><strong>Localiza\u00e7\u00e3o:<\/strong> New Haven Green<\/li>\n<li><strong><a href=\"https:\/\/www.facebook.com\/events\/958597596347666?utm_source=chatgpt.com\" target=\"_blank\" rel=\"noreferrer noopener\">Juneteenth Restaurant Week<\/a><\/strong><br \/><strong>Datas:<\/strong> 15 a 22 de junho<br \/><strong>Localiza\u00e7\u00e3o:<\/strong> Restaurantes participantes<\/li>\n<li><strong><a href=\"https:\/\/www.artidea.org\/event\/2025\/5627\" target=\"_blank\" rel=\"noreferrer noopener\">7\u00aa confer\u00eancia anual de hip-hop de New Haven<\/a><\/strong><br \/><strong>Data:<\/strong> Quinta -feira, 19 de junho | 10h \u00e0s 18h<br \/><strong>Localiza\u00e7\u00e3o:<\/strong> Escola de M\u00fasica do Bairro, 100 Audubon St.<\/li>\n<li><strong><a href=\"https:\/\/www.artidea.org\/event\/2025\/5628\" target=\"_blank\" rel=\"noreferrer noopener\">Juneteenth Jamboree Mainstage Concert<\/a><\/strong><br \/><strong>Data:<\/strong> Sexta -feira, 20 de junho | 19:00: 30 pm<br \/><strong>Localiza\u00e7\u00e3o:<\/strong> New Haven Green (inferior)<\/li>\n<li><strong><a href=\"https:\/\/www.artidea.org\/event\/2025\/5629\" target=\"_blank\" rel=\"noreferrer noopener\">Juneteenth Village &#038; Marketplace<\/a><\/strong><br \/><strong>Data:<\/strong> S\u00e1bado, 21 de junho | 12h \u00e0s 17h<br \/><strong>Localiza\u00e7\u00e3o:<\/strong> New Haven Green (superior)<\/li>\n<li><strong><a href=\"https:\/\/www.facebook.com\/events\/1235046804633511\/?acontext=%7B%22event_action_history%22%3A[%7B%22mechanism%22%3A%22search_results%22%2C%22surface%22%3A%22bookmark_search%22%7D]%2C%22ref_notif_type%22%3Anull%7D\" target=\"_blank\" rel=\"noreferrer noopener\">Juneteenth Community Festival<br \/><\/a>Data:<\/strong> S\u00e1bado, 21 de junho | 12h \u00e0s 18h<br \/><strong>Localiza\u00e7\u00e3o:<\/strong> Distrito Hist\u00f3rico de Edgewood Park<\/li>\n<li><strong><a href=\"https:\/\/www.facebook.com\/events\/603932026029947\/?active_tab=discussion\" target=\"_blank\" rel=\"noreferrer noopener\">Os descendentes da celebra\u00e7\u00e3o do 10\u00ba anivers\u00e1rio do CT 29\u00ba Regimento<br \/><\/a>Data: <\/strong>S\u00e1bado, 21 de junho | 12h \u00e0s 17h<br \/><strong>Localiza\u00e7\u00e3o: <\/strong>Dixwell \u201cQ\u201d House, 54 Dixwell Ave. <\/li>\n<li><strong><a href=\"https:\/\/www.artidea.org\/event\/2025\/5641\" target=\"_blank\" rel=\"noreferrer noopener\">Juneteenth Jamboree Finale Concert<\/a><\/strong><br \/><strong>Data:<\/strong> Domingo, 22 de junho | 18:30 &#8211; 21:30<br \/><strong>Localiza\u00e7\u00e3o:<\/strong> New Haven Green (inferior)<\/li>\n<\/ul>\n<p><strong>Nova Londres<\/strong><\/p>\n<ul>\n<li><strong><a href=\"https:\/\/ctlandmarks.org\/event\/juneteenth\/\" target=\"_blank\" rel=\"noreferrer noopener\">Juneteenth Festival\/Community Celebration<br \/><\/a>Data:<\/strong> S\u00e1bado, 14 de junho | 11h \u00e0s 16h<br \/><strong>Localiza\u00e7\u00e3o:<\/strong> Casas Hempsted, 11 Hempstead St.<\/li>\n<li><strong><a href=\"https:\/\/www.facebook.com\/events\/741733721542565\/?acontext=%7B%22event_action_history%22%3A[%7B%22mechanism%22%3A%22search_results%22%2C%22surface%22%3A%22bookmark_search%22%7D]%2C%22ref_notif_type%22%3Anull%7D\" target=\"_blank\" rel=\"noreferrer noopener\">Triagem de f\u00e9 e liberdade<br \/><\/a>Data:<\/strong> Quarta -feira, 18 de junho | 16:30<br \/><strong>Localiza\u00e7\u00e3o: <\/strong>New London Public Library, 63 Huntington St.<\/li>\n<\/ul>\n<p><strong>North Haven<\/strong><\/p>\n<ul>\n<li><a href=\"https:\/\/www.eventbrite.com\/e\/wine-down-for-juneteenth-tickets-1337788835419\" target=\"_blank\" rel=\"noreferrer noopener\"><strong>Vinho para baixo para Juneteenth<\/strong><br \/><\/a><strong>Data:<\/strong> Quinta -feira, 19 de junho | 18h \u00e0s 21h<br \/><strong>Localiza\u00e7\u00e3o:<\/strong> Valor Wines, 118 Quinnipiac Ave.<\/li>\n<\/ul>\n<p><strong>Portland<\/strong><\/p>\n<ul>\n<li><strong><a href=\"https:\/\/www.facebook.com\/events\/954704216603109\/?acontext=%7B%22event_action_history%22%3A[%7B%22mechanism%22%3A%22search_results%22%2C%22surface%22%3A%22bookmark_search%22%7D]%2C%22ref_notif_type%22%3Anull%7D\" target=\"_blank\" rel=\"noreferrer noopener\">Juneteenth Celebration<\/a><\/strong><br \/><strong>Data:<\/strong> S\u00e1bado, 14 de junho | 12h \u00e0s 17h<br \/><strong>Localiza\u00e7\u00e3o:<\/strong> Portland Middle School<\/li>\n<\/ul>\n<p><strong>Simsbury <\/strong><\/p>\n<ul>\n<li><a href=\"https:\/\/www.avonct.gov\/home\/news\/farmington-valley-2025-juneteenth-celebration-saturday-june-14th-1-5-pm#:~:text=Home-,Farmington%20Valley%202025%20Juneteenth%20Celebration%2C%20Saturday%2C%20June%2014th%2C%201,10%2C%202025%20%2D%209:23am\" target=\"_blank\" rel=\"noreferrer noopener\"><strong>Vale da Farmington<\/strong> <strong>Juneteenth Celebration<br \/><\/strong><\/a><strong>Data: <\/strong>S\u00e1bado, 14 de junho | 13h<br \/><strong>Localiza\u00e7\u00e3o: <\/strong>Simsbury Meadows Performing Arts Center, 22 Iron Horse Blvd.<\/li>\n<\/ul>\n<p><strong>Waterbury<\/strong><\/p>\n<ul>\n<li><strong><a href=\"https:\/\/www.thomastonct.org\/events\/waterbury-black-giving-circle-juneteenth-2025-celebration#:~:text=Check%20out%20this%20event:%20%22Waterbury,up%20on%20Jun%2013%2C%202025!&#038;text=The%20Waterbury%20Black%20Giving%20Circle,the%20CT%20State%20College...&#038;text=Community%20&#038;%20Family-,The%20Waterbury%20Black%20Giving%20Circle%20at%20Connecticut%20Community%20Foundation%20is,RSVP%20to%20save%20your%20spot!\" target=\"_blank\" rel=\"noreferrer noopener\">Waterbury Black Giving Circle<br \/><\/a>Data:<\/strong> Sexta -feira, 13 de junho | 17:30 &#8211; 20:30 <br \/><strong>Localiza\u00e7\u00e3o:<\/strong> Faculdade Comunit\u00e1ria Estadual de Connecticut &#8211; Naugatuck Valley, 750 Chase Parkway<\/li>\n<\/ul>\n<p><strong>West Hartford<\/strong><\/p>\n<ul>\n<li><strong><a href=\"https:\/\/www.facebook.com\/WHJuneteenthCelebration\/\" target=\"_blank\" rel=\"noreferrer noopener\">Celebra\u00e7\u00e3o do Juneteenth da Comunidade de West Hartford<br \/><\/a>Data: <\/strong>S\u00e1bado, 14 de junho | 11h \u00e0s 12h<br \/><strong>Localiza\u00e7\u00e3o: <\/strong>C\u00e2mara Municipal de West Hartford, 50 s Main St.<\/li>\n<\/ul>\n<p>Esta lista foi em parte cumprida gra\u00e7as \u00e0s informa\u00e7\u00f5es de <a href=\"https:\/\/visitnewhaven.com\/events\/juneteenth-events\/\" target=\"_blank\" rel=\"noreferrer noopener\">Visite New Haven<\/a>. Visita <a href=\"https:\/\/visitnewhaven.com\/events\/juneteenth-events\/\" target=\"_blank\" rel=\"noreferrer noopener\">o site deles<\/a> Para mais informa\u00e7\u00f5es! <\/p>\n<p>Se um evento ou cerim\u00f4nia estiver faltando na lista, email <a href=\"mailto:bailey.wright@wtnh.com\" target=\"_blank\" rel=\"noreferrer noopener\">Bailey.wright@wtnh.com<\/a> para ter adicionado. Inclua um local, data, hora e um link para o evento.<\/p>\n<p><br \/>\n<br \/><a href=\"https:\/\/www.wtnh.com\/news\/connecticut\/juneteenth-2025-events-and-ceremonies-across-connecticut-parades-festivals-where\/\">Source link <\/a><\/p>","protected":false},"excerpt":{"rendered":"<p>Connecticut (WTNH) &#8211; Juneteenth, tamb\u00e9m conhecido como Dia da Liberdade ou Dia de Emancipa\u00e7\u00e3o, est\u00e1 sendo comemorado em todo o pa\u00eds que antecedeu o feriado na quinta -feira, 19 de&hellip;<\/p>","protected":false},"author":1,"featured_media":119767,"comment_status":"closed","ping_status":"open","sticky":false,"template":"","format":"standard","meta":{"content-type":"","footnotes":""},"categories":[1],"tags":[],"class_list":["post-119766","post","type-post","status-publish","format-standard","has-post-thumbnail","hentry","category-uncategorized"],"_links":{"self":[{"href":"https:\/\/tvbrazilusa.com\/pt\/wp-json\/wp\/v2\/posts\/119766","targetHints":{"allow":["GET"]}}],"collection":[{"href":"https:\/\/tvbrazilusa.com\/pt\/wp-json\/wp\/v2\/posts"}],"about":[{"href":"https:\/\/tvbrazilusa.com\/pt\/wp-json\/wp\/v2\/types\/post"}],"author":[{"embeddable":true,"href":"https:\/\/tvbrazilusa.com\/pt\/wp-json\/wp\/v2\/users\/1"}],"replies":[{"embeddable":true,"href":"https:\/\/tvbrazilusa.com\/pt\/wp-json\/wp\/v2\/comments?post=119766"}],"version-history":[{"count":1,"href":"https:\/\/tvbrazilusa.com\/pt\/wp-json\/wp\/v2\/posts\/119766\/revisions"}],"predecessor-version":[{"id":119768,"href":"https:\/\/tvbrazilusa.com\/pt\/wp-json\/wp\/v2\/posts\/119766\/revisions\/119768"}],"wp:featuredmedia":[{"embeddable":true,"href":"https:\/\/tvbrazilusa.com\/pt\/wp-json\/wp\/v2\/media\/119767"}],"wp:attachment":[{"href":"https:\/\/tvbrazilusa.com\/pt\/wp-json\/wp\/v2\/media?parent=119766"}],"wp:term":[{"taxonomy":"category","embeddable":true,"href":"https:\/\/tvbrazilusa.com\/pt\/wp-json\/wp\/v2\/categories?post=119766"},{"taxonomy":"post_tag","embeddable":true,"href":"https:\/\/tvbrazilusa.com\/pt\/wp-json\/wp\/v2\/tags?post=119766"}],"curies":[{"name":"wp","href":"https:\/\/api.w.org\/{rel}","templated":true}]}}