{"id":119842,"date":"2025-06-12T15:23:34","date_gmt":"2025-06-12T15:23:34","guid":{"rendered":"https:\/\/tvbrazilusa.com\/2025\/06\/12\/compartilhe-fotos-do-seu-dia-do-pai-com-noticias-8\/"},"modified":"2025-06-12T15:50:49","modified_gmt":"2025-06-12T15:50:49","slug":"compartilhe-fotos-do-seu-dia-do-pai-com-noticias-8","status":"publish","type":"post","link":"https:\/\/tvbrazilusa.com\/pt\/2025\/06\/12\/compartilhe-fotos-do-seu-dia-do-pai-com-noticias-8\/","title":{"rendered":"Compartilhe fotos do seu dia do pai com not\u00edcias 8"},"content":{"rendered":"<script async src=\"https:\/\/pagead2.googlesyndication.com\/pagead\/js\/adsbygoogle.js?client=ca-pub-8864793242727901\"\r\n     crossorigin=\"anonymous\"><\/script>\n<p>NEW HAVEN, Connecticut (WTNH) &#8211; Com o Dia dos Pais chegando em 15 de junho, o News 8 quer comemorar e honrar os pais e figuras de pai em Connecticut. <\/p>\n<p><a href=\"https:\/\/www.wtnh.com\/report-it\/\" data-type=\"link\" data-id=\"https:\/\/www.wtnh.com\/report-it\/\" target=\"_blank\" rel=\"noreferrer noopener\">Clique aqui<\/a> Para fazer upload de uma foto que voc\u00ea tirou com seu pai ou figura de pai em nossa galeria abaixo. N\u00e3o se esque\u00e7a de incluir seu nome, o nome dele e de onde voc\u00ea \u00e9!<\/p>\n<p>Suas fotos podem ser apresentadas no ar e nossas p\u00e1ginas de m\u00eddia social.<\/p>\n<div class=\"ns-block-custom-html\">\n<\/div>\n<p><br \/>\n<br \/><a href=\"https:\/\/www.wtnh.com\/news\/connecticut\/share-your-fathers-day-photos-with-news-8\/\">Source link <\/a><\/p>","protected":false},"excerpt":{"rendered":"<p>NEW HAVEN, Connecticut (WTNH) &#8211; Com o Dia dos Pais chegando em 15 de junho, o News 8 quer comemorar e honrar os pais e figuras de pai em Connecticut.&hellip;<\/p>","protected":false},"author":1,"featured_media":119843,"comment_status":"closed","ping_status":"open","sticky":false,"template":"","format":"standard","meta":{"content-type":"","footnotes":""},"categories":[1],"tags":[],"class_list":["post-119842","post","type-post","status-publish","format-standard","has-post-thumbnail","hentry","category-uncategorized"],"_links":{"self":[{"href":"https:\/\/tvbrazilusa.com\/pt\/wp-json\/wp\/v2\/posts\/119842","targetHints":{"allow":["GET"]}}],"collection":[{"href":"https:\/\/tvbrazilusa.com\/pt\/wp-json\/wp\/v2\/posts"}],"about":[{"href":"https:\/\/tvbrazilusa.com\/pt\/wp-json\/wp\/v2\/types\/post"}],"author":[{"embeddable":true,"href":"https:\/\/tvbrazilusa.com\/pt\/wp-json\/wp\/v2\/users\/1"}],"replies":[{"embeddable":true,"href":"https:\/\/tvbrazilusa.com\/pt\/wp-json\/wp\/v2\/comments?post=119842"}],"version-history":[{"count":1,"href":"https:\/\/tvbrazilusa.com\/pt\/wp-json\/wp\/v2\/posts\/119842\/revisions"}],"predecessor-version":[{"id":119844,"href":"https:\/\/tvbrazilusa.com\/pt\/wp-json\/wp\/v2\/posts\/119842\/revisions\/119844"}],"wp:featuredmedia":[{"embeddable":true,"href":"https:\/\/tvbrazilusa.com\/pt\/wp-json\/wp\/v2\/media\/119843"}],"wp:attachment":[{"href":"https:\/\/tvbrazilusa.com\/pt\/wp-json\/wp\/v2\/media?parent=119842"}],"wp:term":[{"taxonomy":"category","embeddable":true,"href":"https:\/\/tvbrazilusa.com\/pt\/wp-json\/wp\/v2\/categories?post=119842"},{"taxonomy":"post_tag","embeddable":true,"href":"https:\/\/tvbrazilusa.com\/pt\/wp-json\/wp\/v2\/tags?post=119842"}],"curies":[{"name":"wp","href":"https:\/\/api.w.org\/{rel}","templated":true}]}}